{"id":30834,"date":"2021-02-03T11:31:39","date_gmt":"2021-02-03T15:31:39","guid":{"rendered":"http:\/\/blogdalucianaoliveira.com.br\/blog\/?p=30834"},"modified":"2021-02-03T11:31:44","modified_gmt":"2021-02-03T15:31:44","slug":"nota-do-bloco-pirarucu-do-madeira","status":"publish","type":"post","link":"http:\/\/blogdalucianaoliveira.com.br\/blog\/2021\/02\/03\/nota-do-bloco-pirarucu-do-madeira\/","title":{"rendered":"NOTA DO BLOCO PIRARUCU DO MADEIRA"},"content":{"rendered":"\n<figure class=\"wp-block-image size-large\"><img data-recalc-dims=\"1\" loading=\"lazy\" decoding=\"async\" width=\"600\" height=\"338\" data-attachment-id=\"30835\" data-permalink=\"http:\/\/blogdalucianaoliveira.com.br\/blog\/2021\/02\/03\/nota-do-bloco-pirarucu-do-madeira\/91fad8ae-77be-4226-9713-c7429643bad6\/\" data-orig-file=\"https:\/\/i0.wp.com\/blogdalucianaoliveira.com.br\/blog\/wp-content\/uploads\/2021\/02\/91FAD8AE-77BE-4226-9713-C7429643BAD6.jpeg?fit=960%2C540\" data-orig-size=\"960,540\" data-comments-opened=\"0\" data-image-meta=\"{&quot;aperture&quot;:&quot;0&quot;,&quot;credit&quot;:&quot;&quot;,&quot;camera&quot;:&quot;&quot;,&quot;caption&quot;:&quot;&quot;,&quot;created_timestamp&quot;:&quot;0&quot;,&quot;copyright&quot;:&quot;&quot;,&quot;focal_length&quot;:&quot;0&quot;,&quot;iso&quot;:&quot;0&quot;,&quot;shutter_speed&quot;:&quot;0&quot;,&quot;title&quot;:&quot;&quot;,&quot;orientation&quot;:&quot;1&quot;}\" data-image-title=\"91FAD8AE-77BE-4226-9713-C7429643BAD6\" data-image-description=\"\" data-image-caption=\"\" data-medium-file=\"https:\/\/i0.wp.com\/blogdalucianaoliveira.com.br\/blog\/wp-content\/uploads\/2021\/02\/91FAD8AE-77BE-4226-9713-C7429643BAD6.jpeg?fit=300%2C169\" data-large-file=\"https:\/\/i0.wp.com\/blogdalucianaoliveira.com.br\/blog\/wp-content\/uploads\/2021\/02\/91FAD8AE-77BE-4226-9713-C7429643BAD6.jpeg?fit=600%2C338\" src=\"https:\/\/i0.wp.com\/blogdalucianaoliveira.com.br\/blog\/wp-content\/uploads\/2021\/02\/91FAD8AE-77BE-4226-9713-C7429643BAD6.jpeg?resize=600%2C338\" alt=\"\" class=\"wp-image-30835\" srcset=\"https:\/\/i0.wp.com\/blogdalucianaoliveira.com.br\/blog\/wp-content\/uploads\/2021\/02\/91FAD8AE-77BE-4226-9713-C7429643BAD6.jpeg?w=960 960w, https:\/\/i0.wp.com\/blogdalucianaoliveira.com.br\/blog\/wp-content\/uploads\/2021\/02\/91FAD8AE-77BE-4226-9713-C7429643BAD6.jpeg?resize=300%2C169 300w, https:\/\/i0.wp.com\/blogdalucianaoliveira.com.br\/blog\/wp-content\/uploads\/2021\/02\/91FAD8AE-77BE-4226-9713-C7429643BAD6.jpeg?resize=768%2C432 768w, https:\/\/i0.wp.com\/blogdalucianaoliveira.com.br\/blog\/wp-content\/uploads\/2021\/02\/91FAD8AE-77BE-4226-9713-C7429643BAD6.jpeg?resize=533%2C300 533w\" sizes=\"auto, (max-width: 600px) 100vw, 600px\" \/><\/figure>\n\n\n\n<p>Todos os anos o Bloco mais democr\u00e1tico do carnaval da capital aglomera foli\u00f5es com alegria e seguranca.<\/p>\n\n\n\n<p>Desde 1993 mantemos a proposta de festa de rua sem cordas e abad\u00e1s e nos \u00faltimos anos, a orquestra de frevo passou a tocar no meio dos foli\u00f5es. <\/p>\n\n\n\n<p>Na tardinha do domingo que antecede o per\u00edodo momesco, o desfile do Pirarucu do Madeira colore as ruas com fantasias e bonecos gigantes. <\/p>\n\n\n\n<p>A tradi\u00e7\u00e3o carnavalesca sempre foi tamb\u00e9m uma vitrine para conscientizar os foli\u00f5es sobre v\u00e1rias quest\u00f5es sociais e de preven\u00e7\u00e3o \u00e0 sa\u00fade. <\/p>\n\n\n\n<p>O bloco que nada vende, sempre pediu ao foli\u00e3o: cuide de si e dos outros. <\/p>\n\n\n\n<p>Este ano o bloco n\u00e3o concentra, nem sai. O desfile que seria no domingo, 7, foi cancelado. <\/p>\n\n\n\n<p>Desta vez, n\u00e3o por m\u00e1 vontade do poder p\u00fablico ou por ordem policial. <\/p>\n\n\n\n<p>Em raz\u00e3o da pandemia, o Pirarucu n\u00e3o subir\u00e1 o \u201cbarranco num moinho de vento, com charuto na boca e cerveja na m\u00e3o\u201d. <\/p>\n\n\n\n<p>Com a responsabilidade que sempre tivemos, pedimos que quem quiser fa\u00e7a sua folia em casa e com quem mora. <\/p>\n\n\n\n<p>Nossas cores e sentimentos estar\u00e3o em homenagem no local onde o bloco concentra, ao lado do Gin\u00e1sio Cl\u00e1udio Coutinho. <\/p>\n\n\n\n<p>Um painel com mais de duas mil fitas ser\u00e1 montado para lembrar as vidas que perdemos pra COVID-19 e homenagear os que lutam na linha de frente da pandemia.<\/p>\n\n\n\n<p>Estamos confiantes nas vacinas e ainda mais firmes na defesa do SUS. <\/p>\n\n\n\n<p>Por muitos carnavais de amor e paz, cuidemos uns dos outros.<\/p>\n\n\n\n<p><\/p>\n\n\n\n<p>A diretoria <\/p>\n","protected":false},"excerpt":{"rendered":"<p>Todos os anos o Bloco mais democr\u00e1tico do carnaval da capital aglomera foli\u00f5es com alegria e seguranca. Desde 1993 mantemos a proposta de festa de rua sem cordas e abad\u00e1s e nos \u00faltimos anos, a orquestra de frevo passou a tocar no meio dos foli\u00f5es. Na tardinha do domingo que antecede o per\u00edodo momesco, o&#8230;<a class=\"more-link\" href=\"http:\/\/blogdalucianaoliveira.com.br\/blog\/2021\/02\/03\/nota-do-bloco-pirarucu-do-madeira\/\">Continue a leitura <span class=\"meta-nav\">&raquo;<\/span><\/a><\/p>\n","protected":false},"author":1,"featured_media":0,"comment_status":"closed","ping_status":"open","sticky":false,"template":"","format":"standard","meta":{"_exactmetrics_skip_tracking":false,"_exactmetrics_sitenote_active":false,"_exactmetrics_sitenote_note":"","_exactmetrics_sitenote_category":0,"jetpack_post_was_ever_published":false,"_jetpack_newsletter_access":"","_jetpack_dont_email_post_to_subs":false,"_jetpack_newsletter_tier_id":0,"_jetpack_memberships_contains_paywalled_content":false,"_jetpack_memberships_contains_paid_content":false,"footnotes":"","jetpack_publicize_message":"","jetpack_publicize_feature_enabled":true,"jetpack_social_post_already_shared":true,"jetpack_social_options":{"image_generator_settings":{"template":"highway","enabled":false},"version":2}},"categories":[1],"tags":[],"class_list":["post-30834","post","type-post","status-publish","format-standard","hentry","category-notas"],"jetpack_publicize_connections":[],"jetpack_sharing_enabled":true,"jetpack_featured_media_url":"","jetpack_shortlink":"https:\/\/wp.me\/p7wKYW-81k","jetpack-related-posts":[],"_links":{"self":[{"href":"http:\/\/blogdalucianaoliveira.com.br\/blog\/wp-json\/wp\/v2\/posts\/30834","targetHints":{"allow":["GET"]}}],"collection":[{"href":"http:\/\/blogdalucianaoliveira.com.br\/blog\/wp-json\/wp\/v2\/posts"}],"about":[{"href":"http:\/\/blogdalucianaoliveira.com.br\/blog\/wp-json\/wp\/v2\/types\/post"}],"author":[{"embeddable":true,"href":"http:\/\/blogdalucianaoliveira.com.br\/blog\/wp-json\/wp\/v2\/users\/1"}],"replies":[{"embeddable":true,"href":"http:\/\/blogdalucianaoliveira.com.br\/blog\/wp-json\/wp\/v2\/comments?post=30834"}],"version-history":[{"count":1,"href":"http:\/\/blogdalucianaoliveira.com.br\/blog\/wp-json\/wp\/v2\/posts\/30834\/revisions"}],"predecessor-version":[{"id":30836,"href":"http:\/\/blogdalucianaoliveira.com.br\/blog\/wp-json\/wp\/v2\/posts\/30834\/revisions\/30836"}],"wp:attachment":[{"href":"http:\/\/blogdalucianaoliveira.com.br\/blog\/wp-json\/wp\/v2\/media?parent=30834"}],"wp:term":[{"taxonomy":"category","embeddable":true,"href":"http:\/\/blogdalucianaoliveira.com.br\/blog\/wp-json\/wp\/v2\/categories?post=30834"},{"taxonomy":"post_tag","embeddable":true,"href":"http:\/\/blogdalucianaoliveira.com.br\/blog\/wp-json\/wp\/v2\/tags?post=30834"}],"curies":[{"name":"wp","href":"https:\/\/api.w.org\/{rel}","templated":true}]}}