{"id":30842,"date":"2021-02-04T16:30:16","date_gmt":"2021-02-04T20:30:16","guid":{"rendered":"http:\/\/blogdalucianaoliveira.com.br\/blog\/?p=30842"},"modified":"2021-02-04T16:30:20","modified_gmt":"2021-02-04T20:30:20","slug":"fim-melancolico-da-lava-jato-deixa-vazio-no-discurso-eleitoral-de-2022","status":"publish","type":"post","link":"http:\/\/blogdalucianaoliveira.com.br\/blog\/2021\/02\/04\/fim-melancolico-da-lava-jato-deixa-vazio-no-discurso-eleitoral-de-2022\/","title":{"rendered":"Fim melanc\u00f3lico da Lava Jato deixa vazio no discurso eleitoral de 2022"},"content":{"rendered":"\n<figure class=\"wp-block-image size-large\"><img data-recalc-dims=\"1\" loading=\"lazy\" decoding=\"async\" width=\"600\" height=\"400\" data-attachment-id=\"30843\" data-permalink=\"http:\/\/blogdalucianaoliveira.com.br\/blog\/2021\/02\/04\/fim-melancolico-da-lava-jato-deixa-vazio-no-discurso-eleitoral-de-2022\/daefe507-a6d1-42bb-8041-5ad93640a4fc\/\" data-orig-file=\"https:\/\/i0.wp.com\/blogdalucianaoliveira.com.br\/blog\/wp-content\/uploads\/2021\/02\/DAEFE507-A6D1-42BB-8041-5AD93640A4FC.jpeg?fit=1024%2C683\" data-orig-size=\"1024,683\" data-comments-opened=\"0\" data-image-meta=\"{&quot;aperture&quot;:&quot;0&quot;,&quot;credit&quot;:&quot;&quot;,&quot;camera&quot;:&quot;&quot;,&quot;caption&quot;:&quot;&quot;,&quot;created_timestamp&quot;:&quot;0&quot;,&quot;copyright&quot;:&quot;&quot;,&quot;focal_length&quot;:&quot;0&quot;,&quot;iso&quot;:&quot;0&quot;,&quot;shutter_speed&quot;:&quot;0&quot;,&quot;title&quot;:&quot;&quot;,&quot;orientation&quot;:&quot;0&quot;}\" data-image-title=\"DAEFE507-A6D1-42BB-8041-5AD93640A4FC\" data-image-description=\"\" data-image-caption=\"\" data-medium-file=\"https:\/\/i0.wp.com\/blogdalucianaoliveira.com.br\/blog\/wp-content\/uploads\/2021\/02\/DAEFE507-A6D1-42BB-8041-5AD93640A4FC.jpeg?fit=300%2C200\" data-large-file=\"https:\/\/i0.wp.com\/blogdalucianaoliveira.com.br\/blog\/wp-content\/uploads\/2021\/02\/DAEFE507-A6D1-42BB-8041-5AD93640A4FC.jpeg?fit=600%2C400\" src=\"https:\/\/i0.wp.com\/blogdalucianaoliveira.com.br\/blog\/wp-content\/uploads\/2021\/02\/DAEFE507-A6D1-42BB-8041-5AD93640A4FC.jpeg?resize=600%2C400\" alt=\"\" class=\"wp-image-30843\" srcset=\"https:\/\/i0.wp.com\/blogdalucianaoliveira.com.br\/blog\/wp-content\/uploads\/2021\/02\/DAEFE507-A6D1-42BB-8041-5AD93640A4FC.jpeg?w=1024 1024w, https:\/\/i0.wp.com\/blogdalucianaoliveira.com.br\/blog\/wp-content\/uploads\/2021\/02\/DAEFE507-A6D1-42BB-8041-5AD93640A4FC.jpeg?resize=300%2C200 300w, https:\/\/i0.wp.com\/blogdalucianaoliveira.com.br\/blog\/wp-content\/uploads\/2021\/02\/DAEFE507-A6D1-42BB-8041-5AD93640A4FC.jpeg?resize=768%2C512 768w, https:\/\/i0.wp.com\/blogdalucianaoliveira.com.br\/blog\/wp-content\/uploads\/2021\/02\/DAEFE507-A6D1-42BB-8041-5AD93640A4FC.jpeg?resize=450%2C300 450w\" sizes=\"auto, (max-width: 600px) 100vw, 600px\" \/><\/figure>\n\n\n\n<p>Chamas da antipol\u00edtica que levaram Bolsonaro ao poder podem ter virado brasas a amea\u00e7\u00e1-lo<\/p>\n\n\n\n<!--more-->\n\n\n\n<p><strong><a href=\"https:\/\/www1.folha.uol.com.br\/autores\/igor-gielow.shtml\">Igor Gielow<\/a><\/strong>, na FSP<\/p>\n\n\n\n<p><a href=\"https:\/\/www1.folha.uol.com.br\/poder\/2021\/02\/apos-dissolver-lava-jato-aras-diz-que-forca-tarefa-so-mudou-de-nome.shtml\">O fim oficial da Opera\u00e7\u00e3o Lava Jato&nbsp;<\/a>n\u00e3o poderia ser mais melanc\u00f3lico.<\/p>\n\n\n\n<p>A maior a\u00e7\u00e3o anticorrup\u00e7\u00e3o da hist\u00f3ria, que implodiu as funda\u00e7\u00f5es da pol\u00edcia brasileira, teve seu caix\u00e3o descido \u00e0 vala com uma canetada do procurador-geral da Rep\u00fablica, Augusto Aras. Depois de anos de manchetes de jornais, ganhou notas nas capas nacionais.<\/p>\n\n\n\n<p>A morte cerebral da for\u00e7a tarefa criada em 2014 em Curitiba j\u00e1 havia sido atestada h\u00e1 muito tempo, mais precisamente com a elei\u00e7\u00e3o de Jair Bolsonaro em 2018, mas ainda havia espasmos aqui e ali\u00a0<a href=\"https:\/\/www1.folha.uol.com.br\/poder\/2020\/09\/saida-de-dallagnol-marca-fim-da-lava-jato-como-era-conhecida.shtml\">at\u00e9 o cora\u00e7\u00e3o parar, em setembro passado.<\/a><\/p>\n\n\n\n<p>Como j\u00e1 \u00e9 decantado, foi um processo em que&nbsp;<a href=\"https:\/\/www1.folha.uol.com.br\/poder\/2019\/09\/maior-derrota-da-lava-jato-mudara-configuracao-politica-do-pais.shtml\">o comportamento dos s\u00edmbolos p\u00fablicos da opera\u00e7\u00e3o<\/a>, o ent\u00e3o juiz Sergio Moro e o procurador Deltan Dallagnol, teve papel determinante.<\/p>\n\n\n\n<p>A ida de Moro para o governo Bolsonaro, consolidando a certeza a seus cr\u00edticos de que fora parcial contra o PT e Luiz In\u00e1cio Lula da Silva o tempo todo,<a href=\"https:\/\/www1.folha.uol.com.br\/ilustrissima\/2020\/11\/pesquisadores-apontam-desvios-da-lava-jato-no-combate-a-corrupcao.shtml\">&nbsp;abriu caminho para o questionamento dos m\u00e9todos inquisitoriais da for\u00e7a-tarefa.<\/a><\/p>\n\n\n\n<p>Na pol\u00edtica, o \u00f3dio \u00e0s descobertas abundantes de corrup\u00e7\u00e3o da Lava Jato, definitivas em duas elei\u00e7\u00f5es e um impeachment, uniu do centr\u00e3o ao PT na miss\u00e3o de acabar com o legado positivo da opera\u00e7\u00e3o.<\/p>\n\n\n\n<p>Na Justi\u00e7a, a rejei\u00e7\u00e3o da ala garantista das cortes superiores ao voluntarismo lava-jatista come\u00e7ou a prevalecer, com a m\u00e3o providencial de Bolsonaro\u00a0<a href=\"https:\/\/www1.folha.uol.com.br\/poder\/2020\/09\/indicacao-ao-supremo-coroa-a-fragil-uniao-de-bolsonaro-a-politica-tradicional.shtml\">ao indicar K\u00e1ssio Nunes Marques<\/a>\u00a0para a vaga de Celso de Mello no Supremo.<\/p>\n\n\n\n<p>Com a outra m\u00e3o, Bolsonaro assentou&nbsp;<a href=\"https:\/\/www1.folha.uol.com.br\/poder\/2021\/02\/apos-dissolver-lava-jato-aras-diz-que-forca-tarefa-so-mudou-de-nome.shtml\">o aliado Aras na Procuradoria-Geral da Rep\u00fablica<\/a>. Ele tem demonstrado extrema gratid\u00e3o, al\u00e9m de esperan\u00e7a de ocupar a vaga que Marco Aur\u00e9lio Mello deixar\u00e1 aberta no Supremo no segundo semestre.<\/p>\n\n\n\n<p>No governo, Moro serviu para legitimar inicialmente o discurso bolsonarista de combate implac\u00e1vel \u00e0 corrup\u00e7\u00e3o. Durou pouco mais de um ano, e o ex-juiz virou um ex-ministro com cheiro de homem-bomba,&nbsp;<a href=\"https:\/\/www1.folha.uol.com.br\/poder\/2020\/12\/aliados-e-adversarios-veem-candidatura-de-moro-em-2022-mais-distante.shtml\">mas que acabou optando pela submers\u00e3o confort\u00e1vel&nbsp;<\/a>como consultor de empresas que antes julgava.<\/p>\n\n\n\n<p>Para complicar,&nbsp;<a href=\"https:\/\/www1.folha.uol.com.br\/poder\/2021\/02\/divulgacao-de-mensagens-da-lava-jato-por-lewandowski-aumenta-pressao-sobre-stf.shtml\">surgiram os grampos ilegais do The Intercept Brasil.<\/a>&nbsp;Eles n\u00e3o s\u00e3o necessariamente provas cabais de desvio da Lava Jato, a dupla Moro-Dallagnol \u00e0 frente, e foram vazados de forma obviamente seletiva para atingi-los.<\/p>\n\n\n\n<p><a href=\"https:\/\/saopaulo.folha.uol.com.br\/revista\/2019\/12\/efeitos-do-vazamento-que-atingiu-a-lava-jato-estao-longe-do-fim.shtml\">Mas para fins pr\u00e1ticos, s\u00e3o explosivos<\/a>. Os lava-jatistas provaram de seu pr\u00f3prio veneno.<\/p>\n\n\n\n<p>Os ritos f\u00fanebres da Lava Jato ainda ter\u00e3o outros epis\u00f3dios.&nbsp;<a href=\"https:\/\/www1.folha.uol.com.br\/poder\/2021\/02\/saiba-quem-e-arthur-lira-novo-presidente-da-camara-que-construiu-base-para-bolsonaro.shtml\">A C\u00e2mara comandada pelo centr\u00e3o&nbsp;<\/a>certamente tentar\u00e1 aprovar amarras \u00e0 a\u00e7\u00e3o de procuradores e promotores pelo pa\u00eds. E n\u00e3o se espera que a esquerda, ainda liderada pelo PT, v\u00e1 usar seu poder de obstru\u00e7\u00e3o de iniciativas.<\/p>\n\n\n\n<p>Se os rumores em Bras\u00edlia forem verdadeiros, ainda h\u00e1 um arsenal de sortil\u00e9gios a serem sacados contra os egressos da Lava Jato nos escaninhos da PGR,&nbsp;<a href=\"https:\/\/blogdofred.blogfolha.uol.com.br\/2020\/09\/01\/gilmar-vai-ao-passado-para-anular-sentencas-de-moro-no-futuro\/\">noves fora o julgamento da suspei\u00e7\u00e3o de Moro no caso Lula no Supremo.<\/a><\/p>\n\n\n\n<p>H\u00e1 um par\u00eantese \u00f3bvio. Sempre haver\u00e1 procuradores e ju\u00edzes dispostos a fazer seu trabalho, e malfeitos s\u00e3o inerentes \u00e0 exist\u00eancia humana.<\/p>\n\n\n\n<p>Mesmo sem a Lava Jato de guarda-chuva, o que pode na realidade ser bom se significar o fim do messianismo da categoria investigativa, e com as eventuais r\u00e9deas institucionais, parece certo que ficou um pouco mais dif\u00edcil a vida dos corruptos no pa\u00eds.<\/p>\n\n\n\n<p>Todo esse alarido acaba escamoteando a quest\u00e3o de fundo importante.&nbsp;<a href=\"https:\/\/www1.folha.uol.com.br\/poder\/2021\/02\/prazo-de-validade-da-vitoria-de-bolsonaro-com-lira-na-camara-e-curtissimo.shtml\">Essa aparente volta ao velho normal&nbsp;<\/a>ter\u00e1 qual impacto eleitoral no pa\u00eds, j\u00e1 que em termos de discurso h\u00e1 um vazio?<\/p>\n\n\n\n<p>O fastio da popula\u00e7\u00e3o com o tema corrup\u00e7\u00e3o, ap\u00f3s embebedar-se da antipol\u00edtica e das opera\u00e7\u00f5es espetaculosas que dominaram o per\u00edodo de 2014 a 2018, \u00e9 claro.<\/p>\n\n\n\n<p>Segundo o Datafolha, cerca de um m\u00eas antes do come\u00e7o da Lava Jato em 2014 10% da popula\u00e7\u00e3o achava que os corruptos eram o maior problema nacional. Dois anos depois, \u00e0s v\u00e9speras do impeachment de Dilma, eram 37%.<\/p>\n\n\n\n<p>A corrup\u00e7\u00e3o ficou no topo das preocupa\u00e7\u00f5es at\u00e9 depois do pleito de 2018 \u2014em dezembro daquele ano, marcava 20% entre os brasileiros. Em julho de 2019, com Bolsonaro no poder ainda em modo de &#8220;eu odeio o centr\u00e3o&#8221;, o \u00edndice despencou para 7%.<\/p>\n\n\n\n<p>Quest\u00f5es usuais, sa\u00fade e educa\u00e7\u00e3o, ganharam espa\u00e7o. Com a pandemia, 2020 viu o tema sanit\u00e1rio explodir como o principal.&nbsp;<a href=\"https:\/\/www1.folha.uol.com.br\/poder\/2020\/12\/avaliacao-de-bolsonaro-se-mantem-no-melhor-nivel-mostra-datafolha.shtml\">Em dezembro, na mais recente vez que o Datafolha fez essa pergunta,<\/a>&nbsp;sa\u00fade liderava o ranking com 27%, com a corrup\u00e7\u00e3o com distantes 7%.<\/p>\n\n\n\n<p>O impacto dessa nova realidade foi claro nas elei\u00e7\u00f5es municipais de 2020, quando figuras tradicionais voltaram a dominar o cen\u00e1rio. O selo obrigat\u00f3rio de ficha-limpa exigido de candidatos saiu de moda.<\/p>\n\n\n\n<p>Isso parece ser o norte intuitivo da volta de Bolsonaro<a href=\"https:\/\/www1.folha.uol.com.br\/poder\/2020\/07\/novo-ministro-abre-crise-no-governo-ao-ser-adotado-por-maia-e-alcolumbre.shtml\">&nbsp;ao seio de sua origem pol\u00edtica, o centr\u00e3o<\/a>, ap\u00f3s tentar levar seu projeto alegado de renova\u00e7\u00e3o pol\u00edtica ao paroxismo da crise institucional de 2020 \u2014s\u00f3 estancada quando a Justi\u00e7a, sempre ela, bateu \u00e0s portas de sua fam\u00edlia.<\/p>\n\n\n\n<p>Parece claro que mentiras e contradi\u00e7\u00f5es do presidente, para n\u00e3o falar de suas iniciativas mais obscurantistas, n\u00e3o afetam seu n\u00facleo duro de apoiadores.<\/p>\n\n\n\n<p>Mas ele s\u00f3 se expandiu a ponto de viabilizar sua vit\u00f3ria em 2018 porque havia a gasolina da Lava Jato a alimentar as labaredas que imolaram a dita\u00a0<a href=\"https:\/\/www1.folha.uol.com.br\/poder\/2021\/02\/saiba-quem-e-arthur-lira-novo-presidente-da-camara-que-construiu-base-para-bolsonaro.shtml\">velha pol\u00edtica que ele agora celebra.<\/a><\/p>\n\n\n\n<p>Bolsonaro, acossado pela condu\u00e7\u00e3o tr\u00e1gica da pandemia, talvez tenha dificuldades de atra\u00e7\u00e3o daquela classe m\u00e9dia que votou nele por ojeriza ao PT. Por isso o esfor\u00e7o descomunal do Planalto para inflar a esquerda como grande advers\u00e1ria em 2022.<\/p>\n\n\n\n<p>Se dar\u00e1 certo, \u00e9 algo a ver. Mas o peso relativo da agenda antipol\u00edtica est\u00e1 esvaziado agora, o que n\u00e3o significa que permanecer\u00e1 assim. Al\u00e9m da lavra pr\u00f3pria, o governo tem agora o centr\u00e3o para elevar o pr\u00eamio de risco quando se fala em corrup\u00e7\u00e3o.<\/p>\n\n\n\n<p><a href=\"https:\/\/www1.folha.uol.com.br\/poder\/2020\/12\/aliados-e-adversarios-veem-candidatura-de-moro-em-2022-mais-distante.shtml\">A grande popularidade residual da figura de Moro&nbsp;<\/a>\u00e9 tamb\u00e9m um indicador de que as chamas antipol\u00edticas foram apagadas, mas pode haver brasa na fogueira. Mas elas podem ser acesas por fatores diversos, como a explos\u00e3o dos protestos de 2013 ensinou.<\/p>\n\n\n\n<p>S\u00f3 que neste caso, insond\u00e1vel agora mas no qual pandemia e economia teriam papel central, Bolsonaro n\u00e3o seria o<a href=\"https:\/\/www1.folha.uol.com.br\/poder\/2018\/10\/negacao-da-politica-organizada-gestada-em-2013-ajudou-a-produzir-bolsonaro.shtml\">&nbsp;benefici\u00e1rio que encarnou em 2018.<\/a>&nbsp;Isso se o barco n\u00e3o balan\u00e7ar antes,<a href=\"https:\/\/www1.folha.uol.com.br\/poder\/2021\/02\/prazo-de-validade-da-vitoria-de-bolsonaro-com-lira-na-camara-e-curtissimo.shtml\">&nbsp;j\u00e1 que a fidelidade de c\u00e3o faminto do centr\u00e3o \u00e9, para dizer o m\u00ednimo, vol\u00e1til.<\/a><\/p>\n","protected":false},"excerpt":{"rendered":"<p>Chamas da antipol\u00edtica que levaram Bolsonaro ao poder podem ter virado brasas a amea\u00e7\u00e1-lo<\/p>\n","protected":false},"author":1,"featured_media":0,"comment_status":"closed","ping_status":"open","sticky":false,"template":"","format":"standard","meta":{"_exactmetrics_skip_tracking":false,"_exactmetrics_sitenote_active":false,"_exactmetrics_sitenote_note":"","_exactmetrics_sitenote_category":0,"jetpack_post_was_ever_published":false,"_jetpack_newsletter_access":"","_jetpack_dont_email_post_to_subs":false,"_jetpack_newsletter_tier_id":0,"_jetpack_memberships_contains_paywalled_content":false,"_jetpack_memberships_contains_paid_content":false,"footnotes":"","jetpack_publicize_message":"","jetpack_publicize_feature_enabled":true,"jetpack_social_post_already_shared":true,"jetpack_social_options":{"image_generator_settings":{"template":"highway","enabled":false},"version":2}},"categories":[1],"tags":[],"class_list":["post-30842","post","type-post","status-publish","format-standard","hentry","category-notas"],"jetpack_publicize_connections":[],"jetpack_sharing_enabled":true,"jetpack_featured_media_url":"","jetpack_shortlink":"https:\/\/wp.me\/p7wKYW-81s","jetpack-related-posts":[],"_links":{"self":[{"href":"http:\/\/blogdalucianaoliveira.com.br\/blog\/wp-json\/wp\/v2\/posts\/30842","targetHints":{"allow":["GET"]}}],"collection":[{"href":"http:\/\/blogdalucianaoliveira.com.br\/blog\/wp-json\/wp\/v2\/posts"}],"about":[{"href":"http:\/\/blogdalucianaoliveira.com.br\/blog\/wp-json\/wp\/v2\/types\/post"}],"author":[{"embeddable":true,"href":"http:\/\/blogdalucianaoliveira.com.br\/blog\/wp-json\/wp\/v2\/users\/1"}],"replies":[{"embeddable":true,"href":"http:\/\/blogdalucianaoliveira.com.br\/blog\/wp-json\/wp\/v2\/comments?post=30842"}],"version-history":[{"count":1,"href":"http:\/\/blogdalucianaoliveira.com.br\/blog\/wp-json\/wp\/v2\/posts\/30842\/revisions"}],"predecessor-version":[{"id":30844,"href":"http:\/\/blogdalucianaoliveira.com.br\/blog\/wp-json\/wp\/v2\/posts\/30842\/revisions\/30844"}],"wp:attachment":[{"href":"http:\/\/blogdalucianaoliveira.com.br\/blog\/wp-json\/wp\/v2\/media?parent=30842"}],"wp:term":[{"taxonomy":"category","embeddable":true,"href":"http:\/\/blogdalucianaoliveira.com.br\/blog\/wp-json\/wp\/v2\/categories?post=30842"},{"taxonomy":"post_tag","embeddable":true,"href":"http:\/\/blogdalucianaoliveira.com.br\/blog\/wp-json\/wp\/v2\/tags?post=30842"}],"curies":[{"name":"wp","href":"https:\/\/api.w.org\/{rel}","templated":true}]}}