{"id":30845,"date":"2021-02-04T22:41:25","date_gmt":"2021-02-05T02:41:25","guid":{"rendered":"http:\/\/blogdalucianaoliveira.com.br\/blog\/?p=30845"},"modified":"2021-02-04T22:41:30","modified_gmt":"2021-02-05T02:41:30","slug":"nao-sera-a-funai-que-vai-me-dizer-se-sou-indio","status":"publish","type":"post","link":"http:\/\/blogdalucianaoliveira.com.br\/blog\/2021\/02\/04\/nao-sera-a-funai-que-vai-me-dizer-se-sou-indio\/","title":{"rendered":"\u201cN\u00e3o ser\u00e1 a Funai que vai me dizer se sou \u00edndio\u201d"},"content":{"rendered":"\n<figure class=\"wp-block-image\"><img data-recalc-dims=\"1\" decoding=\"async\" src=\"https:\/\/i0.wp.com\/www.extraclasse.org.br\/wp-content\/uploads\/2021\/02\/WhatsApp-Image-2021-02-03-at-14.02.42.jpeg?w=600&#038;ssl=1\" alt=\"Deoclides de Paula, coordenador Kaingang do Conselho Estadual de Povos Ind\u00edgenas \" class=\"wp-image-62859\"\/><\/figure>\n\n\n\n<p>Deoclides de Paula, coordenador Kaingang do Conselho Estadual de Povos Ind\u00edgenasFoto: Guilherme Cavalli\/Cimi\u00a0<\/p>\n\n\n\n<!--more Eu Leia mais-->\n\n\n\n<p>No Extra Classe <\/p>\n\n\n\n<p>A Funda\u00e7\u00e3o Nacional do \u00cdndio (<a href=\"https:\/\/www.gov.br\/funai\/pt-br\" target=\"_blank\" rel=\"noreferrer noopener\">Funai<\/a>) resgatou da ditadura militar a ideia de elimina\u00e7\u00e3o de ind\u00edgenas por meio da \u201cheteroidentifica\u00e7\u00e3o\u201d, palavra de prefixo grego que significa \u201coutro\u201d ou \u201cdiferente\u201d \u2013 e no contexto da Resolu\u00e7\u00e3o n\u00ba 4, publicada em 22 de janeiro, representa mais um ataque aos povos origin\u00e1rios do Brasil, \u00e0 Constitui\u00e7\u00e3o Federal e a diversos tratados internacionais, da Organiza\u00e7\u00e3o das Na\u00e7\u00f5es Unidas (ONU) e Organiza\u00e7\u00e3o dos Estados Americanos (OEA), por exemplo. A Funai quer novos crit\u00e9rios para identificar etnias.<\/p>\n\n\n\n<p>\u201cEu sou \u00edndio e me autodeclaro \u00edndio. N\u00e3o ser\u00e1 a Funai que vai me dizer se sou \u00edndio\u201d, assevera Deoclides de Paula, coordenador Kaingang do Conselho Estadual de Povos Ind\u00edgenas (Cepi), respondendo \u00e0 determina\u00e7\u00e3o que o \u00f3rg\u00e3o do governo federal alega ter sido editada \u201cpara evitar fraudes na obten\u00e7\u00e3o de benef\u00edcios sociais\u201d.<\/p>\n\n\n\n<p>Os novos crit\u00e9rios exigem comprova\u00e7\u00f5es como \u201corigem e ascend\u00eancia pr\u00e9-colombiana\u201d, al\u00e9m de \u201cv\u00ednculo hist\u00f3rico e tradicional de ocupa\u00e7\u00e3o ou habita\u00e7\u00e3o entre a etnia e algum ponto do territ\u00f3rio soberano brasileiro\u201d.<\/p>\n\n\n\n<p>Lideran\u00e7as e movimentos de defesa dos ind\u00edgenas veem a medida como uma clara tentiva de excluir o acesso \u00e0 vacina\u00e7\u00e3o priorit\u00e1ria.<\/p>\n\n\n\n<p><strong>MPF<\/strong>&nbsp;\u2013 O Minist\u00e9rio P\u00fablico Federal (<a href=\"http:\/\/www.mpf.mp.br\/\" target=\"_blank\" rel=\"noreferrer noopener\">MPF<\/a>) tamb\u00e9m manifestou-se nesta quinta-feira, 4, \u201cfirmemente contra os termos da Resolu\u00e7\u00e3o n\u00ba 4\u201d e \u201crecomenda a revoga\u00e7\u00e3o\u201d. O MPF acentua que a medida \u00e9 \u201cinfundada\u201d e se torna mais grave no \u201ccontexto da crise sanit\u00e1ria ocasionada pela pandemia da Covid-19\u201d.<\/p>\n\n\n\n<p>A&nbsp;<a href=\"http:\/\/www.mpf.mp.br\/pgr\/noticias-pgr\/resolucao-da-funai-que-restringe-autodeclaracao-indigena-e-inconstitucional-diz-mpf-em-nota-publica\" target=\"_blank\" rel=\"noreferrer noopener\">nota p\u00fablica<\/a>&nbsp;foi elaborada pela C\u00e2mara de Popula\u00e7\u00f5es Ind\u00edgenas e Comunidades Tradicionais do MPF (6CCR\/MPF). No documento, o colegiado ressalta que a Constitui\u00e7\u00e3o Federal de 1988 garantiu aos povos ind\u00edgenas o direito \u00e0 autodetermina\u00e7\u00e3o, o que implica reconhecer sua organiza\u00e7\u00e3o social, costumes, l\u00ednguas, cren\u00e7as e tradi\u00e7\u00f5es. Dessa forma, \u201cest\u00e1 no plano da autonomia dos povos ind\u00edgenas a defini\u00e7\u00e3o, impl\u00edcita na pr\u00f3pria cultura, de crit\u00e9rios de pertencimento ao grupo e, portanto, a capacidade de reconhecer quem s\u00e3o seus membros\u201d, aponta o documento.<\/p>\n\n\n\n<h2 class=\"wp-block-heading\"><strong>Artif\u00edcio para impedir o acesso \u00e0 terra<\/strong><\/h2>\n\n\n\n<figure class=\"wp-block-image\"><img data-recalc-dims=\"1\" decoding=\"async\" src=\"https:\/\/i0.wp.com\/www.extraclasse.org.br\/wp-content\/uploads\/2021\/02\/APIB.jpeg?w=600&#038;ssl=1\" alt=\"A Apib conclamou as organiza\u00e7\u00f5es ind\u00edgenas e lideran\u00e7as a exigirem o cancelamento da Resolu\u00e7\u00e3o da Funai\" class=\"wp-image-62864\"\/><\/figure>\n\n\n\n<p>A Apib conclamou as organiza\u00e7\u00f5es ind\u00edgenas e lideran\u00e7as a exigirem o cancelamento da Resolu\u00e7\u00e3o da FunaiFoto: Apib\/ Divulga\u00e7\u00e3o<\/p>\n\n\n\n<p>Mas os \u00edndios sabem que o principal objetivo \u00e9 travar especialmente os direitos sobre as terras tradicionais.<\/p>\n\n\n\n<p>\u201cNo Rio Grande do Sul somos 33 mil ind\u00edgenas, em 100 mil hectares de terras, enquanto um \u00fanico fazendeiro aqui no estado chega a ter sozinho 30 a 40 mil hectares. H\u00e1 terras ind\u00edgenas em processos de demarca\u00e7\u00e3o h\u00e1 40 anos, h\u00e1 v\u00e1rias aldeias em processos de demarca\u00e7\u00e3o h\u00e1 20 anos. Muitas. E territ\u00f3rios com 10 anos de luta que os processos nem come\u00e7aram\u201d, relata Deoclides de Paula.<\/p>\n\n\n\n<p>Uma nota da Articula\u00e7\u00e3o dos Povos Ind\u00edgenas do Brasil (<a href=\"http:\/\/obind.eco.br\/2021\/02\/02\/apib-governo-racista-nao-define-indigenas\/\" target=\"_blank\" rel=\"noreferrer noopener\">Apib<\/a>) compara a Resolu\u00e7\u00e3o n\u00ba 4 ao regime da tutela estabelecido pelo antigo C\u00f3digo Civil, que considerava os \u00edndios \u201crelativamente incapazes\u201d e que deveriam ser tutelados at\u00e9 que estivessem \u201cintegrados \u00e0 comunh\u00e3o nacional\u201d. A Apib conclama organiza\u00e7\u00f5es ind\u00edgenas e lideran\u00e7as a estarem alertas para exigir o cancelamento desse ato.<\/p>\n\n\n\n<p>A Associa\u00e7\u00e3o Brasileira de Antropologia (<a href=\"http:\/\/www.portal.abant.org.br\/\" target=\"_blank\" rel=\"noreferrer noopener\">ABA<\/a>) tamb\u00e9m se manifestou em nota, afirmando que \u201ca heteroidentifica\u00e7\u00e3o n\u00e3o encontra qualquer acolhida seja pela ci\u00eancia antropol\u00f3gica contempor\u00e2nea seja pela legisla\u00e7\u00e3o (nacional e internacional)\u201d e refor\u00e7a que a \u201ca identidade \u00e9tnica \u00e9 \u00fanica e exclusivamente definida por meio da autoidentifica\u00e7\u00e3o\u201d.<\/p>\n\n\n\n<p>A ABA ainda ressalta que o dispositivo se soma a tentativas anteriores do \u00f3rg\u00e3o de espolia\u00e7\u00e3o de territ\u00f3rios ind\u00edgenas e \u201c\u00e0s disposi\u00e7\u00f5es relativas ao plano de vacina\u00e7\u00e3o contra a Covid-19, recentemente apresentado pelo Minist\u00e9rio da Sa\u00fade, que promove a exclus\u00e3o justamente destes mesmos ind\u00edgenas a ter acesso \u00e0s vacinas\u201d.<\/p>\n\n\n\n<h2 class=\"wp-block-heading\"><strong>A morte por covid-19 avan\u00e7a nas aldeias<\/strong><\/h2>\n\n\n\n<figure class=\"wp-block-image\"><img data-recalc-dims=\"1\" decoding=\"async\" src=\"https:\/\/i0.wp.com\/www.extraclasse.org.br\/wp-content\/uploads\/2021\/02\/sa%25C3%25BAde.jpg?w=600&#038;ssl=1\" alt=\"Assembleia dos Povos Ind\u00edgenas do Tocantins protesta por melhores condi\u00e7\u00f5es na sa\u00fade ind\u00edgena\" class=\"wp-image-62861\"\/><\/figure>\n\n\n\n<p>Assembleia dos Povos Ind\u00edgenas do Tocantins protesta por melhores condi\u00e7\u00f5es na sa\u00fade ind\u00edgenaFoto: Cimi\/ Divulga\u00e7\u00e3o<\/p>\n\n\n\n<p>Nesta quinta-feira, 4, s\u00e3o 948 \u00edndios mortos por coronav\u00edrus no Brasil, de 161 povos, com 47.752 contaminados. Os n\u00fameros s\u00e3o acrescidos diariamente pela Apib, por meio de levantamentos junto \u00e0 Secretaria Especial de Sa\u00fade Ind\u00edgena (<a href=\"http:\/\/www.saudeindigena.net.br\/coronavirus\/\" target=\"_blank\" rel=\"noreferrer noopener\">Sesai<\/a>), do Minist\u00e9rio da Sa\u00fade, que n\u00e3o faz atendimento a ind\u00edgenas que moram em \u00e1reas urbanas. Os dados s\u00e3o tamb\u00e9m repassados por lideran\u00e7as nas comunidades. E s\u00e3o considerados muito menores do que a realidade.<\/p>\n\n\n\n<p>O Rio Grande do Sul est\u00e1 em 11\u00ba lugar, com 19 mortes, entre 24 estados com ocorr\u00eancias registradas pela Apib. Dos estados do Sul, o RS \u00e9 superado por Santa Catarina, onde ocorreram 21 mortes. O total de \u00f3bitos em SC supera o de Tocantins, com 14, que tamb\u00e9m faz parte da Amaz\u00f4nia Legal, constitu\u00edda por 10 estados, sendo nove deles no topo da lista. Entre os povos mais afetados, aparecem 23 Kaingang, povo que vive nos estados da regi\u00e3o Sul e tamb\u00e9m em S\u00e3o Paulo. Os Guarani Mby\u00e1 s\u00e3o 12, contando com aldeias localizadas em v\u00e1rios estados, com grande popula\u00e7\u00e3o no Mato Grosso do Sul.<\/p>\n\n\n\n<h2 class=\"wp-block-heading\"><strong>Exclu\u00eddos do plano de vacina\u00e7\u00e3o<\/strong><\/h2>\n\n\n\n<figure class=\"wp-block-image\"><img data-recalc-dims=\"1\" decoding=\"async\" src=\"https:\/\/i0.wp.com\/www.extraclasse.org.br\/wp-content\/uploads\/2021\/02\/L%25C3%25BAcia-Helena-Rangel-FOTO-WILSON-DIAS-ABR.jpg?w=600&#038;ssl=1\" alt=\"A antrop\u00f3loga L\u00facia Helena Rangel, coordenadora do Relat\u00f3rio de viol\u00eancia contra os povos ind\u00edgenas do Cimi\" class=\"wp-image-62862\"\/><\/figure>\n\n\n\n<p>A antrop\u00f3loga L\u00facia Helena Rangel, coordenadora do Relat\u00f3rio de viol\u00eancia contra os povos ind\u00edgenas do CimiFoto: Wilson Dias\/Ag\u00eancia Brasil<\/p>\n\n\n\n<p>O Conselho Indigenista Mission\u00e1rio (Cimi) tamb\u00e9m divulgou&nbsp;<a href=\"https:\/\/cimi.org.br\/2021\/02\/assessoria-juridica-cimi-nota-tecnica-resolucao-funai-restringe-autodeclaracao-indigena\/\" target=\"_blank\" rel=\"noreferrer noopener\">nota t\u00e9cnica<\/a>, ressaltando que, a se basear no novo ato administrativo da Funai, metade da popula\u00e7\u00e3o autodeclarada ind\u00edgena perderia a identidade. O Cimi cita que o&nbsp;<a href=\"https:\/\/www.gov.br\/saude\/pt-br\/media\/pdf\/2020\/dezembro\/16\/plano_vacinacao_versao_eletronica-1.pdf\" target=\"_blank\" rel=\"noreferrer noopener\">Plano Nacional de Vacina\u00e7\u00e3o<\/a>&nbsp;do governo federal inclui no grupo priorit\u00e1rio 410 mil ind\u00edgenas de povos \u201cvivendo em terras ind\u00edgenas\u201d. Segundo o Censo do IBGE de 2010, \u201ch\u00e1 11 anos, a popula\u00e7\u00e3o era de aproximadamente 900 mil \u00edndios\u201d.<\/p>\n\n\n\n<p>No Rio Grande do Sul, pelo menos 2 mil \u00edndios vivem \u00e0 beira de estradas, \u00e0 espera da demarca\u00e7\u00e3o de territ\u00f3rios. Deoclides explica que eles habitam 30 acampamentos na luta pelas terras. Alguns s\u00e3o mantidos h\u00e1 40 anos, como os Guarani Mby\u00e1 que vivem nas margens da BR-290. Os 100 mil hectares das terras que habitam n\u00e3o comportam todos. Cerca de 50% desse territ\u00f3rio s\u00e3o \u00e1reas de preserva\u00e7\u00e3o ambiental, essenciais para a manuten\u00e7\u00e3o de suas tradi\u00e7\u00f5es culturais, mas n\u00e3o podem ser utilizadas para a produ\u00e7\u00e3o de alimentos. \u201cO pessoal tem que sair em busca de alimentos. Alguns v\u00e3o pra cidade, acham servi\u00e7o, e assim ficam ainda mais vulner\u00e1veis\u201d, ressalta a lideran\u00e7a.<\/p>\n\n\n\n<p><strong>DESINDIANIZA\u00c7\u00c3O<\/strong>&nbsp;\u2013 A antrop\u00f3loga L\u00facia Helena Rangel, coordenadora de pesquisa do&nbsp;<a href=\"https:\/\/cimi.org.br\/observatorio-da-violencia\/o-relatorio\/\" target=\"_blank\" rel=\"noreferrer noopener\">Relat\u00f3rio de Viol\u00eancia contra os Povos Ind\u00edgenas no Brasil<\/a>, publicado anualmente pelo Cimi desde 1996, relata que a Resolu\u00e7\u00e3o n\u00ba 4 se configura em amea\u00e7as que \u201cperiodicamente retornam ao cen\u00e1rio da Funai\u201d. Ela cita processos emancipat\u00f3rios dos anos 1970, em que comunidades se tornariam n\u00e3o \u00edndias por falta de estigmas que as caracterizassem. Em processos de \u201cdesindianiza\u00e7\u00e3o jur\u00eddica\u201d da hist\u00f3ria do \u00f3rg\u00e3o chegou a ser proposta inclusive a an\u00e1lise de sangue para comprova\u00e7\u00e3o de etnia.<\/p>\n\n\n\n<h2 class=\"wp-block-heading\">Um delegado da PF \u00e0 frente da Funai<\/h2>\n\n\n\n<figure class=\"wp-block-image\"><img data-recalc-dims=\"1\" decoding=\"async\" src=\"https:\/\/i0.wp.com\/www.extraclasse.org.br\/wp-content\/uploads\/2021\/02\/marcelo-augusto-xavier-funai-ascom.jpg?w=600&#038;ssl=1\" alt=\"Silva, laudo de personalidade agressiva e liga\u00e7\u00e3o com ruralistas\" class=\"wp-image-62863\"\/><\/figure>\n\n\n\n<p>Silva, laudo de personalidade agressiva e liga\u00e7\u00e3o com ruralistasFoto: Ascom\/ Funai<\/p>\n\n\n\n<p>Marcelo Augusto Xavier da Silva, presidente da Funai do governo Bolsonaro, \u00e9 uma figura controversa. Delegado da Pol\u00edcia Federal, foi nomeado em julho de 2019 por Onyx Lorenzoni, no lugar o general da reserva do Ex\u00e9rcito, Franklimberg Ribeiro de Freitas, afastado por criticar Bolsonaro que havia colocado o&nbsp;pecuarista e ex-presidente da Uni\u00e3o Democr\u00e1tica Ruralista (UDR), Luiz Ant\u00f4nio Nabhan Garcia, na Secretaria de pol\u00edtica fundi\u00e1ria do Minist\u00e9rio da Agricultura.<\/p>\n\n\n\n<p>Sem qualquer vincula\u00e7\u00e3o com a quest\u00e3o, Silva foi rejeitado na avalia\u00e7\u00e3o psicol\u00f3gica do primeiro concurso que prestou para a PF devido \u00e0 sua personalidade agressiva e descontrolada. Acabou entrando para a corpora\u00e7\u00e3o na segunda tentativa, em 2008. Ligado a deputados ruralistas, foi afastado de uma opera\u00e7\u00e3o de expuls\u00e3o de invasores de terras ind\u00edgenas por suspeita de colaborar com os grileiros. Em janeiro de 2019, foi acusado de agress\u00e3o pelo pr\u00f3prio pai, em um boletim de ocorr\u00eancias registrado na delegacia Novo S\u00e3o Joaquim, no Mato Grosso.<\/p>\n","protected":false},"excerpt":{"rendered":"<p>Deoclides de Paula, coordenador Kaingang do Conselho Estadual de Povos Ind\u00edgenasFoto: Guilherme Cavalli\/Cimi\u00a0<\/p>\n","protected":false},"author":1,"featured_media":0,"comment_status":"closed","ping_status":"open","sticky":false,"template":"","format":"standard","meta":{"_exactmetrics_skip_tracking":false,"_exactmetrics_sitenote_active":false,"_exactmetrics_sitenote_note":"","_exactmetrics_sitenote_category":0,"jetpack_post_was_ever_published":false,"_jetpack_newsletter_access":"","_jetpack_dont_email_post_to_subs":false,"_jetpack_newsletter_tier_id":0,"_jetpack_memberships_contains_paywalled_content":false,"_jetpack_memberships_contains_paid_content":false,"footnotes":"","jetpack_publicize_message":"","jetpack_publicize_feature_enabled":true,"jetpack_social_post_already_shared":true,"jetpack_social_options":{"image_generator_settings":{"template":"highway","enabled":false},"version":2}},"categories":[1],"tags":[],"class_list":["post-30845","post","type-post","status-publish","format-standard","hentry","category-notas"],"jetpack_publicize_connections":[],"jetpack_sharing_enabled":true,"jetpack_featured_media_url":"","jetpack_shortlink":"https:\/\/wp.me\/p7wKYW-81v","jetpack-related-posts":[],"_links":{"self":[{"href":"http:\/\/blogdalucianaoliveira.com.br\/blog\/wp-json\/wp\/v2\/posts\/30845","targetHints":{"allow":["GET"]}}],"collection":[{"href":"http:\/\/blogdalucianaoliveira.com.br\/blog\/wp-json\/wp\/v2\/posts"}],"about":[{"href":"http:\/\/blogdalucianaoliveira.com.br\/blog\/wp-json\/wp\/v2\/types\/post"}],"author":[{"embeddable":true,"href":"http:\/\/blogdalucianaoliveira.com.br\/blog\/wp-json\/wp\/v2\/users\/1"}],"replies":[{"embeddable":true,"href":"http:\/\/blogdalucianaoliveira.com.br\/blog\/wp-json\/wp\/v2\/comments?post=30845"}],"version-history":[{"count":1,"href":"http:\/\/blogdalucianaoliveira.com.br\/blog\/wp-json\/wp\/v2\/posts\/30845\/revisions"}],"predecessor-version":[{"id":30846,"href":"http:\/\/blogdalucianaoliveira.com.br\/blog\/wp-json\/wp\/v2\/posts\/30845\/revisions\/30846"}],"wp:attachment":[{"href":"http:\/\/blogdalucianaoliveira.com.br\/blog\/wp-json\/wp\/v2\/media?parent=30845"}],"wp:term":[{"taxonomy":"category","embeddable":true,"href":"http:\/\/blogdalucianaoliveira.com.br\/blog\/wp-json\/wp\/v2\/categories?post=30845"},{"taxonomy":"post_tag","embeddable":true,"href":"http:\/\/blogdalucianaoliveira.com.br\/blog\/wp-json\/wp\/v2\/tags?post=30845"}],"curies":[{"name":"wp","href":"https:\/\/api.w.org\/{rel}","templated":true}]}}