{"id":30850,"date":"2021-02-06T07:24:23","date_gmt":"2021-02-06T11:24:23","guid":{"rendered":"http:\/\/blogdalucianaoliveira.com.br\/blog\/?p=30850"},"modified":"2021-02-06T07:24:29","modified_gmt":"2021-02-06T11:24:29","slug":"a-desamazonizacao-da-amazonia","status":"publish","type":"post","link":"http:\/\/blogdalucianaoliveira.com.br\/blog\/2021\/02\/06\/a-desamazonizacao-da-amazonia\/","title":{"rendered":"A desamazoniza\u00e7\u00e3o da Amaz\u00f4nia"},"content":{"rendered":"\n<figure class=\"wp-block-image size-large\"><img data-recalc-dims=\"1\" loading=\"lazy\" decoding=\"async\" width=\"600\" height=\"400\" data-attachment-id=\"30851\" data-permalink=\"http:\/\/blogdalucianaoliveira.com.br\/blog\/2021\/02\/06\/a-desamazonizacao-da-amazonia\/251ace10-01ff-4206-b69d-970b1a770138\/\" data-orig-file=\"https:\/\/i0.wp.com\/blogdalucianaoliveira.com.br\/blog\/wp-content\/uploads\/2021\/02\/251ACE10-01FF-4206-B69D-970B1A770138.jpeg?fit=1024%2C683\" data-orig-size=\"1024,683\" data-comments-opened=\"0\" data-image-meta=\"{&quot;aperture&quot;:&quot;0&quot;,&quot;credit&quot;:&quot;&quot;,&quot;camera&quot;:&quot;&quot;,&quot;caption&quot;:&quot;&quot;,&quot;created_timestamp&quot;:&quot;0&quot;,&quot;copyright&quot;:&quot;&quot;,&quot;focal_length&quot;:&quot;0&quot;,&quot;iso&quot;:&quot;0&quot;,&quot;shutter_speed&quot;:&quot;0&quot;,&quot;title&quot;:&quot;&quot;,&quot;orientation&quot;:&quot;0&quot;}\" data-image-title=\"251ACE10-01FF-4206-B69D-970B1A770138\" data-image-description=\"\" data-image-caption=\"\" data-medium-file=\"https:\/\/i0.wp.com\/blogdalucianaoliveira.com.br\/blog\/wp-content\/uploads\/2021\/02\/251ACE10-01FF-4206-B69D-970B1A770138.jpeg?fit=300%2C200\" data-large-file=\"https:\/\/i0.wp.com\/blogdalucianaoliveira.com.br\/blog\/wp-content\/uploads\/2021\/02\/251ACE10-01FF-4206-B69D-970B1A770138.jpeg?fit=600%2C400\" src=\"https:\/\/i0.wp.com\/blogdalucianaoliveira.com.br\/blog\/wp-content\/uploads\/2021\/02\/251ACE10-01FF-4206-B69D-970B1A770138.jpeg?resize=600%2C400\" alt=\"\" class=\"wp-image-30851\" srcset=\"https:\/\/i0.wp.com\/blogdalucianaoliveira.com.br\/blog\/wp-content\/uploads\/2021\/02\/251ACE10-01FF-4206-B69D-970B1A770138.jpeg?w=1024 1024w, https:\/\/i0.wp.com\/blogdalucianaoliveira.com.br\/blog\/wp-content\/uploads\/2021\/02\/251ACE10-01FF-4206-B69D-970B1A770138.jpeg?resize=300%2C200 300w, https:\/\/i0.wp.com\/blogdalucianaoliveira.com.br\/blog\/wp-content\/uploads\/2021\/02\/251ACE10-01FF-4206-B69D-970B1A770138.jpeg?resize=768%2C512 768w, https:\/\/i0.wp.com\/blogdalucianaoliveira.com.br\/blog\/wp-content\/uploads\/2021\/02\/251ACE10-01FF-4206-B69D-970B1A770138.jpeg?resize=450%2C300 450w\" sizes=\"auto, (max-width: 600px) 100vw, 600px\" \/><\/figure>\n\n\n\n<p>\u00c9 preciso eleger um prefeito aberto \u00e0 agenda socioambiental em Uruar\u00e1 (PA), onde o Ibama s\u00f3 entra com escolta<\/p>\n\n\n\n<!--more-->\n\n\n\n<p><strong>Fabiano Maisonnave<\/strong>, na FSP<\/p>\n\n\n\n<p>No Acre, o PT, que governou por d\u00e9cadas sob o mote da &#8220;florestania&#8221;, n\u00e3o conseguiu eleger nem um vereador sequer em Rio Branco em 2020. Por outro lado, estreou no Legislativo municipal&nbsp;<a href=\"https:\/\/www1.folha.uol.com.br\/poder\/2017\/02\/1860386-justica-do-acre-libera-hildebrando-pascoal-para-o-regime-semiaberto.shtml\">Hildegard Pascoal&nbsp;<\/a>(PSL), ap\u00f3s campanha em que espalhou a sua imagem ao lado do pai, o ex-deputado federal Hildebrando. Aquele mesmo, condenado por esquartejar um homem com motosserra.<\/p>\n\n\n\n<p>Em Rond\u00f4nia, o presidente da Comiss\u00e3o de Meio Ambiente, deputado&nbsp;<a href=\"https:\/\/www1.folha.uol.com.br\/poder\/2020\/07\/deputado-grileiro-de-rondonia-cogitou-matar-procurador-aponta-pf.shtml\">Jean Oliveira (MDB)<\/a>, foi gravado pela PF cogitando assassinar um procurador de Estado por n\u00e3o &#8220;colaborar&#8221; com a grilagem de 64,6 mil hectares. Ele n\u00e3o s\u00f3 manteve o cargo como acaba de ser escolhido primeiro vice-presidente da Assembleia.<\/p>\n\n\n\n<p>Poderia encher todo este espa\u00e7o s\u00f3 com biografias nada ilustres de pol\u00edticos pela Amaz\u00f4nia, geralmente adeptos do discurso antiambientalista e policialesco. O leitor sulista dir\u00e1 que o mesmo ocorre no resto do Brasil. \u00c9 verdade, mas h\u00e1 diferen\u00e7as. Uma delas \u00e9 que, no Norte, o contrapeso \u00e9 m\u00ednimo, quase inexistente. Dos parlamentares amaz\u00f4nicos no Congresso, s\u00f3 a deputada Joenia Wapichana (Rede-RR) tem perfil socioambiental.<\/p>\n\n\n\n<p>No \u00e2mbito local, a agenda ambiental levou culpa at\u00e9 pelo colapso de Manaus, pesem os repetidos exemplos de m\u00e1 gest\u00e3o da sa\u00fade e das normas de isolamento. Pois o rec\u00e9m-empossado prefeito, David Almeida (Avante), atribuiu a crise da falta de oxig\u00eanio \u00e0 n\u00e3o pavimenta\u00e7\u00e3o da estrada que liga o estado ao resto do pa\u00eds.<\/p>\n\n\n\n<p>Em minoria demogr\u00e1fica, popula\u00e7\u00f5es ind\u00edgenas e tradicionais fazem resist\u00eancia, mas v\u00eam perdendo apoio institucional federal com o esvaziamento de \u00f3rg\u00e3os como Funai, Incra e ICMBio, al\u00e9m da paralisa\u00e7\u00e3o do Fundo Amaz\u00f4nia, que financia projetos sustent\u00e1veis.<\/p>\n\n\n\n<p>O ge\u00f3grafo Ricardo Gilson Silva, da Universidade Federal de Rond\u00f4nia, chama o processo de desamazoniza\u00e7\u00e3o da Amaz\u00f4nia. Impulsionado pelo agroneg\u00f3cio, prega a expans\u00e3o da soja e da pecu\u00e1ria, a privatiza\u00e7\u00e3o de terras p\u00fablicas e a persegui\u00e7\u00e3o aos movimentos sociais.<\/p>\n\n\n\n<p>\u00c9 claro que o agroneg\u00f3cio n\u00e3o emprega a maior parte das pessoas na Amaz\u00f4nia, mas seu modo de ver o mundo vem prevalecendo, aliado ao discurso linha-dura contra a criminalidade urbana. A derrota acachapante do PT do Acre, que n\u00e3o conseguiu implantar de fato o agroextrativismo e deixou que as fac\u00e7\u00f5es criminosas tomassem conta do estado, \u00e9 o exemplo mais eloquente.<\/p>\n\n\n\n<p>Contra esse arranjo, pouco importam declara\u00e7\u00f5es do presidente franc\u00eas, Emmanuel Macron, ou campanhas para derrubar o ministro Ricardo Salles (Ambiente). Mais relevante seria eleger um prefeito aberto \u00e0 agenda socioambiental em&nbsp;<a href=\"https:\/\/www1.folha.uol.com.br\/ambiente\/2020\/12\/volume-recorde-de-madeira-apreendida-esta-dentro-da-producao-autorizada-diz-governo-do-para.shtml\">Uruar\u00e1<\/a>&nbsp;(PA), que vive de madeira ilegal e onde o Ibama s\u00f3 entra com escolta. Quem se atreve?<\/p>\n","protected":false},"excerpt":{"rendered":"<p>\u00c9 preciso eleger um prefeito aberto \u00e0 agenda socioambiental em Uruar\u00e1 (PA), onde o Ibama s\u00f3 entra com escolta<\/p>\n","protected":false},"author":1,"featured_media":0,"comment_status":"closed","ping_status":"open","sticky":false,"template":"","format":"standard","meta":{"_exactmetrics_skip_tracking":false,"_exactmetrics_sitenote_active":false,"_exactmetrics_sitenote_note":"","_exactmetrics_sitenote_category":0,"jetpack_post_was_ever_published":false,"_jetpack_newsletter_access":"","_jetpack_dont_email_post_to_subs":false,"_jetpack_newsletter_tier_id":0,"_jetpack_memberships_contains_paywalled_content":false,"_jetpack_memberships_contains_paid_content":false,"footnotes":"","jetpack_publicize_message":"","jetpack_publicize_feature_enabled":true,"jetpack_social_post_already_shared":true,"jetpack_social_options":{"image_generator_settings":{"template":"highway","enabled":false},"version":2}},"categories":[1],"tags":[],"class_list":["post-30850","post","type-post","status-publish","format-standard","hentry","category-notas"],"jetpack_publicize_connections":[],"jetpack_sharing_enabled":true,"jetpack_featured_media_url":"","jetpack_shortlink":"https:\/\/wp.me\/p7wKYW-81A","jetpack-related-posts":[],"_links":{"self":[{"href":"http:\/\/blogdalucianaoliveira.com.br\/blog\/wp-json\/wp\/v2\/posts\/30850","targetHints":{"allow":["GET"]}}],"collection":[{"href":"http:\/\/blogdalucianaoliveira.com.br\/blog\/wp-json\/wp\/v2\/posts"}],"about":[{"href":"http:\/\/blogdalucianaoliveira.com.br\/blog\/wp-json\/wp\/v2\/types\/post"}],"author":[{"embeddable":true,"href":"http:\/\/blogdalucianaoliveira.com.br\/blog\/wp-json\/wp\/v2\/users\/1"}],"replies":[{"embeddable":true,"href":"http:\/\/blogdalucianaoliveira.com.br\/blog\/wp-json\/wp\/v2\/comments?post=30850"}],"version-history":[{"count":1,"href":"http:\/\/blogdalucianaoliveira.com.br\/blog\/wp-json\/wp\/v2\/posts\/30850\/revisions"}],"predecessor-version":[{"id":30852,"href":"http:\/\/blogdalucianaoliveira.com.br\/blog\/wp-json\/wp\/v2\/posts\/30850\/revisions\/30852"}],"wp:attachment":[{"href":"http:\/\/blogdalucianaoliveira.com.br\/blog\/wp-json\/wp\/v2\/media?parent=30850"}],"wp:term":[{"taxonomy":"category","embeddable":true,"href":"http:\/\/blogdalucianaoliveira.com.br\/blog\/wp-json\/wp\/v2\/categories?post=30850"},{"taxonomy":"post_tag","embeddable":true,"href":"http:\/\/blogdalucianaoliveira.com.br\/blog\/wp-json\/wp\/v2\/tags?post=30850"}],"curies":[{"name":"wp","href":"https:\/\/api.w.org\/{rel}","templated":true}]}}