{"id":30853,"date":"2021-02-08T07:11:25","date_gmt":"2021-02-08T11:11:25","guid":{"rendered":"http:\/\/blogdalucianaoliveira.com.br\/blog\/?p=30853"},"modified":"2021-02-08T07:11:29","modified_gmt":"2021-02-08T11:11:29","slug":"por-que-amamos-odiar","status":"publish","type":"post","link":"http:\/\/blogdalucianaoliveira.com.br\/blog\/2021\/02\/08\/por-que-amamos-odiar\/","title":{"rendered":"Por que amamos odiar?"},"content":{"rendered":"\n<figure class=\"wp-block-image size-large\"><img data-recalc-dims=\"1\" loading=\"lazy\" decoding=\"async\" width=\"600\" height=\"312\" data-attachment-id=\"30854\" data-permalink=\"http:\/\/blogdalucianaoliveira.com.br\/blog\/2021\/02\/08\/por-que-amamos-odiar\/2b5c658d-b1b1-4158-85c2-e507ce9d22b1\/\" data-orig-file=\"https:\/\/i0.wp.com\/blogdalucianaoliveira.com.br\/blog\/wp-content\/uploads\/2021\/02\/2B5C658D-B1B1-4158-85C2-E507CE9D22B1.jpeg?fit=828%2C430\" data-orig-size=\"828,430\" data-comments-opened=\"0\" data-image-meta=\"{&quot;aperture&quot;:&quot;0&quot;,&quot;credit&quot;:&quot;&quot;,&quot;camera&quot;:&quot;&quot;,&quot;caption&quot;:&quot;&quot;,&quot;created_timestamp&quot;:&quot;0&quot;,&quot;copyright&quot;:&quot;&quot;,&quot;focal_length&quot;:&quot;0&quot;,&quot;iso&quot;:&quot;0&quot;,&quot;shutter_speed&quot;:&quot;0&quot;,&quot;title&quot;:&quot;&quot;,&quot;orientation&quot;:&quot;1&quot;}\" data-image-title=\"2B5C658D-B1B1-4158-85C2-E507CE9D22B1\" data-image-description=\"\" data-image-caption=\"\" data-medium-file=\"https:\/\/i0.wp.com\/blogdalucianaoliveira.com.br\/blog\/wp-content\/uploads\/2021\/02\/2B5C658D-B1B1-4158-85C2-E507CE9D22B1.jpeg?fit=300%2C156\" data-large-file=\"https:\/\/i0.wp.com\/blogdalucianaoliveira.com.br\/blog\/wp-content\/uploads\/2021\/02\/2B5C658D-B1B1-4158-85C2-E507CE9D22B1.jpeg?fit=600%2C312\" src=\"https:\/\/i0.wp.com\/blogdalucianaoliveira.com.br\/blog\/wp-content\/uploads\/2021\/02\/2B5C658D-B1B1-4158-85C2-E507CE9D22B1.jpeg?resize=600%2C312\" alt=\"\" class=\"wp-image-30854\" srcset=\"https:\/\/i0.wp.com\/blogdalucianaoliveira.com.br\/blog\/wp-content\/uploads\/2021\/02\/2B5C658D-B1B1-4158-85C2-E507CE9D22B1.jpeg?w=828 828w, https:\/\/i0.wp.com\/blogdalucianaoliveira.com.br\/blog\/wp-content\/uploads\/2021\/02\/2B5C658D-B1B1-4158-85C2-E507CE9D22B1.jpeg?resize=300%2C156 300w, https:\/\/i0.wp.com\/blogdalucianaoliveira.com.br\/blog\/wp-content\/uploads\/2021\/02\/2B5C658D-B1B1-4158-85C2-E507CE9D22B1.jpeg?resize=768%2C399 768w, https:\/\/i0.wp.com\/blogdalucianaoliveira.com.br\/blog\/wp-content\/uploads\/2021\/02\/2B5C658D-B1B1-4158-85C2-E507CE9D22B1.jpeg?resize=578%2C300 578w\" sizes=\"auto, (max-width: 600px) 100vw, 600px\" \/><\/figure>\n\n\n\n<p>Impressionante o que est\u00e1 acontecendo no #bbb21. O Lucas Penteado, o ator, rapper, negro, abandona o BBB colocando a \u00fanica quest\u00e3o que vale a pena colocar diante de um programa cuja estrutura \u00e9 a do \u201czool\u00f3gico humano\u201d, que cria um ambiente de confinamento artificial e press\u00e3o psicol\u00f3gica onde as pessoas exp\u00f5em o pior de si!<\/p>\n\n\n\n<!--more-->\n\n\n\n<p><a href=\"https:\/\/midianinja.org\/author\/ivanabentes\/\">POR IVANA BENTES<\/a>, M\u00eddia Ninja <\/p>\n\n\n\n<p>Por que esse programa existe e \u00e9 celebrado e desejado? Qual a sociedade e os espectadores que querem participar na zona de conforto das suas casas como os ju\u00edzes do mundo?<\/p>\n\n\n\n<p>Por que amamos odiar? Pared\u00e3o, eliminar, imunizar, matar simbolicamente, e escolher sobreviventes vencedores que passaram por todas as humilha\u00e7\u00f5es \u00e9 a estrutura que nos adestra e naturaliza o darwinismo social. Ven\u00e7a o mais h\u00e1bil!<\/p>\n\n\n\n<p>Em um momento em que n\u00f3s estamos confinados por uma pandemia, e milhares de pessoas est\u00e3o em suas casas tamb\u00e9m sofrendo press\u00e3o, ass\u00e9dio, bullying, o #BBB21 virou um espelho amplificado de tudo o que a sociedade tem de pior: a ideia do jogo de sobreviv\u00eancia e de rivalidade dos mais fortes, dos mais articulados, dos mais capazes de \u201cjogar\u201d com dom\u00ednio das narrativas.<\/p>\n\n\n\n<p>S\u00e3o muitas situa\u00e7\u00f5es e vale analisar com mais cuidado para al\u00e9m dessa histeria canceladora das pessoas.<\/p>\n\n\n\n<p>O problema n\u00e3o \u00e9 a Karol Conk\u00e1 e nem o Lucas: \u00e9 o que o programa exige! Narrativas de superioridade moral, autoestima avassaladora, produ\u00e7\u00e3o de rivalidade, exig\u00eancia de ultra performance sob press\u00e3o absurdas para vencer no jogo da casa e no jogo social.<\/p>\n\n\n\n<p>O Lucas e a Karol Conk\u00e1 s\u00e3o artistas incr\u00edveis e pessoas com personalidades complexas, com defeitos, loucuras, todas trat\u00e1veis \ud83d\ude43&nbsp; e n\u00e3o caricaturas.<\/p>\n\n\n\n<p>No BBB viram caricaturas e s\u00e3o reduzidas a tipos! O BBB \u00e9 pedag\u00f3gico!<\/p>\n\n\n\n<p>Mas acredito que no futuro um&nbsp;<em>reality show<\/em>&nbsp;que permite humilha\u00e7\u00e3o, coloca as pessoas em risco de sa\u00fade mental, observa sem intervir em situa\u00e7\u00f5es de&nbsp;<em>bullying<\/em>&nbsp;e opress\u00e3o em nome do \u201cshow tem que continuar\u201c, audi\u00eancia e publicidade poder\u00e3o ser banidas e execradas. N\u00e3o as pessoas! Mas o dispositivo!<\/p>\n\n\n\n<p>Existe hoje uma ind\u00fastria do \u00f3dio (o neg\u00f3cio da polariza\u00e7\u00e3o pol\u00edtica, das fake news , do cancelamento midiativo, etc). Onde est\u00e3o os jogos de empatia? Os jogos de forma\u00e7\u00e3o pol\u00edtica, os jogos de solidariedade, etc?<\/p>\n\n\n\n<p>Os jogos romanos com gladiadores e animais tamb\u00e9m foram um espet\u00e1culo e entretenimento popular, desejado e festejado na Roma antiga.<\/p>\n\n\n\n<p>Podiam ser usados como uma forma de execu\u00e7\u00e3o p\u00fablica para criminosos condenados, que eram levados para a arena para serem crucificados, queimados vivos, mortos a espada, ou mortos por animais selvagens.<\/p>\n\n\n\n<p>Cada penalidade era diferenciada de acordo com a posi\u00e7\u00e3o e a classe social do criminoso.<\/p>\n\n\n\n<p>O garoto Lucas ao desistir de ganhar um milh\u00e3o, ao desistir do BBB depois de assumir que \u00e9 bissexual e ser zoado, depois de ter sido identificado como o \u201cgaroto problema\u201d, o que n\u00e3o segura a onda com \u00e1lcool, o que n\u00e3o sabe se portar e perde a linha etc etc etc.<\/p>\n\n\n\n<p>O garoto da perifa que n\u00e3o domina os c\u00f3digos, fez o que milhares de garotos performam na vida: s\u00e3o levados a desistir, pode ser desistir da fam\u00edlia, desistir da escola, desistir de um emprego ou do maior programa de entretenimento do Brasil e de um milh\u00e3o.<\/p>\n\n\n\n<p>Mas sua sa\u00edda e desist\u00eancia n\u00e3o s\u00e3o um problema \u201cseu\u201d, colocam em xeque o sistema todo! Uma empresa \u00e9tica talvez acabasse com o BBB nessa sa\u00edda ou na sua atual forma!<\/p>\n\n\n\n<p>Viva os que tem coragem de sair dos sistemas! N\u00f3s espectadores ainda n\u00e3o estamos nesse patamar a que Lucas chegou de desconstru\u00e7\u00e3o!<\/p>\n\n\n\n<p>Lucas deu um&nbsp;<em>foda-se<\/em>&nbsp;para o BBB, para seus anunciantes, para a sociedade dos ju\u00edzes do mundo e para todos n\u00f3s!<\/p>\n\n\n\n<p>S\u00f3 quem j\u00e1 perdeu tudo na vida e n\u00e3o tem mais nada a perder tem essa coragem e liberdade! #bbb21<\/p>\n\n\n\n<p>P.S. E a gente confinado em outro BBB com um personagem genocida destruindo a casa, uma mulher suspeita de matar o marido na C\u00e2mara dos Deputados, escroques mil tomando conta do Estado. Vamos direcionar nosso \u00f3dio e f\u00faria, essa energia julgadora \u00e9 impressionante, para quem est\u00e1 destruindo o Brasil.<\/p>\n","protected":false},"excerpt":{"rendered":"<p>Impressionante o que est\u00e1 acontecendo no #bbb21. O Lucas Penteado, o ator, rapper, negro, abandona o BBB colocando a \u00fanica quest\u00e3o que vale a pena colocar diante de um programa cuja estrutura \u00e9 a do \u201czool\u00f3gico humano\u201d, que cria um ambiente de confinamento artificial e press\u00e3o psicol\u00f3gica onde as pessoas exp\u00f5em o pior de si!<\/p>\n","protected":false},"author":1,"featured_media":0,"comment_status":"closed","ping_status":"open","sticky":false,"template":"","format":"standard","meta":{"_exactmetrics_skip_tracking":false,"_exactmetrics_sitenote_active":false,"_exactmetrics_sitenote_note":"","_exactmetrics_sitenote_category":0,"jetpack_post_was_ever_published":false,"_jetpack_newsletter_access":"","_jetpack_dont_email_post_to_subs":false,"_jetpack_newsletter_tier_id":0,"_jetpack_memberships_contains_paywalled_content":false,"_jetpack_memberships_contains_paid_content":false,"footnotes":"","jetpack_publicize_message":"","jetpack_publicize_feature_enabled":true,"jetpack_social_post_already_shared":true,"jetpack_social_options":{"image_generator_settings":{"template":"highway","enabled":false},"version":2}},"categories":[1],"tags":[],"class_list":["post-30853","post","type-post","status-publish","format-standard","hentry","category-notas"],"jetpack_publicize_connections":[],"jetpack_sharing_enabled":true,"jetpack_featured_media_url":"","jetpack_shortlink":"https:\/\/wp.me\/p7wKYW-81D","jetpack-related-posts":[],"_links":{"self":[{"href":"http:\/\/blogdalucianaoliveira.com.br\/blog\/wp-json\/wp\/v2\/posts\/30853","targetHints":{"allow":["GET"]}}],"collection":[{"href":"http:\/\/blogdalucianaoliveira.com.br\/blog\/wp-json\/wp\/v2\/posts"}],"about":[{"href":"http:\/\/blogdalucianaoliveira.com.br\/blog\/wp-json\/wp\/v2\/types\/post"}],"author":[{"embeddable":true,"href":"http:\/\/blogdalucianaoliveira.com.br\/blog\/wp-json\/wp\/v2\/users\/1"}],"replies":[{"embeddable":true,"href":"http:\/\/blogdalucianaoliveira.com.br\/blog\/wp-json\/wp\/v2\/comments?post=30853"}],"version-history":[{"count":1,"href":"http:\/\/blogdalucianaoliveira.com.br\/blog\/wp-json\/wp\/v2\/posts\/30853\/revisions"}],"predecessor-version":[{"id":30855,"href":"http:\/\/blogdalucianaoliveira.com.br\/blog\/wp-json\/wp\/v2\/posts\/30853\/revisions\/30855"}],"wp:attachment":[{"href":"http:\/\/blogdalucianaoliveira.com.br\/blog\/wp-json\/wp\/v2\/media?parent=30853"}],"wp:term":[{"taxonomy":"category","embeddable":true,"href":"http:\/\/blogdalucianaoliveira.com.br\/blog\/wp-json\/wp\/v2\/categories?post=30853"},{"taxonomy":"post_tag","embeddable":true,"href":"http:\/\/blogdalucianaoliveira.com.br\/blog\/wp-json\/wp\/v2\/tags?post=30853"}],"curies":[{"name":"wp","href":"https:\/\/api.w.org\/{rel}","templated":true}]}}