{"id":30856,"date":"2021-02-08T12:21:21","date_gmt":"2021-02-08T16:21:21","guid":{"rendered":"http:\/\/blogdalucianaoliveira.com.br\/blog\/?p=30856"},"modified":"2021-02-08T12:21:27","modified_gmt":"2021-02-08T16:21:27","slug":"luis-felipe-miguel-candidaturas-nao-atrapalham-esquerda-precisa-e-de-unidade-nas-ruas","status":"publish","type":"post","link":"http:\/\/blogdalucianaoliveira.com.br\/blog\/2021\/02\/08\/luis-felipe-miguel-candidaturas-nao-atrapalham-esquerda-precisa-e-de-unidade-nas-ruas\/","title":{"rendered":"Luis Felipe Miguel: candidaturas n\u00e3o atrapalham, esquerda precisa \u00e9 de unidade nas ruas"},"content":{"rendered":"\n<figure class=\"wp-block-image size-large\"><img loading=\"lazy\" decoding=\"async\" width=\"1250\" height=\"600\" data-attachment-id=\"30857\" data-permalink=\"http:\/\/blogdalucianaoliveira.com.br\/blog\/2021\/02\/08\/luis-felipe-miguel-candidaturas-nao-atrapalham-esquerda-precisa-e-de-unidade-nas-ruas\/042a3a85-2875-4f3f-bc20-d00b514ffbee\/\" data-orig-file=\"https:\/\/i0.wp.com\/blogdalucianaoliveira.com.br\/blog\/wp-content\/uploads\/2021\/02\/042A3A85-2875-4F3F-BC20-D00B514FFBEE.jpeg?fit=1250%2C600\" data-orig-size=\"1250,600\" data-comments-opened=\"0\" data-image-meta=\"{&quot;aperture&quot;:&quot;0&quot;,&quot;credit&quot;:&quot;&quot;,&quot;camera&quot;:&quot;&quot;,&quot;caption&quot;:&quot;&quot;,&quot;created_timestamp&quot;:&quot;0&quot;,&quot;copyright&quot;:&quot;&quot;,&quot;focal_length&quot;:&quot;0&quot;,&quot;iso&quot;:&quot;0&quot;,&quot;shutter_speed&quot;:&quot;0&quot;,&quot;title&quot;:&quot;&quot;,&quot;orientation&quot;:&quot;0&quot;}\" data-image-title=\"042A3A85-2875-4F3F-BC20-D00B514FFBEE\" data-image-description=\"\" data-image-caption=\"\" data-medium-file=\"https:\/\/i0.wp.com\/blogdalucianaoliveira.com.br\/blog\/wp-content\/uploads\/2021\/02\/042A3A85-2875-4F3F-BC20-D00B514FFBEE.jpeg?fit=300%2C144\" data-large-file=\"https:\/\/i0.wp.com\/blogdalucianaoliveira.com.br\/blog\/wp-content\/uploads\/2021\/02\/042A3A85-2875-4F3F-BC20-D00B514FFBEE.jpeg?fit=600%2C288\" src=\"https:\/\/i0.wp.com\/blogdalucianaoliveira.com.br\/blog\/wp-content\/uploads\/2021\/02\/042A3A85-2875-4F3F-BC20-D00B514FFBEE.jpeg?fit=600%2C288\" alt=\"\" class=\"wp-image-30857\" srcset=\"https:\/\/i0.wp.com\/blogdalucianaoliveira.com.br\/blog\/wp-content\/uploads\/2021\/02\/042A3A85-2875-4F3F-BC20-D00B514FFBEE.jpeg?w=1250 1250w, https:\/\/i0.wp.com\/blogdalucianaoliveira.com.br\/blog\/wp-content\/uploads\/2021\/02\/042A3A85-2875-4F3F-BC20-D00B514FFBEE.jpeg?resize=300%2C144 300w, https:\/\/i0.wp.com\/blogdalucianaoliveira.com.br\/blog\/wp-content\/uploads\/2021\/02\/042A3A85-2875-4F3F-BC20-D00B514FFBEE.jpeg?resize=1024%2C492 1024w, https:\/\/i0.wp.com\/blogdalucianaoliveira.com.br\/blog\/wp-content\/uploads\/2021\/02\/042A3A85-2875-4F3F-BC20-D00B514FFBEE.jpeg?resize=768%2C369 768w, https:\/\/i0.wp.com\/blogdalucianaoliveira.com.br\/blog\/wp-content\/uploads\/2021\/02\/042A3A85-2875-4F3F-BC20-D00B514FFBEE.jpeg?resize=625%2C300 625w, https:\/\/i0.wp.com\/blogdalucianaoliveira.com.br\/blog\/wp-content\/uploads\/2021\/02\/042A3A85-2875-4F3F-BC20-D00B514FFBEE.jpeg?w=1200 1200w\" sizes=\"auto, (max-width: 600px) 100vw, 600px\" \/><\/figure>\n\n\n\n<p><strong>Por Luis Felipe Miguel, em seu&nbsp;<\/strong><a href=\"https:\/\/www.facebook.com\/luisfelipemiguel.unb\/posts\/10219091801466839\"><strong>Facebook<\/strong><\/a><strong>&nbsp;<\/strong>&#8211; \u00c9 \u00f3bvio que Haddad \u00e9 candidato potencial \u00e0 presid\u00eancia em 2022. Assim como Boulos \u00e9. E Fl\u00e1vio Dino. E Ciro Gomes.<\/p>\n\n\n\n<!--more-->\n\n\n\n<p>Alguns optam por assumir a candidatura desde logo, outros preferem n\u00e3o. Tem a ver com as circunst\u00e2ncias de cada um.&nbsp;<\/p>\n\n\n\n<p>Mas todo mundo que acompanha a pol\u00edtica brasileira, mesmo de longe, sabe que s\u00e3o esses os nomes. E todos eles agem de maneira a viabilizar essa pretens\u00e3o. Isso \u00e9 normal, \u00e9 da pol\u00edtica.<\/p>\n\n\n\n<p>Podemos sonhar com uma pol\u00edtica em que a ambi\u00e7\u00e3o pessoal esteja banida.&nbsp;<\/p>\n\n\n\n<p>Mas n\u00e3o deixar\u00e1 de ser sonho.\u00a0<br><\/p>\n\n\n\n<p>O importante \u00e9 que essa ambi\u00e7\u00e3o n\u00e3o turve os compromissos de fundo, n\u00e3o opere contra um projeto que deve ser maior, muito maior que ela.&nbsp;<\/p>\n\n\n\n<p>Dos quatro nomes que citei no come\u00e7o, s\u00f3 um, at\u00e9 onde posso ver, n\u00e3o cumpre esse requisito.<\/p>\n\n\n\n<p>N\u00e3o \u00e9 a exist\u00eancia ou inexist\u00eancia de nomes na rua que atrapalha a constru\u00e7\u00e3o de uma unidade da esquerda.&nbsp;<\/p>\n\n\n\n<p>Atacar Haddad por causa de uma frase numa entrevista me parece, francamente, uma besteira.\u00a0<br><\/p>\n\n\n\n<p>Ou, em alguns casos, uma hipocrisia: gente que lan\u00e7ou Boulos \u00e0 presid\u00eancia no dia seguinte \u00e0 derrota dele nas elei\u00e7\u00f5es paulistanas agora se escandaliza com a &#8220;precipita\u00e7\u00e3o&#8221; de Haddad.<\/p>\n\n\n\n<p>De resto, \u00e9 equivocado &#8211; e ilus\u00f3rio &#8211; atrelar a unidade da esquerda a uma coliga\u00e7\u00e3o nas elei\u00e7\u00f5es presidenciais.&nbsp;<\/p>\n\n\n\n<p>Por motivos diferentes, mas igualmente leg\u00edtimos, tanto PT quanto PSOL dificilmente deixar\u00e3o de ter candidatos pr\u00f3prios. Al\u00e9m de Ciro, \u00e9 claro.<\/p>\n\n\n\n<p>O PT \u00e9 o maior partido da esquerda, o \u00fanico partido brasileiro que colocou seus candidatos entre os dois primeiros em todas as elei\u00e7\u00f5es presidenciais desde a redemocratiza\u00e7\u00e3o, conta com a for\u00e7a de Lula e o pr\u00f3prio Haddad teve 47 milh\u00f5es de votos em 2018.&nbsp;<\/p>\n\n\n\n<p>\u00c9 natural que um partido desse porte tenha candidato pr\u00f3prio.<\/p>\n\n\n\n<p>O PSOL luta por estabelecer um espa\u00e7o pol\u00edtico \u00e0 esquerda do PT. Trilha o estreito caminho que lhe permite manter essa identidade na conjuntura de brutal retrocesso no Brasil, que tende a amassar toda a esquerda derrotada num mesmo am\u00e1lgama.&nbsp;<\/p>\n\n\n\n<p>A candidatura presidencial \u00e9 importante por isso.<\/p>\n\n\n\n<p>E, mais diretamente, sem candidato pr\u00f3prio que puxe a identifica\u00e7\u00e3o do eleitorado, o PSOL corre o s\u00e9rio risco de n\u00e3o superar a cl\u00e1usula de barreira, o que dificulta enormemente sua sobreviv\u00eancia como partido. Em 2018 ele passou raspando &#8211; e para 2022 o sarrafo ser\u00e1 elevado.<\/p>\n\n\n\n<p>O que \u00e9 preciso \u00e9 unidade na luta, nas ruas. E que os candidatos, que certamente ser\u00e3o diversos, sejam capazes de entender que est\u00e3o no mesmo campo, a despeito das diferen\u00e7as, evitando agress\u00f5es desnecess\u00e1rias e garantindo empenho total no segundo turno.&nbsp;<\/p>\n\n\n\n<p>O au\u00ea artificialmente criado em torno do n\u00e3o-fato pol\u00edtico que foi a &#8220;revela\u00e7\u00e3o&#8221; de que Haddad \u00e9 potencial candidato n\u00e3o ajuda nada nessa dire\u00e7\u00e3o.<\/p>\n","protected":false},"excerpt":{"rendered":"<p>Por Luis Felipe Miguel, em seu&nbsp;Facebook&nbsp;&#8211; \u00c9 \u00f3bvio que Haddad \u00e9 candidato potencial \u00e0 presid\u00eancia em 2022. Assim como Boulos \u00e9. E Fl\u00e1vio Dino. E Ciro Gomes.<\/p>\n","protected":false},"author":1,"featured_media":0,"comment_status":"closed","ping_status":"open","sticky":false,"template":"","format":"standard","meta":{"_exactmetrics_skip_tracking":false,"_exactmetrics_sitenote_active":false,"_exactmetrics_sitenote_note":"","_exactmetrics_sitenote_category":0,"jetpack_post_was_ever_published":false,"_jetpack_newsletter_access":"","_jetpack_dont_email_post_to_subs":false,"_jetpack_newsletter_tier_id":0,"_jetpack_memberships_contains_paywalled_content":false,"_jetpack_memberships_contains_paid_content":false,"footnotes":"","jetpack_publicize_message":"","jetpack_publicize_feature_enabled":true,"jetpack_social_post_already_shared":true,"jetpack_social_options":{"image_generator_settings":{"template":"highway","enabled":false},"version":2}},"categories":[1],"tags":[],"class_list":["post-30856","post","type-post","status-publish","format-standard","hentry","category-notas"],"jetpack_publicize_connections":[],"jetpack_sharing_enabled":true,"jetpack_featured_media_url":"","jetpack_shortlink":"https:\/\/wp.me\/p7wKYW-81G","jetpack-related-posts":[],"_links":{"self":[{"href":"http:\/\/blogdalucianaoliveira.com.br\/blog\/wp-json\/wp\/v2\/posts\/30856","targetHints":{"allow":["GET"]}}],"collection":[{"href":"http:\/\/blogdalucianaoliveira.com.br\/blog\/wp-json\/wp\/v2\/posts"}],"about":[{"href":"http:\/\/blogdalucianaoliveira.com.br\/blog\/wp-json\/wp\/v2\/types\/post"}],"author":[{"embeddable":true,"href":"http:\/\/blogdalucianaoliveira.com.br\/blog\/wp-json\/wp\/v2\/users\/1"}],"replies":[{"embeddable":true,"href":"http:\/\/blogdalucianaoliveira.com.br\/blog\/wp-json\/wp\/v2\/comments?post=30856"}],"version-history":[{"count":1,"href":"http:\/\/blogdalucianaoliveira.com.br\/blog\/wp-json\/wp\/v2\/posts\/30856\/revisions"}],"predecessor-version":[{"id":30858,"href":"http:\/\/blogdalucianaoliveira.com.br\/blog\/wp-json\/wp\/v2\/posts\/30856\/revisions\/30858"}],"wp:attachment":[{"href":"http:\/\/blogdalucianaoliveira.com.br\/blog\/wp-json\/wp\/v2\/media?parent=30856"}],"wp:term":[{"taxonomy":"category","embeddable":true,"href":"http:\/\/blogdalucianaoliveira.com.br\/blog\/wp-json\/wp\/v2\/categories?post=30856"},{"taxonomy":"post_tag","embeddable":true,"href":"http:\/\/blogdalucianaoliveira.com.br\/blog\/wp-json\/wp\/v2\/tags?post=30856"}],"curies":[{"name":"wp","href":"https:\/\/api.w.org\/{rel}","templated":true}]}}