{"id":30861,"date":"2021-02-08T21:52:28","date_gmt":"2021-02-09T01:52:28","guid":{"rendered":"http:\/\/blogdalucianaoliveira.com.br\/blog\/?p=30861"},"modified":"2021-02-08T21:57:03","modified_gmt":"2021-02-09T01:57:03","slug":"painel-em-homenagem-a-vitimas-da-covid-e-alvo-de-ataque-na-capital","status":"publish","type":"post","link":"http:\/\/blogdalucianaoliveira.com.br\/blog\/2021\/02\/08\/painel-em-homenagem-a-vitimas-da-covid-e-alvo-de-ataque-na-capital\/","title":{"rendered":"Painel em homenagem \u00e0 v\u00edtimas da Covid  \u00e9 alvo de ataque na capital"},"content":{"rendered":"\n<figure class=\"wp-block-image size-large\"><img loading=\"lazy\" decoding=\"async\" width=\"2560\" height=\"1923\" data-attachment-id=\"30862\" data-permalink=\"http:\/\/blogdalucianaoliveira.com.br\/blog\/2021\/02\/08\/painel-em-homenagem-a-vitimas-da-covid-e-alvo-de-ataque-na-capital\/3124a584-4ed9-4109-8c4b-7116849d0c14\/\" data-orig-file=\"https:\/\/i0.wp.com\/blogdalucianaoliveira.com.br\/blog\/wp-content\/uploads\/2021\/02\/3124A584-4ED9-4109-8C4B-7116849D0C14-scaled.jpeg?fit=2560%2C1923\" data-orig-size=\"2560,1923\" data-comments-opened=\"0\" data-image-meta=\"{&quot;aperture&quot;:&quot;0&quot;,&quot;credit&quot;:&quot;&quot;,&quot;camera&quot;:&quot;&quot;,&quot;caption&quot;:&quot;&quot;,&quot;created_timestamp&quot;:&quot;0&quot;,&quot;copyright&quot;:&quot;&quot;,&quot;focal_length&quot;:&quot;0&quot;,&quot;iso&quot;:&quot;0&quot;,&quot;shutter_speed&quot;:&quot;0&quot;,&quot;title&quot;:&quot;&quot;,&quot;orientation&quot;:&quot;1&quot;}\" data-image-title=\"3124A584-4ED9-4109-8C4B-7116849D0C14\" data-image-description=\"\" data-image-caption=\"\" data-medium-file=\"https:\/\/i0.wp.com\/blogdalucianaoliveira.com.br\/blog\/wp-content\/uploads\/2021\/02\/3124A584-4ED9-4109-8C4B-7116849D0C14-scaled.jpeg?fit=300%2C225\" data-large-file=\"https:\/\/i0.wp.com\/blogdalucianaoliveira.com.br\/blog\/wp-content\/uploads\/2021\/02\/3124A584-4ED9-4109-8C4B-7116849D0C14-scaled.jpeg?fit=600%2C451\" src=\"https:\/\/i2.wp.com\/blogdalucianaoliveira.com.br\/blog\/wp-content\/uploads\/2021\/02\/3124A584-4ED9-4109-8C4B-7116849D0C14-scaled.jpeg?fit=600%2C451\" alt=\"\" class=\"wp-image-30862\" srcset=\"https:\/\/i0.wp.com\/blogdalucianaoliveira.com.br\/blog\/wp-content\/uploads\/2021\/02\/3124A584-4ED9-4109-8C4B-7116849D0C14-scaled.jpeg?w=2560 2560w, https:\/\/i0.wp.com\/blogdalucianaoliveira.com.br\/blog\/wp-content\/uploads\/2021\/02\/3124A584-4ED9-4109-8C4B-7116849D0C14-scaled.jpeg?resize=300%2C225 300w, https:\/\/i0.wp.com\/blogdalucianaoliveira.com.br\/blog\/wp-content\/uploads\/2021\/02\/3124A584-4ED9-4109-8C4B-7116849D0C14-scaled.jpeg?resize=1024%2C769 1024w, https:\/\/i0.wp.com\/blogdalucianaoliveira.com.br\/blog\/wp-content\/uploads\/2021\/02\/3124A584-4ED9-4109-8C4B-7116849D0C14-scaled.jpeg?resize=768%2C577 768w, https:\/\/i0.wp.com\/blogdalucianaoliveira.com.br\/blog\/wp-content\/uploads\/2021\/02\/3124A584-4ED9-4109-8C4B-7116849D0C14-scaled.jpeg?resize=1536%2C1154 1536w, https:\/\/i0.wp.com\/blogdalucianaoliveira.com.br\/blog\/wp-content\/uploads\/2021\/02\/3124A584-4ED9-4109-8C4B-7116849D0C14-scaled.jpeg?resize=2048%2C1538 2048w, https:\/\/i0.wp.com\/blogdalucianaoliveira.com.br\/blog\/wp-content\/uploads\/2021\/02\/3124A584-4ED9-4109-8C4B-7116849D0C14-scaled.jpeg?resize=399%2C300 399w, https:\/\/i0.wp.com\/blogdalucianaoliveira.com.br\/blog\/wp-content\/uploads\/2021\/02\/3124A584-4ED9-4109-8C4B-7116849D0C14-scaled.jpeg?w=1200 1200w, https:\/\/i0.wp.com\/blogdalucianaoliveira.com.br\/blog\/wp-content\/uploads\/2021\/02\/3124A584-4ED9-4109-8C4B-7116849D0C14-scaled.jpeg?w=1800 1800w\" sizes=\"auto, (max-width: 600px) 100vw, 600px\" \/><\/figure>\n\n\n\n<p>Os banners com mensagens e mais de duas mil fitas foram colocados no \u00faltimo s\u00e1bado ao lado do gin\u00e1sio Cl\u00e1udio Coutinho.<\/p>\n\n\n\n<p>Do local sairia no domingo, 7, o desfile do Bloco Pirarucu do Madeira, o segundo mais antigo do carnaval de Porto Velho em atividade.<\/p>\n\n\n\n<!--more-->\n\n\n\n<p>Em raz\u00e3o da pandemia a diretoria do bloco cancelou o desfile e fez a a\u00e7\u00e3o em solidariedade \u00e0s v\u00edtimas da Covid-10 no estado e em agradecimento aos profissionais que atuam na linha de frente.<\/p>\n\n\n\n<p>Antes mesmo dos dirigentes do bloco perceberam o ataque ao painel, um desconhecido tomou a iniciativa de recolocar como pode os banners e as fitas.<\/p>\n\n\n\n<p>\u201cVoltamos para tentar deixar como estava, mas estamos felizes por ver que al\u00e9m de n\u00f3s, algu\u00e9m se indignou com a destrui\u00e7\u00e3o e refez o painel. A nossa a\u00e7\u00e3o foi um gesto de compaix\u00e3o pelas v\u00edtimas. Deveria ser respeitada, n\u00e3o alvo de ataque. S\u00e3o tempos de descomunal estupidez e brutalidade\u201d, disse o presidente do bloco, Ernande Segismundo.\u00a0<br><\/p>\n\n\n\n<figure class=\"wp-block-embed-youtube wp-block-embed is-type-video is-provider-youtube wp-embed-aspect-16-9 wp-has-aspect-ratio\"><div class=\"wp-block-embed__wrapper\">\n<div class=\"jetpack-video-wrapper\"><iframe loading=\"lazy\" title=\"Bloco Pirarucu do Madeira\" width=\"600\" height=\"338\" src=\"https:\/\/www.youtube.com\/embed\/Xu6OY4TdZwE?feature=oembed\" frameborder=\"0\" allow=\"accelerometer; autoplay; clipboard-write; encrypted-media; gyroscope; picture-in-picture; web-share\" referrerpolicy=\"strict-origin-when-cross-origin\" allowfullscreen><\/iframe><\/div>\n<\/div><\/figure>\n\n\n\n<p><\/p>\n\n\n\n<p>Nas m\u00eddias digitais o bloco tamb\u00e9m segue com homenagem \u00e0 v\u00edtimas que sempre colaboraram com a cultura popular.&nbsp;<br><\/p>\n\n\n\n<p>No Instagram @pirarucudomadeira, a campanha emocionou familiares e amigos das v\u00edtimas. <\/p>\n\n\n\n<figure class=\"wp-block-image size-large\"><img loading=\"lazy\" decoding=\"async\" width=\"1080\" height=\"1080\" data-attachment-id=\"30863\" data-permalink=\"http:\/\/blogdalucianaoliveira.com.br\/blog\/2021\/02\/08\/painel-em-homenagem-a-vitimas-da-covid-e-alvo-de-ataque-na-capital\/24f38609-54d4-470f-bd8d-5bdc61b5374b\/\" data-orig-file=\"https:\/\/i0.wp.com\/blogdalucianaoliveira.com.br\/blog\/wp-content\/uploads\/2021\/02\/24F38609-54D4-470F-BD8D-5BDC61B5374B.jpeg?fit=1080%2C1080\" data-orig-size=\"1080,1080\" data-comments-opened=\"0\" data-image-meta=\"{&quot;aperture&quot;:&quot;0&quot;,&quot;credit&quot;:&quot;&quot;,&quot;camera&quot;:&quot;&quot;,&quot;caption&quot;:&quot;&quot;,&quot;created_timestamp&quot;:&quot;0&quot;,&quot;copyright&quot;:&quot;&quot;,&quot;focal_length&quot;:&quot;0&quot;,&quot;iso&quot;:&quot;0&quot;,&quot;shutter_speed&quot;:&quot;0&quot;,&quot;title&quot;:&quot;&quot;,&quot;orientation&quot;:&quot;0&quot;}\" data-image-title=\"24F38609-54D4-470F-BD8D-5BDC61B5374B\" data-image-description=\"\" data-image-caption=\"\" data-medium-file=\"https:\/\/i0.wp.com\/blogdalucianaoliveira.com.br\/blog\/wp-content\/uploads\/2021\/02\/24F38609-54D4-470F-BD8D-5BDC61B5374B.jpeg?fit=300%2C300\" data-large-file=\"https:\/\/i0.wp.com\/blogdalucianaoliveira.com.br\/blog\/wp-content\/uploads\/2021\/02\/24F38609-54D4-470F-BD8D-5BDC61B5374B.jpeg?fit=600%2C600\" src=\"https:\/\/i0.wp.com\/blogdalucianaoliveira.com.br\/blog\/wp-content\/uploads\/2021\/02\/24F38609-54D4-470F-BD8D-5BDC61B5374B.jpeg?fit=600%2C600\" alt=\"\" class=\"wp-image-30863\" srcset=\"https:\/\/i0.wp.com\/blogdalucianaoliveira.com.br\/blog\/wp-content\/uploads\/2021\/02\/24F38609-54D4-470F-BD8D-5BDC61B5374B.jpeg?w=1080 1080w, https:\/\/i0.wp.com\/blogdalucianaoliveira.com.br\/blog\/wp-content\/uploads\/2021\/02\/24F38609-54D4-470F-BD8D-5BDC61B5374B.jpeg?resize=300%2C300 300w, https:\/\/i0.wp.com\/blogdalucianaoliveira.com.br\/blog\/wp-content\/uploads\/2021\/02\/24F38609-54D4-470F-BD8D-5BDC61B5374B.jpeg?resize=1024%2C1024 1024w, https:\/\/i0.wp.com\/blogdalucianaoliveira.com.br\/blog\/wp-content\/uploads\/2021\/02\/24F38609-54D4-470F-BD8D-5BDC61B5374B.jpeg?resize=150%2C150 150w, https:\/\/i0.wp.com\/blogdalucianaoliveira.com.br\/blog\/wp-content\/uploads\/2021\/02\/24F38609-54D4-470F-BD8D-5BDC61B5374B.jpeg?resize=768%2C768 768w\" sizes=\"auto, (max-width: 600px) 100vw, 600px\" \/><\/figure>\n\n\n\n<figure class=\"wp-block-image size-large\"><img loading=\"lazy\" decoding=\"async\" width=\"1080\" height=\"1080\" data-attachment-id=\"30864\" data-permalink=\"http:\/\/blogdalucianaoliveira.com.br\/blog\/2021\/02\/08\/painel-em-homenagem-a-vitimas-da-covid-e-alvo-de-ataque-na-capital\/7fd556f5-e8e0-4667-a40b-d0247be623b2\/\" data-orig-file=\"https:\/\/i0.wp.com\/blogdalucianaoliveira.com.br\/blog\/wp-content\/uploads\/2021\/02\/7FD556F5-E8E0-4667-A40B-D0247BE623B2.jpeg?fit=1080%2C1080\" data-orig-size=\"1080,1080\" data-comments-opened=\"0\" data-image-meta=\"{&quot;aperture&quot;:&quot;0&quot;,&quot;credit&quot;:&quot;&quot;,&quot;camera&quot;:&quot;&quot;,&quot;caption&quot;:&quot;&quot;,&quot;created_timestamp&quot;:&quot;0&quot;,&quot;copyright&quot;:&quot;&quot;,&quot;focal_length&quot;:&quot;0&quot;,&quot;iso&quot;:&quot;0&quot;,&quot;shutter_speed&quot;:&quot;0&quot;,&quot;title&quot;:&quot;&quot;,&quot;orientation&quot;:&quot;0&quot;}\" data-image-title=\"7FD556F5-E8E0-4667-A40B-D0247BE623B2\" data-image-description=\"\" data-image-caption=\"\" data-medium-file=\"https:\/\/i0.wp.com\/blogdalucianaoliveira.com.br\/blog\/wp-content\/uploads\/2021\/02\/7FD556F5-E8E0-4667-A40B-D0247BE623B2.jpeg?fit=300%2C300\" data-large-file=\"https:\/\/i0.wp.com\/blogdalucianaoliveira.com.br\/blog\/wp-content\/uploads\/2021\/02\/7FD556F5-E8E0-4667-A40B-D0247BE623B2.jpeg?fit=600%2C600\" src=\"https:\/\/i1.wp.com\/blogdalucianaoliveira.com.br\/blog\/wp-content\/uploads\/2021\/02\/7FD556F5-E8E0-4667-A40B-D0247BE623B2.jpeg?fit=600%2C600\" alt=\"\" class=\"wp-image-30864\" srcset=\"https:\/\/i0.wp.com\/blogdalucianaoliveira.com.br\/blog\/wp-content\/uploads\/2021\/02\/7FD556F5-E8E0-4667-A40B-D0247BE623B2.jpeg?w=1080 1080w, https:\/\/i0.wp.com\/blogdalucianaoliveira.com.br\/blog\/wp-content\/uploads\/2021\/02\/7FD556F5-E8E0-4667-A40B-D0247BE623B2.jpeg?resize=300%2C300 300w, https:\/\/i0.wp.com\/blogdalucianaoliveira.com.br\/blog\/wp-content\/uploads\/2021\/02\/7FD556F5-E8E0-4667-A40B-D0247BE623B2.jpeg?resize=1024%2C1024 1024w, https:\/\/i0.wp.com\/blogdalucianaoliveira.com.br\/blog\/wp-content\/uploads\/2021\/02\/7FD556F5-E8E0-4667-A40B-D0247BE623B2.jpeg?resize=150%2C150 150w, https:\/\/i0.wp.com\/blogdalucianaoliveira.com.br\/blog\/wp-content\/uploads\/2021\/02\/7FD556F5-E8E0-4667-A40B-D0247BE623B2.jpeg?resize=768%2C768 768w\" sizes=\"auto, (max-width: 600px) 100vw, 600px\" \/><\/figure>\n\n\n\n<figure class=\"wp-block-image size-large\"><img loading=\"lazy\" decoding=\"async\" width=\"1080\" height=\"1080\" data-attachment-id=\"30865\" data-permalink=\"http:\/\/blogdalucianaoliveira.com.br\/blog\/2021\/02\/08\/painel-em-homenagem-a-vitimas-da-covid-e-alvo-de-ataque-na-capital\/f9e13df0-e24b-48a0-b087-8f0ef748cb54\/\" data-orig-file=\"https:\/\/i0.wp.com\/blogdalucianaoliveira.com.br\/blog\/wp-content\/uploads\/2021\/02\/F9E13DF0-E24B-48A0-B087-8F0EF748CB54.jpeg?fit=1080%2C1080\" data-orig-size=\"1080,1080\" data-comments-opened=\"0\" data-image-meta=\"{&quot;aperture&quot;:&quot;0&quot;,&quot;credit&quot;:&quot;&quot;,&quot;camera&quot;:&quot;&quot;,&quot;caption&quot;:&quot;&quot;,&quot;created_timestamp&quot;:&quot;0&quot;,&quot;copyright&quot;:&quot;&quot;,&quot;focal_length&quot;:&quot;0&quot;,&quot;iso&quot;:&quot;0&quot;,&quot;shutter_speed&quot;:&quot;0&quot;,&quot;title&quot;:&quot;&quot;,&quot;orientation&quot;:&quot;0&quot;}\" data-image-title=\"F9E13DF0-E24B-48A0-B087-8F0EF748CB54\" data-image-description=\"\" data-image-caption=\"\" data-medium-file=\"https:\/\/i0.wp.com\/blogdalucianaoliveira.com.br\/blog\/wp-content\/uploads\/2021\/02\/F9E13DF0-E24B-48A0-B087-8F0EF748CB54.jpeg?fit=300%2C300\" data-large-file=\"https:\/\/i0.wp.com\/blogdalucianaoliveira.com.br\/blog\/wp-content\/uploads\/2021\/02\/F9E13DF0-E24B-48A0-B087-8F0EF748CB54.jpeg?fit=600%2C600\" src=\"https:\/\/i0.wp.com\/blogdalucianaoliveira.com.br\/blog\/wp-content\/uploads\/2021\/02\/F9E13DF0-E24B-48A0-B087-8F0EF748CB54.jpeg?fit=600%2C600\" alt=\"\" class=\"wp-image-30865\" srcset=\"https:\/\/i0.wp.com\/blogdalucianaoliveira.com.br\/blog\/wp-content\/uploads\/2021\/02\/F9E13DF0-E24B-48A0-B087-8F0EF748CB54.jpeg?w=1080 1080w, https:\/\/i0.wp.com\/blogdalucianaoliveira.com.br\/blog\/wp-content\/uploads\/2021\/02\/F9E13DF0-E24B-48A0-B087-8F0EF748CB54.jpeg?resize=300%2C300 300w, https:\/\/i0.wp.com\/blogdalucianaoliveira.com.br\/blog\/wp-content\/uploads\/2021\/02\/F9E13DF0-E24B-48A0-B087-8F0EF748CB54.jpeg?resize=1024%2C1024 1024w, https:\/\/i0.wp.com\/blogdalucianaoliveira.com.br\/blog\/wp-content\/uploads\/2021\/02\/F9E13DF0-E24B-48A0-B087-8F0EF748CB54.jpeg?resize=150%2C150 150w, https:\/\/i0.wp.com\/blogdalucianaoliveira.com.br\/blog\/wp-content\/uploads\/2021\/02\/F9E13DF0-E24B-48A0-B087-8F0EF748CB54.jpeg?resize=768%2C768 768w\" sizes=\"auto, (max-width: 600px) 100vw, 600px\" \/><\/figure>\n","protected":false},"excerpt":{"rendered":"<p>Os banners com mensagens e mais de duas mil fitas foram colocados no \u00faltimo s\u00e1bado ao lado do gin\u00e1sio Cl\u00e1udio Coutinho. Do local sairia no domingo, 7, o desfile do Bloco Pirarucu do Madeira, o segundo mais antigo do carnaval de Porto Velho em atividade.<\/p>\n","protected":false},"author":1,"featured_media":0,"comment_status":"closed","ping_status":"open","sticky":false,"template":"","format":"standard","meta":{"_exactmetrics_skip_tracking":false,"_exactmetrics_sitenote_active":false,"_exactmetrics_sitenote_note":"","_exactmetrics_sitenote_category":0,"jetpack_post_was_ever_published":false,"_jetpack_newsletter_access":"","_jetpack_dont_email_post_to_subs":false,"_jetpack_newsletter_tier_id":0,"_jetpack_memberships_contains_paywalled_content":false,"_jetpack_memberships_contains_paid_content":false,"footnotes":"","jetpack_publicize_message":"","jetpack_publicize_feature_enabled":true,"jetpack_social_post_already_shared":true,"jetpack_social_options":{"image_generator_settings":{"template":"highway","enabled":false},"version":2}},"categories":[1],"tags":[],"class_list":["post-30861","post","type-post","status-publish","format-standard","hentry","category-notas"],"jetpack_publicize_connections":[],"jetpack_sharing_enabled":true,"jetpack_featured_media_url":"","jetpack_shortlink":"https:\/\/wp.me\/p7wKYW-81L","jetpack-related-posts":[],"_links":{"self":[{"href":"http:\/\/blogdalucianaoliveira.com.br\/blog\/wp-json\/wp\/v2\/posts\/30861","targetHints":{"allow":["GET"]}}],"collection":[{"href":"http:\/\/blogdalucianaoliveira.com.br\/blog\/wp-json\/wp\/v2\/posts"}],"about":[{"href":"http:\/\/blogdalucianaoliveira.com.br\/blog\/wp-json\/wp\/v2\/types\/post"}],"author":[{"embeddable":true,"href":"http:\/\/blogdalucianaoliveira.com.br\/blog\/wp-json\/wp\/v2\/users\/1"}],"replies":[{"embeddable":true,"href":"http:\/\/blogdalucianaoliveira.com.br\/blog\/wp-json\/wp\/v2\/comments?post=30861"}],"version-history":[{"count":8,"href":"http:\/\/blogdalucianaoliveira.com.br\/blog\/wp-json\/wp\/v2\/posts\/30861\/revisions"}],"predecessor-version":[{"id":30873,"href":"http:\/\/blogdalucianaoliveira.com.br\/blog\/wp-json\/wp\/v2\/posts\/30861\/revisions\/30873"}],"wp:attachment":[{"href":"http:\/\/blogdalucianaoliveira.com.br\/blog\/wp-json\/wp\/v2\/media?parent=30861"}],"wp:term":[{"taxonomy":"category","embeddable":true,"href":"http:\/\/blogdalucianaoliveira.com.br\/blog\/wp-json\/wp\/v2\/categories?post=30861"},{"taxonomy":"post_tag","embeddable":true,"href":"http:\/\/blogdalucianaoliveira.com.br\/blog\/wp-json\/wp\/v2\/tags?post=30861"}],"curies":[{"name":"wp","href":"https:\/\/api.w.org\/{rel}","templated":true}]}}