{"id":30877,"date":"2021-02-09T11:47:39","date_gmt":"2021-02-09T15:47:39","guid":{"rendered":"http:\/\/blogdalucianaoliveira.com.br\/blog\/?p=30877"},"modified":"2021-02-09T11:48:05","modified_gmt":"2021-02-09T15:48:05","slug":"por-que-as-revelacoes-das-mensagens-entre-moro-e-dallagnol-devem-ser-publicas","status":"publish","type":"post","link":"http:\/\/blogdalucianaoliveira.com.br\/blog\/2021\/02\/09\/por-que-as-revelacoes-das-mensagens-entre-moro-e-dallagnol-devem-ser-publicas\/","title":{"rendered":"Por que as revela\u00e7\u00f5es das mensagens entre Moro e Dallagnol devem ser p\u00fablicas"},"content":{"rendered":"\n<figure class=\"wp-block-image\"><img data-recalc-dims=\"1\" height=\"400\" width=\"600\" decoding=\"async\" src=\"https:\/\/i0.wp.com\/www.diariodocentrodomundo.com.br\/wp-content\/uploads\/2019\/11\/deltan-moro-2-600x400.jpg?resize=600%2C400&#038;ssl=1\" alt=\"\"\/><\/figure>\n\n\n\n<p><\/p>\n\n\n\n<p> DCM &#8211; Por\u00a0<strong>Carol Proner<\/strong>\u00a0(ABJD e Comit\u00ea Nacional Lula Livre) e\u00a0<strong>Paulo Teixeira<\/strong>\u00a0(Deputado Federal PT-SP) <\/p>\n\n\n\n<!--more-->\n\n\n\n<p>J\u00e1 \u00e9 not\u00edcia que os gabinetes de Ministros do Supremo Tribunal Federal preparam planilhas para organizar as informa\u00e7\u00f5es contidas nos di\u00e1logos entre juiz e procuradores da Lava Jato no contexto da Opera\u00e7\u00e3o Spoofing. Pelo menos 5 ordens de irregularidades est\u00e3o sendo identificadas: 1. Ind\u00edcios de antecipa\u00e7\u00e3o de decis\u00e3o (combina\u00e7\u00e3o de jogo processual); 2. Compartilhamento cont\u00ednuo de informa\u00e7\u00f5es sigilosas; 3. Interfer\u00eancia na produ\u00e7\u00e3o de provas; 4. Falhas na coopera\u00e7\u00e3o com autoridades estrangeiras; 5. Falhas no caso Lula.<\/p>\n\n\n\n<p>A \u00faltima categoria reunir\u00e1 as irregularidades no caso do ex-Presidente Lula e dever\u00e1 servir para que o STF fundamente o j\u00e1 irrefut\u00e1vel reconhecimento da parcialidade na atua\u00e7\u00e3o do juiz S\u00e9rgio Moro quanto ao julgamento do Habeas Corpus de n\u00famero 164.493\/PR.<\/p>\n\n\n\n<p>Importante notar que todos os crit\u00e9rios de classifica\u00e7\u00e3o, inclusive os concernentes ao caso Lula, cont\u00e9m a dimens\u00e3o do interesse p\u00fablico. Todos dizem respeito a qualquer um de n\u00f3s, seja porque tratam de viola\u00e7\u00e3o de regras elementares do devido processo legal, seja porque a persegui\u00e7\u00e3o jur\u00eddica e a condena\u00e7\u00e3o de Lula feriu de morte o direito \u00e0 participa\u00e7\u00e3o pol\u00edtica nas elei\u00e7\u00f5es de 2018.<\/p>\n\n\n\n<p>Mas h\u00e1 um aspecto que merece especial aten\u00e7\u00e3o quanto ao interesse nacional: o 4\u00ba crit\u00e9rio, catalogado como \u201cfalhas na coopera\u00e7\u00e3o com autoridades estrangeiras\u201d.<\/p>\n\n\n\n<p>Falhas? Pois bem, o que os di\u00e1logos demonstram n\u00e3o s\u00e3o falhas, mas crimes. E crimes atinentes \u00e0 pr\u00f3pria soberania nacional com respectiva les\u00e3o ao patrim\u00f4nio p\u00fablico.<\/p>\n\n\n\n<p>As trocas informais, feitas \u00e0 revelia dos \u00f3rg\u00e3os competentes no \u00e2mbito do poder executivo, denotam a recorr\u00eancia de colabora\u00e7\u00e3o clandestina entre os procuradores da For\u00e7a-Tarefa junto a autoridades su\u00ed\u00e7as e estadunidenses em preju\u00edzo do interesse nacional.<br><\/p>\n\n\n\n<p>Pelo que se sabe at\u00e9 o momento, os procuradores mantinham tratativas diretas e furtivas com o Departamento de Justi\u00e7a dos Estados Unidos e outros \u00f3rg\u00e3os p\u00fablicos e privados daquele pa\u00eds, inclusive sobre valores e percentuais negociados em acordos de leni\u00eancia. Os tratos a t\u00edtulo oneroso foram realizados por meio da usurpa\u00e7\u00e3o de compet\u00eancia estrita de outros poderes e \u00f3rg\u00e3os do Estado, em especial do Departamento de Recupera\u00e7\u00e3o de Ativos e Coopera\u00e7\u00e3o Jur\u00eddica Internacional, ligado ao Minist\u00e9rio da Justi\u00e7a.<\/p>\n\n\n\n<p>Alguns di\u00e1logos evidenciam que as negocia\u00e7\u00f5es foram feitas com o conhecimento de S\u00e9rgio Moro, ou at\u00e9 mesmo em resposta ao comando do juiz, como quando Dallagnol e Moro falam abertamente sobre \u201creuni\u00e3o conjunta com su\u00ed\u00e7os e americanos para discutir percentuais da divis\u00e3o do dinheiro\u201d e a expectativa de que \u201csu\u00ed\u00e7os nos ajudar\u00e3o a dar menos pros americanos\u201d.<\/p>\n\n\n\n<p>E h\u00e1 outros di\u00e1logos que revelam que a preocupa\u00e7\u00e3o central dos agentes do Minist\u00e9rio P\u00fablico n\u00e3o era a busca por uma solu\u00e7\u00e3o justa e conforme os interesses nacionais, mas a intensifica\u00e7\u00e3o da press\u00e3o internacional e da asfixia econ\u00f4mica \u00e0s empresas brasileiras. Destaca-se a gravidade dos di\u00e1logos que tratam do acordo da Embraer e da informa\u00e7\u00e3o de que o percentual de 10% negociado poderia ter chegado a 50% para o Brasil.<\/p>\n\n\n\n<p>Diante do quadro apresentado, diversas medidas est\u00e3o sendo movidas por parlamentares e advogados junto ao Supremo Tribunal Federal, junto ao Conselho Nacional do Minist\u00e9rio P\u00fablico, bem como medidas em face da Procuradoria Geral da Rep\u00fablica noticiando o prov\u00e1vel cometimento de crimes previstos no C\u00f3digo Penal (Decreto-Lei 2.848\/40, art. 317, 312, 319, 321, 325), na Lei de Organiza\u00e7\u00f5es Criminosas (Lei 12.850\/13, art. 2\u00ba) e at\u00e9 mesmo na Lei de Seguran\u00e7a Nacional (Lei 7.170\/83, art. 8\u00ba e art. 17), conforme notitia criminis apresentada pelo advogado Wadih Damous e pelo deputado Paulo Pimenta.<\/p>\n\n\n\n<p>At\u00e9 o presente momento, o material disponibilizado para acesso p\u00fablico \u00e9 herm\u00e9tico e de dif\u00edcil acesso. E o que se sabe \u00e9 apenas uma pequena parte do que j\u00e1 se revela a maior fraude jur\u00eddica da hist\u00f3ria do Brasil<\/p>\n\n\n\n<p>\u00c9 espantoso o saldo de consequ\u00eancias negativas da Opera\u00e7\u00e3o Lava Jato para o Estado Democr\u00e1tico de Direito, sem falar nas consequ\u00eancias econ\u00f4micas diretas e indiretas provocadas pelo desmonte e desinvestimento nos setores de \u00f3leo e g\u00e1s e da constru\u00e7\u00e3o pesada no pa\u00eds.<\/p>\n\n\n\n<p>Com tantos ind\u00edcios de les\u00e3o ao patrim\u00f4nio p\u00fablico, e considerando o empenho da \u201cfam\u00edlia Lava Jato\u201d em restabelecer sigilo sobre o material apreendido na Opera\u00e7\u00e3o Spoofing, torna-se urgente que a sociedade brasileira tenha acesso irrestrito aos arquivos e documentos para conhecer o que realmente aconteceu na Opera\u00e7\u00e3o Lava Jato, sob pena de irrevers\u00edvel descr\u00e9dito do sistema de justi\u00e7a brasileiro.<br><\/p>\n\n\n\n<p><br><\/p>\n","protected":false},"excerpt":{"rendered":"<p>DCM &#8211; Por\u00a0Carol Proner\u00a0(ABJD e Comit\u00ea Nacional Lula Livre) e\u00a0Paulo Teixeira\u00a0(Deputado Federal PT-SP)<\/p>\n","protected":false},"author":1,"featured_media":0,"comment_status":"closed","ping_status":"open","sticky":false,"template":"","format":"standard","meta":{"_exactmetrics_skip_tracking":false,"_exactmetrics_sitenote_active":false,"_exactmetrics_sitenote_note":"","_exactmetrics_sitenote_category":0,"jetpack_post_was_ever_published":false,"_jetpack_newsletter_access":"","_jetpack_dont_email_post_to_subs":false,"_jetpack_newsletter_tier_id":0,"_jetpack_memberships_contains_paywalled_content":false,"_jetpack_memberships_contains_paid_content":false,"footnotes":"","jetpack_publicize_message":"","jetpack_publicize_feature_enabled":true,"jetpack_social_post_already_shared":true,"jetpack_social_options":{"image_generator_settings":{"template":"highway","enabled":false},"version":2}},"categories":[1],"tags":[],"class_list":["post-30877","post","type-post","status-publish","format-standard","hentry","category-notas"],"jetpack_publicize_connections":[],"jetpack_sharing_enabled":true,"jetpack_featured_media_url":"","jetpack_shortlink":"https:\/\/wp.me\/p7wKYW-821","jetpack-related-posts":[],"_links":{"self":[{"href":"http:\/\/blogdalucianaoliveira.com.br\/blog\/wp-json\/wp\/v2\/posts\/30877","targetHints":{"allow":["GET"]}}],"collection":[{"href":"http:\/\/blogdalucianaoliveira.com.br\/blog\/wp-json\/wp\/v2\/posts"}],"about":[{"href":"http:\/\/blogdalucianaoliveira.com.br\/blog\/wp-json\/wp\/v2\/types\/post"}],"author":[{"embeddable":true,"href":"http:\/\/blogdalucianaoliveira.com.br\/blog\/wp-json\/wp\/v2\/users\/1"}],"replies":[{"embeddable":true,"href":"http:\/\/blogdalucianaoliveira.com.br\/blog\/wp-json\/wp\/v2\/comments?post=30877"}],"version-history":[{"count":2,"href":"http:\/\/blogdalucianaoliveira.com.br\/blog\/wp-json\/wp\/v2\/posts\/30877\/revisions"}],"predecessor-version":[{"id":30879,"href":"http:\/\/blogdalucianaoliveira.com.br\/blog\/wp-json\/wp\/v2\/posts\/30877\/revisions\/30879"}],"wp:attachment":[{"href":"http:\/\/blogdalucianaoliveira.com.br\/blog\/wp-json\/wp\/v2\/media?parent=30877"}],"wp:term":[{"taxonomy":"category","embeddable":true,"href":"http:\/\/blogdalucianaoliveira.com.br\/blog\/wp-json\/wp\/v2\/categories?post=30877"},{"taxonomy":"post_tag","embeddable":true,"href":"http:\/\/blogdalucianaoliveira.com.br\/blog\/wp-json\/wp\/v2\/tags?post=30877"}],"curies":[{"name":"wp","href":"https:\/\/api.w.org\/{rel}","templated":true}]}}