{"id":30880,"date":"2021-02-09T17:19:43","date_gmt":"2021-02-09T21:19:43","guid":{"rendered":"http:\/\/blogdalucianaoliveira.com.br\/blog\/?p=30880"},"modified":"2021-02-09T17:19:49","modified_gmt":"2021-02-09T21:19:49","slug":"stf-forma-maioria-para-manter-decisao-que-autoriza-lula-a-acessar-mensagens-da-lava-jato","status":"publish","type":"post","link":"http:\/\/blogdalucianaoliveira.com.br\/blog\/2021\/02\/09\/stf-forma-maioria-para-manter-decisao-que-autoriza-lula-a-acessar-mensagens-da-lava-jato\/","title":{"rendered":"STF forma maioria para manter decis\u00e3o que autoriza Lula a acessar mensagens da Lava Jato"},"content":{"rendered":"\n<figure class=\"wp-block-image size-large\"><img data-recalc-dims=\"1\" loading=\"lazy\" decoding=\"async\" width=\"600\" height=\"398\" data-attachment-id=\"30881\" data-permalink=\"http:\/\/blogdalucianaoliveira.com.br\/blog\/2021\/02\/09\/stf-forma-maioria-para-manter-decisao-que-autoriza-lula-a-acessar-mensagens-da-lava-jato\/c5e7e996-5d50-4723-934a-c61d4d0a5c11\/\" data-orig-file=\"https:\/\/i0.wp.com\/blogdalucianaoliveira.com.br\/blog\/wp-content\/uploads\/2021\/02\/C5E7E996-5D50-4723-934A-C61D4D0A5C11.jpeg?fit=828%2C549\" data-orig-size=\"828,549\" data-comments-opened=\"0\" data-image-meta=\"{&quot;aperture&quot;:&quot;0&quot;,&quot;credit&quot;:&quot;&quot;,&quot;camera&quot;:&quot;&quot;,&quot;caption&quot;:&quot;&quot;,&quot;created_timestamp&quot;:&quot;0&quot;,&quot;copyright&quot;:&quot;&quot;,&quot;focal_length&quot;:&quot;0&quot;,&quot;iso&quot;:&quot;0&quot;,&quot;shutter_speed&quot;:&quot;0&quot;,&quot;title&quot;:&quot;&quot;,&quot;orientation&quot;:&quot;1&quot;}\" data-image-title=\"C5E7E996-5D50-4723-934A-C61D4D0A5C11\" data-image-description=\"\" data-image-caption=\"\" data-medium-file=\"https:\/\/i0.wp.com\/blogdalucianaoliveira.com.br\/blog\/wp-content\/uploads\/2021\/02\/C5E7E996-5D50-4723-934A-C61D4D0A5C11.jpeg?fit=300%2C199\" data-large-file=\"https:\/\/i0.wp.com\/blogdalucianaoliveira.com.br\/blog\/wp-content\/uploads\/2021\/02\/C5E7E996-5D50-4723-934A-C61D4D0A5C11.jpeg?fit=600%2C398\" src=\"https:\/\/i0.wp.com\/blogdalucianaoliveira.com.br\/blog\/wp-content\/uploads\/2021\/02\/C5E7E996-5D50-4723-934A-C61D4D0A5C11.jpeg?resize=600%2C398\" alt=\"\" class=\"wp-image-30881\" srcset=\"https:\/\/i0.wp.com\/blogdalucianaoliveira.com.br\/blog\/wp-content\/uploads\/2021\/02\/C5E7E996-5D50-4723-934A-C61D4D0A5C11.jpeg?w=828 828w, https:\/\/i0.wp.com\/blogdalucianaoliveira.com.br\/blog\/wp-content\/uploads\/2021\/02\/C5E7E996-5D50-4723-934A-C61D4D0A5C11.jpeg?resize=300%2C199 300w, https:\/\/i0.wp.com\/blogdalucianaoliveira.com.br\/blog\/wp-content\/uploads\/2021\/02\/C5E7E996-5D50-4723-934A-C61D4D0A5C11.jpeg?resize=768%2C509 768w, https:\/\/i0.wp.com\/blogdalucianaoliveira.com.br\/blog\/wp-content\/uploads\/2021\/02\/C5E7E996-5D50-4723-934A-C61D4D0A5C11.jpeg?resize=452%2C300 452w\" sizes=\"auto, (max-width: 600px) 100vw, 600px\" \/><\/figure>\n\n\n\n<p>Magistrados fizeram duras cr\u00edticas \u00e0 atua\u00e7\u00e3o da opera\u00e7\u00e3o; Lewandowski disse que as conversas evidenciam &#8216;em tese&#8217; parceria indevida entre juiz e MPF<\/p>\n\n\n\n<p><strong><a href=\"https:\/\/www1.folha.uol.com.br\/autores\/matheus-teixeira.shtml\">Matheus Teixeira<\/a><\/strong>, na FSP<\/p>\n\n\n\n<!--more-->\n\n\n\n<p>A Segunda Turma do STF (Supremo Tribunal Federal) formou maioria nesta ter\u00e7a-feira (9) para manter a decis\u00e3o que permitiu \u00e0 defesa do ex-presidente Lula (PT) o acesso a mensagens trocadas entre integrantes da Lava Jato.<\/p>\n\n\n\n<p>Os di\u00e1logos foram hackeados e, mais tarde, apreendidos pela Pol\u00edcia Federal no \u00e2mbito da Opera\u00e7\u00e3o Spoofing, que investiga os invasores dos celulares de membros da opera\u00e7\u00e3o.<\/p>\n\n\n\n<p>Os ministros Ricardo Lewandowski, Kassio Nunes Marques e C\u00e1rmen L\u00facia sustentaram que o\u00a0<a href=\"https:\/\/www1.folha.uol.com.br\/colunas\/monicabergamo\/2021\/01\/dallagnol-e-procuradores-pedem-que-stf-impeca-que-lula-tenha-acesso-as-conversas-da-lava-jato.shtml\">grupo de sete procuradores que pediu a revoga\u00e7\u00e3o do despacho\u00a0<\/a>que autorizou o acesso aos di\u00e1logos n\u00e3o tem legitimidade para fazer essa solicita\u00e7\u00e3o ao Supremo.<\/p>\n\n\n\n<p>Assim, na pr\u00e1tica,&nbsp;<a href=\"https:\/\/www1.folha.uol.com.br\/colunas\/monicabergamo\/2021\/02\/lewandowski-levanta-sigilo-e-novas-conversas-de-moro-com-procuradores-podem-vir-a-publico.shtml\">mantiveram a decis\u00e3o de Lewandowski em favor do ex-presidente.<\/a>&nbsp;O ministro Edson Fachin divergiu e ficou vencido. Ainda falta votar Gilmar Mendes.<\/p>\n\n\n\n<p>Relator da Lava Jato no STF, o ministro Fachin discordou dos colegas em rela\u00e7\u00e3o ao objeto do julgamento e disse que a corte n\u00e3o analisou apenas se os procuradores teriam o direito de acionar o Supremo.<\/p>\n\n\n\n<p>&#8220;O que se tem aqui, para al\u00e9m da quest\u00e3o da legitimidade, \u00e9 o exame do fornecimento integral do material apreendido na 10\u00aa Vara de Bras\u00edlia&#8221;, disse.<\/p>\n\n\n\n<p>O magistrado tamb\u00e9m defendeu que n\u00e3o caberia a Lewandowski tomar uma decis\u00e3o sobre o tema porque a defesa de Lula j\u00e1 havia apresentado pedido parecido a ele enquanto relator de recursos do ex-presidente em curso no Supremo.<\/p>\n\n\n\n<p>Lewandowski, por sua vez, afirmou que n\u00e3o se pronunciaria sobre a validade das conversas como provas, mas ressaltou que \u201ca pequena amostra do material se afigura apta a evidenciar ao menos em tese uma parceria indevida entre \u00f3rg\u00e3o julgador e acusa\u00e7\u00e3o\u201d.A permiss\u00e3o para acessar as mensagens d\u00e1 for\u00e7a ao pedido de Lula para que o Supremo declare a suspei\u00e7\u00e3o do ex-juiz Sergio Moro e anule a condena\u00e7\u00e3o contra o ex-presidente no caso do tr\u00edplex de Guaruj\u00e1.<br>O cen\u00e1rio mais prov\u00e1vel, por\u00e9m, \u00e9 que o petista siga ineleg\u00edvel, pois deve ser mantida a condena\u00e7\u00e3o sobre o processo do s\u00edtio de Atibaia porque Moro n\u00e3o foi o respons\u00e1vel pela senten\u00e7a de primeira inst\u00e2ncia nesse caso.<\/p>\n\n\n\n<p>Uma parte substancial das conversas foi entregue ao site The Intercept Brasil, que, em parceria com outros ve\u00edculos, incluindo a&nbsp;<strong>Folha<\/strong>,&nbsp;<a href=\"https:\/\/www1.folha.uol.com.br\/ilustrissima\/2019\/12\/mensagens-vazadas-da-lava-jato-indicam-favorecimento-a-jornalistas-aliados.shtml\">j\u00e1 havia publicado parte dos di\u00e1logos no que ficou conhecido como o esc\u00e2ndalo da Vaza Jato.<\/a><\/p>\n\n\n\n<p>Lewandowski afirmou que concedeu a autoriza\u00e7\u00e3o ao petista porque as mensagens t\u00eam rela\u00e7\u00e3o com o acordo de leni\u00eancia da Odebrecht, ao qual os advogados tentavam ter acesso h\u00e1 tr\u00eas anos.<\/p>\n\n\n\n<p>O ministro argumentou que tinha compet\u00eancia para analisar a solicita\u00e7\u00e3o porque a requisi\u00e7\u00e3o sobre o acordo da empreiteira est\u00e1 sob sua relatoria desde ano passado.<\/p>\n\n\n\n<p>O ministro lembrou que, em agosto, a Segunda Turma determinou que a Lava Jato deveria&nbsp;<a href=\"https:\/\/www1.folha.uol.com.br\/poder\/2020\/09\/lewandowski-manda-entregar-documentos-a-lula-em-novo-reves-para-lava-jato.shtml\">entregar \u00e0 defesa as informa\u00e7\u00f5es sobre as tratativas com autoridades estrangeiras sobre o caso e que a opera\u00e7\u00e3o resistiu em entreg\u00e1-las.&nbsp;<\/a><\/p>\n\n\n\n<p>O ministro frisou que as conversas demonstram que a decis\u00e3o foi acertada, uma vez que revelou contato direto de procuradores com autoridades estrangeiras sobre o acordo.<\/p>\n\n\n\n<p>\u201cN\u00e3o estou entrando no m\u00e9rito, apenas concedi \u00e0 defesa que tivesse acesso a elementos de convic\u00e7\u00e3o que estavam em poder do Estado e que se encontravam no bojo de uma a\u00e7\u00e3o penal na qual os tais hackers foram condenados com base inclusive numa primeira per\u00edcia no material arrecadado\u201d, sustentou.<\/p>\n\n\n\n<p>A subprocuradora Cl\u00e1udia Sampaio falou em nome da PGR (Procuradoria-Geral da Rep\u00fablica) no processo e criticou a atua\u00e7\u00e3o do advogado de Lula, Cristiano Zanin, que, segundo ela, atuou de forma \u201cdeselegante\u201d no processo.<\/p>\n\n\n\n<p>Ela tamb\u00e9m criticou Ricardo Lewandowski. Sampaio classificou a decis\u00e3o do ministro como \u201cabsolutamente desfundamentada\u201d. A subprocuradora destacou que Lula teve acesso a todo o material captado pelos hackers e n\u00e3o apenas \u00e0s mensagens que lhe diziam respeito.<\/p>\n\n\n\n<p>\u201cO eminente relator proferiu decis\u00e3o desprezando uma jurisprud\u00eancia constru\u00edda por este STF de d\u00e9cadas de recusa de prova il\u00edcita. O MPF entende que \u00e9 um fato de extrema gravidade. De tantos anos que atuo neste tribunal, nunca vi algo desta magnitude. O presidente tem nas m\u00e3os material de opositores, e uso que ele vai fazer disso aparentemente n\u00e3o interessa \u00e0 Justi\u00e7a\u201d, disse.<\/p>\n\n\n\n<p>O advogado de Lula, Cristiano Zanin, por sua vez, disse que as mensagens revelaram que procuradores da Lava Jato mantiveram contato com autoridades de outros pa\u00edses a respeito do acordo de leni\u00eancia da Odebrecht por meios ilegais.<\/p>\n\n\n\n<p>\u200b\u201cN\u00e3o estamos tratando de conversas pessoais, familiares, entre amigos, mas de conversas entre agentes p\u00fablicos que ocorreram em aparelhos funcionais e que dizem respeito a processos que correm na Justi\u00e7a brasileira. \u00c9 disso que se trata. Estamos falando aqui da pr\u00e1tica de atos processuais clandestinos para esconder rela\u00e7\u00f5es esp\u00farias\u201d, disse<\/p>\n\n\n\n<p>O advogado ressaltou que as mensagens trocadas demonstram que, al\u00e9m de Lula, at\u00e9 ele mesmo foi monitorado de maneira ilegal pela Lava Jato.<\/p>\n\n\n\n<p>\u201cCombina\u00e7\u00e3o entre procuradores e juiz, quebras ilegais de sigilo, monitoramento de advogados, monitoramento at\u00e9 mesmo, segundo as mensagens, de ministros de cortes superiores. Esse material n\u00e3o diz respeito \u00e0 intimidade de nenhum procurador, diz respeito a um grande esc\u00e2ndalo que est\u00e1 ocorrendo no sistema de Justi\u00e7a\u201d, frisou.<\/p>\n","protected":false},"excerpt":{"rendered":"<p>Magistrados fizeram duras cr\u00edticas \u00e0 atua\u00e7\u00e3o da opera\u00e7\u00e3o; Lewandowski disse que as conversas evidenciam &#8216;em tese&#8217; parceria indevida entre juiz e MPF Matheus Teixeira, na FSP<\/p>\n","protected":false},"author":1,"featured_media":0,"comment_status":"closed","ping_status":"open","sticky":false,"template":"","format":"standard","meta":{"_exactmetrics_skip_tracking":false,"_exactmetrics_sitenote_active":false,"_exactmetrics_sitenote_note":"","_exactmetrics_sitenote_category":0,"jetpack_post_was_ever_published":false,"_jetpack_newsletter_access":"","_jetpack_dont_email_post_to_subs":false,"_jetpack_newsletter_tier_id":0,"_jetpack_memberships_contains_paywalled_content":false,"_jetpack_memberships_contains_paid_content":false,"footnotes":"","jetpack_publicize_message":"","jetpack_publicize_feature_enabled":true,"jetpack_social_post_already_shared":true,"jetpack_social_options":{"image_generator_settings":{"template":"highway","enabled":false},"version":2}},"categories":[1],"tags":[],"class_list":["post-30880","post","type-post","status-publish","format-standard","hentry","category-notas"],"jetpack_publicize_connections":[],"jetpack_sharing_enabled":true,"jetpack_featured_media_url":"","jetpack_shortlink":"https:\/\/wp.me\/p7wKYW-824","jetpack-related-posts":[],"_links":{"self":[{"href":"http:\/\/blogdalucianaoliveira.com.br\/blog\/wp-json\/wp\/v2\/posts\/30880","targetHints":{"allow":["GET"]}}],"collection":[{"href":"http:\/\/blogdalucianaoliveira.com.br\/blog\/wp-json\/wp\/v2\/posts"}],"about":[{"href":"http:\/\/blogdalucianaoliveira.com.br\/blog\/wp-json\/wp\/v2\/types\/post"}],"author":[{"embeddable":true,"href":"http:\/\/blogdalucianaoliveira.com.br\/blog\/wp-json\/wp\/v2\/users\/1"}],"replies":[{"embeddable":true,"href":"http:\/\/blogdalucianaoliveira.com.br\/blog\/wp-json\/wp\/v2\/comments?post=30880"}],"version-history":[{"count":1,"href":"http:\/\/blogdalucianaoliveira.com.br\/blog\/wp-json\/wp\/v2\/posts\/30880\/revisions"}],"predecessor-version":[{"id":30882,"href":"http:\/\/blogdalucianaoliveira.com.br\/blog\/wp-json\/wp\/v2\/posts\/30880\/revisions\/30882"}],"wp:attachment":[{"href":"http:\/\/blogdalucianaoliveira.com.br\/blog\/wp-json\/wp\/v2\/media?parent=30880"}],"wp:term":[{"taxonomy":"category","embeddable":true,"href":"http:\/\/blogdalucianaoliveira.com.br\/blog\/wp-json\/wp\/v2\/categories?post=30880"},{"taxonomy":"post_tag","embeddable":true,"href":"http:\/\/blogdalucianaoliveira.com.br\/blog\/wp-json\/wp\/v2\/tags?post=30880"}],"curies":[{"name":"wp","href":"https:\/\/api.w.org\/{rel}","templated":true}]}}