{"id":30883,"date":"2021-02-09T20:31:10","date_gmt":"2021-02-10T00:31:10","guid":{"rendered":"http:\/\/blogdalucianaoliveira.com.br\/blog\/?p=30883"},"modified":"2021-02-09T20:31:14","modified_gmt":"2021-02-10T00:31:14","slug":"stf-suspende-acoes-do-tombamento-do-encontro-das-aguas","status":"publish","type":"post","link":"http:\/\/blogdalucianaoliveira.com.br\/blog\/2021\/02\/09\/stf-suspende-acoes-do-tombamento-do-encontro-das-aguas\/","title":{"rendered":"STF suspende a\u00e7\u00f5es do tombamento do Encontro das \u00c1guas"},"content":{"rendered":"\n<figure class=\"wp-block-image size-large\"><img loading=\"lazy\" decoding=\"async\" width=\"2000\" height=\"1125\" data-attachment-id=\"30884\" data-permalink=\"http:\/\/blogdalucianaoliveira.com.br\/blog\/2021\/02\/09\/stf-suspende-acoes-do-tombamento-do-encontro-das-aguas\/470479cc-aadc-4e9b-b7da-3a54a18ad20b\/\" data-orig-file=\"https:\/\/i0.wp.com\/blogdalucianaoliveira.com.br\/blog\/wp-content\/uploads\/2021\/02\/470479CC-AADC-4E9B-B7DA-3A54A18AD20B.jpeg?fit=2000%2C1125\" data-orig-size=\"2000,1125\" data-comments-opened=\"0\" data-image-meta=\"{&quot;aperture&quot;:&quot;0&quot;,&quot;credit&quot;:&quot;&quot;,&quot;camera&quot;:&quot;&quot;,&quot;caption&quot;:&quot;&quot;,&quot;created_timestamp&quot;:&quot;0&quot;,&quot;copyright&quot;:&quot;&quot;,&quot;focal_length&quot;:&quot;0&quot;,&quot;iso&quot;:&quot;0&quot;,&quot;shutter_speed&quot;:&quot;0&quot;,&quot;title&quot;:&quot;&quot;,&quot;orientation&quot;:&quot;0&quot;}\" data-image-title=\"470479CC-AADC-4E9B-B7DA-3A54A18AD20B\" data-image-description=\"\" data-image-caption=\"\" data-medium-file=\"https:\/\/i0.wp.com\/blogdalucianaoliveira.com.br\/blog\/wp-content\/uploads\/2021\/02\/470479CC-AADC-4E9B-B7DA-3A54A18AD20B.jpeg?fit=300%2C169\" data-large-file=\"https:\/\/i0.wp.com\/blogdalucianaoliveira.com.br\/blog\/wp-content\/uploads\/2021\/02\/470479CC-AADC-4E9B-B7DA-3A54A18AD20B.jpeg?fit=600%2C338\" src=\"https:\/\/i0.wp.com\/blogdalucianaoliveira.com.br\/blog\/wp-content\/uploads\/2021\/02\/470479CC-AADC-4E9B-B7DA-3A54A18AD20B.jpeg?fit=600%2C338\" alt=\"\" class=\"wp-image-30884\" srcset=\"https:\/\/i0.wp.com\/blogdalucianaoliveira.com.br\/blog\/wp-content\/uploads\/2021\/02\/470479CC-AADC-4E9B-B7DA-3A54A18AD20B.jpeg?w=2000 2000w, https:\/\/i0.wp.com\/blogdalucianaoliveira.com.br\/blog\/wp-content\/uploads\/2021\/02\/470479CC-AADC-4E9B-B7DA-3A54A18AD20B.jpeg?resize=300%2C169 300w, https:\/\/i0.wp.com\/blogdalucianaoliveira.com.br\/blog\/wp-content\/uploads\/2021\/02\/470479CC-AADC-4E9B-B7DA-3A54A18AD20B.jpeg?resize=1024%2C576 1024w, https:\/\/i0.wp.com\/blogdalucianaoliveira.com.br\/blog\/wp-content\/uploads\/2021\/02\/470479CC-AADC-4E9B-B7DA-3A54A18AD20B.jpeg?resize=768%2C432 768w, https:\/\/i0.wp.com\/blogdalucianaoliveira.com.br\/blog\/wp-content\/uploads\/2021\/02\/470479CC-AADC-4E9B-B7DA-3A54A18AD20B.jpeg?resize=1536%2C864 1536w, https:\/\/i0.wp.com\/blogdalucianaoliveira.com.br\/blog\/wp-content\/uploads\/2021\/02\/470479CC-AADC-4E9B-B7DA-3A54A18AD20B.jpeg?resize=533%2C300 533w, https:\/\/i0.wp.com\/blogdalucianaoliveira.com.br\/blog\/wp-content\/uploads\/2021\/02\/470479CC-AADC-4E9B-B7DA-3A54A18AD20B.jpeg?w=1200 1200w, https:\/\/i0.wp.com\/blogdalucianaoliveira.com.br\/blog\/wp-content\/uploads\/2021\/02\/470479CC-AADC-4E9B-B7DA-3A54A18AD20B.jpeg?w=1800 1800w\" sizes=\"auto, (max-width: 600px) 100vw, 600px\" \/><\/figure>\n\n\n\n<p><em>Decis\u00e3o da ministra Carmen L\u00facia atende ao governo do Amazonas, que defende a constru\u00e7\u00e3o de pol\u00eamico porto privado na \u00e1rea<\/em><\/p>\n\n\n\n<!--more-->\n\n\n\n<p><em>Na imagem acima, barco da Marinha com a comitiva do Vice-Presidente da Rep\u00fablica, Hamilton Mour\u00e3o, passa pelo Encontro das \u00c1guas. (Foto:Ag\u00eancia Brasil)<\/em><\/p>\n\n\n\n<hr class=\"wp-block-separator\"\/>\n\n\n\n<p><strong>Por Leanderson Lima e Ela\u00edze Farias, da Amaz\u00f4nia Real<\/strong><\/p>\n\n\n\n<p><strong>Manaus (AM) \u2013<\/strong>&nbsp;Tombado em 2010 como patrim\u00f4nio cultural e natural, o Encontro das \u00c1guas dos rios Negro e Solim\u00f5es ganha um novo cap\u00edtulo na briga judicial que envolve os governos estadual e federal, o Minist\u00e9rio P\u00fablico Federal e a empresa Lajes Log\u00edstica S\/A. No dia 19 de dezembro a ministra do Supremo Tribunal Federal (STF) Carmen L\u00facia suspendeu por 60 dias as a\u00e7\u00f5es que questionam e pedem a homologa\u00e7\u00e3o do tombamento do maior cart\u00e3o postal do turismo internacional na regi\u00e3o.<\/p>\n\n\n\n<p>Com a decis\u00e3o, o Supremo Tribunal Federal (STF) espera que o Instituto de Patrim\u00f4nio Hist\u00f3rico e Art\u00edstico (Iphan), o Minist\u00e9rio P\u00fablico Federal, o governo do Amazonas e a empresa Lajes Log\u00edstica, interessados na explora\u00e7\u00e3o comercial do patrim\u00f4nio cultural e natural, cheguem a uma chamada \u201cconcilia\u00e7\u00e3o\u201d.<\/p>\n\n\n\n<p>Na decis\u00e3o, tornada p\u00fablica em 22 de janeiro, a ministra do STF Carmen L\u00facia aceitou os argumentos do governo do Amazonas, que pedia mais tempo para a \u201cconcilia\u00e7\u00e3o de agendas e realiza\u00e7\u00e3o de reuni\u00e3o entre os interessados (grupos empresariais, autarquias federais e Minist\u00e9rio P\u00fablico Federal), com o objetivo de alcan\u00e7ar um acordo que garanta o desenvolvimento sustent\u00e1vel da regi\u00e3o\u201d. Essa concilia\u00e7\u00e3o n\u00e3o prev\u00ea a participa\u00e7\u00e3o da sociedade civil, especialmente os grupos sociais e ambientais que se mobilizaram pelo tombamento.<\/p>\n\n\n\n<p>O governo do Amazonas, desde o princ\u00edpio interessado em explorar comercialmente o Encontro das \u00c1guas, desistiu de contestar o tombamento de 2010. \u00c0 primeira vista, aparenta ser uma boa not\u00edcia para os ambientalistas. Mas n\u00e3o se considerar que o Iphan j\u00e1 concedeu licen\u00e7a pr\u00e9via \u00e0 Lajes Log\u00edstica e o Ipaam tem se mostrado favor\u00e1vel \u00e0 constru\u00e7\u00e3o do Terminal Portu\u00e1rio das Lajes,&nbsp;<a href=\"https:\/\/amazoniareal.com.br\/iphan-concede-licenca-previa-ao-porto-das-lajes-no-encontro-das-aguas-em-manaus\/\" target=\"_blank\" rel=\"noreferrer noopener\">conforme a&nbsp;<strong>Amaz\u00f4nia Real&nbsp;<\/strong>revelou em 2019<\/a>. A empresa Lajes \u00e9 ligada ao&nbsp;<a href=\"http:\/\/www.gruposimoes.com.br\/area-de-atuacao.aspx\" target=\"_blank\" rel=\"noreferrer noopener\">Grupo Sim\u00f5es<\/a>, dono da franquia da Coca-Cola na Amaz\u00f4nia e possui&nbsp;<a href=\"http:\/\/www.gruposimoes.com.br\/area-de-atuacao.aspx\" target=\"_blank\" rel=\"noreferrer noopener\">f\u00e1bricas<\/a>&nbsp;de refrigerante e \u00e9 representante da cerveja Heineken Brasil, e tamb\u00e9m \u00e0 empresa Juma Participa\u00e7\u00f5es SM.<\/p>\n\n\n\n<p>Desde 2008, a Lajes Log\u00edsticas sinalizou com planos para construir um porto privado em uma das localidades mais emblem\u00e1ticas da natureza amaz\u00f4nica. O projeto prev\u00ea um porto para descarga de insumos para o Polo Industrial de Manaus (PIM). As embarca\u00e7\u00f5es, que chegam a atingir 40 metros de altura, comprometeriam o cen\u00e1rio paradis\u00edaco que promove o encontro dos rios Negro e Solim\u00f5es e causariam impacto no ecossistema da regi\u00e3o.&nbsp;&nbsp;<\/p>\n\n\n\n<p>Certo de que o Porto das Lajes vai sair, o governo de Wilson Lima (PSC) apenas aguarda um posicionamento do MPF sobre quais propostas o \u00f3rg\u00e3o vai apresentar como alternativa de prote\u00e7\u00e3o do Encontro das \u00c1guas, com uma esp\u00e9cie de mitiga\u00e7\u00e3o dos impactos. Uma das ideias cogitadas \u00e9 a cria\u00e7\u00e3o de uma unidade de conserva\u00e7\u00e3o que proteja ambientalmente a \u00e1rea, segundo apurou a reportagem.&nbsp;<\/p>\n\n\n\n<p>\u00c0<strong>&nbsp;Amaz\u00f4nia Rea<\/strong>l, o procurador do Estado Daniel Viegas, que atua na \u00e1rea ambiental da PGE, disse que, neste novo entendimento, o estado do Amazonas considera o \u201ctombamento relevante\u201d e que todos [governo estadual e empres\u00e1rios] concordam com a perman\u00eancia dele.&nbsp;<\/p>\n\n\n\n<p>\u201cAgora o Estado precisa se reunir e discutir [com o MPF] a a\u00e7\u00e3o que pede a cria\u00e7\u00e3o de unidade de conserva\u00e7\u00e3o ambiental, que \u00e9 objeto de uma das a\u00e7\u00f5es judiciais&nbsp; para definir o regramento de utiliza\u00e7\u00e3o desse local. Al\u00e9m da beleza c\u00eanica, \u00e9 o encontro de dois ecossistemas bem distintos e tem grande import\u00e2ncia para as comunidades do entorno\u201d, disse Viegas.<\/p>\n\n\n\n<h4 class=\"wp-block-heading\"><strong>Decis\u00e3o do STF causa apreens\u00e3o<\/strong><\/h4>\n\n\n\n<figure class=\"wp-block-image\"><img data-recalc-dims=\"1\" height=\"400\" width=\"600\" decoding=\"async\" src=\"https:\/\/i0.wp.com\/amazoniareal.com.br\/wp-content\/uploads\/2017\/12\/SOS-ENCONTRO-DAS-AGUAS-FOTO-ALBERTO-CESAR1-1024x683.jpg?resize=600%2C400&#038;ssl=1\" alt=\"\" class=\"wp-image-25535\"\/><figcaption>Quinta Caravana Fluvial SOS Encontro das \u00c1guas&nbsp;<br>(Foto: Alberto C\u00e9sar Ara\u00fajo\/Amaz\u00f4nia Real\/2010)<\/figcaption><\/figure>\n\n\n\n<p>A decis\u00e3o da ministra Carmen L\u00facia, do STF, causou apreens\u00e3o aos ativistas do SOS Encontro das \u00c1guas, movimento social e ambiental que&nbsp;<a href=\"https:\/\/amazoniareal.com.br\/tombamento-do-encontro-das-aguas-aguarda-ha-10-anos-pela-homologacao\/\" target=\"_blank\" rel=\"noreferrer noopener\">h\u00e1 mais de 10 anos luta pela homologa\u00e7\u00e3o do tombamento<\/a>.<\/p>\n\n\n\n<p>\u201cO governo precisa sentar com a sociedade e n\u00e3o com os empres\u00e1rios. O empres\u00e1rio que apresente seu projeto, e l\u00e1 [na Justi\u00e7a] se decide se o projeto \u00e9 vi\u00e1vel naquela regi\u00e3o. Eles querem conversar ou este prazo \u00e9 s\u00f3 para esconder o que eles j\u00e1 decidiram?\u201d, protesta o educador Valter Calheiros.<\/p>\n\n\n\n<p>Uma concilia\u00e7\u00e3o, na vis\u00e3o de Calheiros, \u00e9 uma forma estranha de debater uma quest\u00e3o t\u00e3o pol\u00eamica. \u201cSe eles v\u00e3o sentar para fazer acordo, eles j\u00e1 est\u00e3o dizendo que v\u00e3o sentar para efetivar a constru\u00e7\u00e3o do porto\u201d, alerta o Calheiros, um dos coordenadores do SOS Encontro das \u00c1guas.&nbsp;<\/p>\n\n\n\n<p>O tombamento do Encontro das \u00c1guas \u00e9 resultado de uma mobiliza\u00e7\u00e3o hist\u00f3rica da sociedade civil, ambientalistas, ribeirinhos, moradores do bairro Col\u00f4nia Ant\u00f4nio Aleixo, na zona Leste de Manaus, cientistas e juristas. Com a perspectiva da constru\u00e7\u00e3o de um porto na \u00e1rea, esses grupos recorreram ao MPF e \u00e0 Justi\u00e7a Federal, em 2009, para obrigar o Instituto do Patrim\u00f4nio Hist\u00f3rico e Art\u00edstico Nacional (Iphan) a reconhecer o Encontro das \u00c1guas como patrim\u00f4nio cultural e natural. O reconhecimento ocorreu em 2010, mas mais de uma d\u00e9cada depois o tombamento ainda n\u00e3o foi homologado.<\/p>\n\n\n\n<p>Pelo tombamento do Encontro das \u00c1guas, foi garantida a prote\u00e7\u00e3o dos 10 quil\u00f4metros cont\u00ednuos das \u00e1guas escuras do rio Negro e as barrentas do Solim\u00f5es, que n\u00e3o se misturam, al\u00e9m dos 30 quil\u00f4metros quadrados do seu entorno. As \u00e1guas percorrem os munic\u00edpios de Manaus, Careiro da V\u00e1rzea e Iranduba, no Amazonas.<\/p>\n\n\n\n<h4 class=\"wp-block-heading\"><strong>Como uma pedreira no P\u00e3o de A\u00e7\u00facar<\/strong><\/h4>\n\n\n\n<figure class=\"wp-block-image\"><img data-recalc-dims=\"1\" height=\"396\" width=\"600\" decoding=\"async\" src=\"https:\/\/i0.wp.com\/amazoniareal.com.br\/wp-content\/uploads\/2019\/07\/LAGO3-alberto-cesar-1024x675.jpg?resize=600%2C396&#038;ssl=1\" alt=\"\" class=\"wp-image-43054\"\/><figcaption>Lago do Aleixo na proximidade do Encontro das \u00c1guas&nbsp;<br>(Foto: Alberto C\u00e9sar Ara\u00fajo\/Amaz\u00f4nia Real)<\/figcaption><\/figure>\n\n\n\n<p>Durante a 65\u00aa reuni\u00e3o do Iphan, que aconteceu entre 4 e 5 de novembro de 2010, no Pal\u00e1cio Gustavo Capanema, no Rio de Janeiro, o \u00f3rg\u00e3o reconheceu a import\u00e2ncia do tombamento com base em \u201cum diversificado conjunto de insumos \u2013 as designadas dimens\u00f5es geomorfol\u00f3gicas, geol\u00f3gica-paleobiol\u00f3gica e de biodiversidade \u2013 que explicam aquilo que o olhar registra como a imagem do Encontro das \u00c1guas \u2013 a dimens\u00e3o c\u00eanica \u2013, ao qual se poderiam associar as dimens\u00f5es culturais expressas nos s\u00edtios arqueol\u00f3gicos identificados e nas express\u00f5es etnogr\u00e1ficas reconhecidas nas pr\u00e1ticas e tradi\u00e7\u00f5es das popula\u00e7\u00f5es ribeirinhas\u201d.<\/p>\n\n\n\n<p>\u201cQuando foi discutido o tombamento escrevi o parecer recomendando o tombamento pelo Iphan. Fazer esse Porto das Lajes seria mais ou menos o equivalente a construir uma pedreira no P\u00e3o de A\u00e7\u00facar, ou fazer uma barragem nas Cataratas do Igua\u00e7u, um absurdo. A gente tem que ficar de olho, ver o que vai acontecer, e fazer muita press\u00e3o porque, como disse o ministro Ricardo Salles, agora \u00e9 a hora de \u2018passar a boiada\u2019\u201d, aponta&nbsp;o professor-doutor da Universidade de S\u00e3o Paulo (USP), Eduardo G\u00f3es Neves, refer\u00eancia em hist\u00f3ria e pesquisa arqueol\u00f3gica na Amaz\u00f4nia Central e no entorno de Manaus.<\/p>\n\n\n\n<p>O termo \u201cpassar a boiada\u201d se tornou p\u00fablico quando o ministro do Meio Ambiente, Ricardo Salles, sugeriu, em reuni\u00e3o ministerial de 22 de abril de 2020, que o governo de Jair Bolsonaro (sem partido) aproveitasse a crise com a pandemia do novo coronav\u00edrus para&nbsp;<a href=\"https:\/\/envolverde.cartacapital.com.br\/ministro-do-meio-ambiente-ricardo-salles-surpreende-com-discurso-de-desmonte-ambiental-em-reuniao-ministerial\/\" target=\"_blank\" rel=\"noreferrer noopener\">flexibilizar<\/a>&nbsp;as legisla\u00e7\u00f5es ambientais. Na ocasi\u00e3o, organiza\u00e7\u00f5es como Observat\u00f3rio do Clima, pediram o afastamento do ministro \u201cpor tramar contra a pr\u00f3pria pasta\u201d. Ele permanece desde ent\u00e3o.<\/p>\n\n\n\n<p>Relator do processo de tombamento do Encontro das \u00c1guas no Conselho Consultivo do Iphan, em novembro de 2010, Eduardo G\u00f3es Neves alerta para o momento turbulento vivido pelo Amazonas, no \u201colho do furac\u00e3o\u201d, por conta da pandemia. \u00c9 nesse momento de emerg\u00eancia que facilidades s\u00e3o vendidas como solu\u00e7\u00f5es m\u00e1gicas para problemas complexos, destacou ele.<\/p>\n\n\n\n<p>\u201cSe voc\u00ea olhar agora, o Brasil fala de Manaus o dia inteiro por causa da pandemia. \u00c9 a quest\u00e3o de acesso \u00e0s vacinas, rem\u00e9dios\u2026 O pessoal est\u00e1 usando a pandemia para dizer: \u2018Tem que asfaltar [a BR-319] de uma vez\u2019. Existe, sim, essa situa\u00e7\u00e3o, que \u00e9 muito ruim, muito dif\u00edcil, tem gente que pode usar agora para dizer: \u2018Manaus precisa desse porto\u2019.&nbsp; Tem gente que vai se aproveitar para tentar empurrar essa obra goela abaixo\u201d, pontua Neves.<\/p>\n\n\n\n<h4 class=\"wp-block-heading\"><strong>Governador defende empreendimento<\/strong><\/h4>\n\n\n\n<figure class=\"wp-block-image\"><img data-recalc-dims=\"1\" height=\"400\" width=\"600\" decoding=\"async\" src=\"https:\/\/i0.wp.com\/amazoniareal.com.br\/wp-content\/uploads\/2019\/07\/VISTA-DO-ENCONTRO-DAS-%25C3%2581GUAS-FOTO-VITOR-T-K-RAPOSO-INSTITUTO-SOKA-1024x682.jpg?resize=600%2C400&#038;ssl=1\" alt=\"\" class=\"wp-image-43030\"\/><figcaption>Vista das proximidades onde ser\u00e1 a constru\u00e7\u00e3o do Porto das Lajes<br>(Foto Victor Raposo\/Instituto Soka)<\/figcaption><\/figure>\n\n\n\n<p>O pedido de concilia\u00e7\u00e3o por parte do governo do Amazonas foi enviado em 23 de setembro de 2020 ao procurador-geral da Rep\u00fablica, Augusto Aras. Apesar de destacar que o Encontro das \u00c1guas \u00e9 um \u201cfen\u00f4meno natural que possui import\u00e2ncia cient\u00edfica e ambiental incalcul\u00e1vel\u201d, o governador Wilson Lima defende enfaticamente empreendimentos na \u00e1rea. Diz ele, no documento: \u201cEntretanto, o transporte hidrovi\u00e1rio e a necessidade de implementa\u00e7\u00e3o de novos empreendimentos econ\u00f4micos n\u00e3o podem ser impedidos sem que ao menos se verifique a possibilidade de adequa\u00e7\u00e3o dos mesmos com os mais rigorosos par\u00e2metros ambientais e culturais que o fen\u00f4meno natural exige\u201d.<\/p>\n\n\n\n<p>No documento enviado a Aras, o governo do Amazonas n\u00e3o detalha os termos da proposta. Procurada, a PGR n\u00e3o respondeu \u00e0 reportagem sobre que propostas foram apresentadas pelo governo do Amazonas e qual a resposta dada ao pedido de concilia\u00e7\u00e3o. Como o processo tramita no STF, o caso \u00e9 acompanhamento pelos sub-procuradores gerais da Rep\u00fablica.<\/p>\n\n\n\n<p>A proposta de \u201cconcilia\u00e7\u00e3o\u201d \u00e9 a desist\u00eancia do governo do Amazonas da A\u00e7\u00e3o Civil Origin\u00e1ria (ACO) n\u00famero 2514, que tramita no STF e pede a nulidade do tombamento. A contrapartida exigida pelo governo estadual seria que o MPF do Amazonas desistisse das ACOs n\u00fameros 2512 e a 2513. A decis\u00e3o da ministra Carmen L\u00facia paralisou essas tr\u00eas ACOs.<\/p>\n\n\n\n<p>A ACO 2512 \u00e9 uma pe\u00e7a originada de uma a\u00e7\u00e3o civil p\u00fablica da 7\u00aa Vara Federal movida pelo MPF contra a Uni\u00e3o, Icmbio, Iphan, Antaq, Ipaam, Lajes Log\u00edstica S\/A, Log-In Log\u00edsticas Itermodal S\/A e Juma Participa\u00e7\u00f5es S\/A. Ela tem como objetivo o reconhecimento judicial do valor hist\u00f3rico, cultural est\u00e9tico, paleontol\u00f3gico, geol\u00f3gico e paisag\u00edstico do \u201cEncontro das \u00c1guas dos Rios Negro e Solim\u00f5es\u201d e inseri-lo no regime \u201cespa\u00e7o especialmente protegido\u201d.<\/p>\n\n\n\n<p>J\u00e1 a ACO 2513, movida pelo MPF e pelo Minist\u00e9rio P\u00fablico Estadual contra o Iphan e a empresa Lajes Log\u00edstica S\/A , quer obrigar o Ipaam a exigir da empresa Lajes Log\u00edstica a apresenta\u00e7\u00e3o de estudos complementares ao Eia\/Rima e paralisar o processo de licenciamento ambiental do Porto das Lajes.<\/p>\n\n\n\n<h4 class=\"wp-block-heading\"><strong>Governadores defendem porto privado<\/strong><\/h4>\n\n\n\n<figure class=\"wp-block-image\"><img data-recalc-dims=\"1\" height=\"400\" width=\"600\" decoding=\"async\" src=\"https:\/\/i0.wp.com\/amazoniareal.com.br\/wp-content\/uploads\/2020\/03\/s%25C3%25B3-lim%25C3%25B5es-amarelos-neste-teu-verde-1024x682.jpg?resize=600%2C400&#038;ssl=1\" alt=\"\" class=\"wp-image-52648\"\/><figcaption>Encontro das \u00c1guas (Foto: Alberto C\u00e9sar Ara\u00fajo\/Amaz\u00f4nia Real)<\/figcaption><\/figure>\n\n\n\n<p>No ano de 2014, o ex-governador do Estado, e atual senador Omar Aziz (PSD) ingressou na Justi\u00e7a com uma ACO 2514, no STF, contra a Uni\u00e3o e o Iphan, pedindo a anula\u00e7\u00e3o do tombamento a favor da Lajes Log\u00edstica.&nbsp;<\/p>\n\n\n\n<p>\u00c0&nbsp;<strong>Amaz\u00f4nia Real<\/strong>, Valter Calheiros relembra a press\u00e3o pol\u00edtica ao longo desses anos para anular o tombamento do Encontro das \u00c1guas. \u201cTemos que lembrar que, dos nossos pol\u00edticos, nenhum levanta a bandeira contra a constru\u00e7\u00e3o do porto, mesmo sabendo de toda a import\u00e2ncia daquela regi\u00e3o, nenhum tem coragem de se levantar (contra). V\u00e1rios governadores, deputados, senadores, s\u00e3o todos a favor porque s\u00e3o financiados por esses grupos empresariais que est\u00e3o por tr\u00e1s do porto\u201d, diz Calheiros.<\/p>\n\n\n\n<p>Para o arque\u00f3logo Eduardo G\u00f3es Neves, a grande quest\u00e3o \u00e9 o lugar onde querem instalar um porto. \u201cEu entendo que Manaus precisa de um porto mais organizado. O porto do roadway \u00e9 muito pequeno, e o porto do Passar\u00e3o (Chibat\u00e3o) \u00e9 meio improvisado. Tem que ter um porto de fato bem montado, organizado, mas no Encontro das \u00c1guas? N\u00e3o d\u00e1 para ser em outro lugar? N\u00e3o tem outro lugar para fazer esse porto?\u201d, questiona.<\/p>\n\n\n\n<p>O ge\u00f3grafo e ambientalista Carlos Durigan destaca a relev\u00e2ncia n\u00e3o apenas cultural e paisag\u00edstica do Encontro das \u00c1guas, mas a riqueza ecol\u00f3gica que se encontra nas \u00e1guas negra e barrenta que cercam Manaus. Durigan afirma que existe uma proposta de um grupo de pesquisadores do qual ele faz parte de se criar um grande mosaico de prote\u00e7\u00e3o no local e que dever\u00e1 ser apresentado aos \u00f3rg\u00e3os estaduais do Amazonas.<\/p>\n\n\n\n<p>\u201cA gente j\u00e1 fez alguns trabalhos ali [Encontro das \u00c1guas] e aquele local \u00e9 a maior \u00e1rea de reprodu\u00e7\u00e3o de peixes de \u00e1gua doce da Amaz\u00f4nia, provavelmente. Talvez at\u00e9 do planeta. Essas \u00e1reas s\u00e3o muito importantes para a reprodu\u00e7\u00e3o de v\u00e1rias esp\u00e9cies de peixes, e a maioria dessas esp\u00e9cies de peixes \u00e9 importante para a alimenta\u00e7\u00e3o das pessoas\u201d, afirmou.<\/p>\n\n\n\n<p>Segundo Durigan, o ciclo de desovas do peixe abrange uma \u00e1rea estimada de 100 mil hectares, que vai at\u00e9 o munic\u00edpio de Itacoatiara, a Ilha do Careiro, considerado um super ber\u00e7\u00e1rio de peixes, at\u00e9 o Encontro das \u00c1guas. \u201cTem o projeto do porto, mas n\u00e3o d\u00e1 para fazer da forma como eles querem. N\u00e3o podem fazer de qualquer jeito\u201d, alerta o ge\u00f3grafo.<\/p>\n\n\n\n<h4 class=\"wp-block-heading\"><strong>\u00d3rg\u00e3os p\u00fablicos n\u00e3o esclarecem<\/strong><\/h4>\n\n\n\n<figure class=\"wp-block-image\"><img data-recalc-dims=\"1\" height=\"400\" width=\"600\" decoding=\"async\" src=\"https:\/\/i0.wp.com\/amazoniareal.com.br\/wp-content\/uploads\/2017\/08\/Encontro-das-aguas-foto-Alberto-Cesar-Araujo-Amazonia-Real-1024x683.jpg?resize=600%2C400&#038;ssl=1\" alt=\"\" class=\"wp-image-23032\"\/><figcaption>Encontro das \u00c1guas visto da balsa na travessia Manaus \u00e0 Careiro e \u00e0 BR 319. (Foto Alberto C\u00e9sar Ara\u00fajo\/Amaz\u00f4nia Real\/2017)<\/figcaption><\/figure>\n\n\n\n<p>A&nbsp;<strong>Amaz\u00f4nia Real<\/strong>&nbsp;procurou o MPF no Amazonas e o procurador da Rep\u00fablica Leonardo Galiano, que responde pelo of\u00edcio de Meio Ambiente, mas n\u00e3o obteve respostas sobre qual o posicionamento do \u00f3rg\u00e3o diante do acordo proposto pelo governo do Amazonas. Como as a\u00e7\u00f5es tramitam no STF, o processo \u00e9 acompanhado pela Quarta C\u00e2mara (Meio Ambiente) da Procuradoria Geral da Rep\u00fablica (PGR), que tamb\u00e9m n\u00e3o respondeu aos questionamentos da reportagem.<\/p>\n\n\n\n<p>O Iphan, procurado repetidas vezes pela&nbsp;<strong>Amaz\u00f4nia Real<\/strong>&nbsp;para esclarecer sobre os crit\u00e9rios que levaram o \u00f3rg\u00e3o a conceder a licen\u00e7a pr\u00e9via ao porto e a informar a delimita\u00e7\u00e3o do empreendimento no per\u00edmetro da \u00e1rea tombada, n\u00e3o se pronunciou. A superintendente do \u00f3rg\u00e3o no Amazonas, Karla Bittar, tamb\u00e9m n\u00e3o respondeu \u00e0s perguntas enviadas pela reportagem.<\/p>\n\n\n\n<p>A assessoria jur\u00eddica da Lajes Log\u00edstica S\/A tamb\u00e9m foi procurada, mas n\u00e3o retornou ao pedido de informa\u00e7\u00f5es solicitado.<\/p>\n","protected":false},"excerpt":{"rendered":"<p>Decis\u00e3o da ministra Carmen L\u00facia atende ao governo do Amazonas, que defende a constru\u00e7\u00e3o de pol\u00eamico porto privado na \u00e1rea<\/p>\n","protected":false},"author":1,"featured_media":0,"comment_status":"closed","ping_status":"open","sticky":false,"template":"","format":"standard","meta":{"_exactmetrics_skip_tracking":false,"_exactmetrics_sitenote_active":false,"_exactmetrics_sitenote_note":"","_exactmetrics_sitenote_category":0,"jetpack_post_was_ever_published":false,"_jetpack_newsletter_access":"","_jetpack_dont_email_post_to_subs":false,"_jetpack_newsletter_tier_id":0,"_jetpack_memberships_contains_paywalled_content":false,"_jetpack_memberships_contains_paid_content":false,"footnotes":"","jetpack_publicize_message":"","jetpack_publicize_feature_enabled":true,"jetpack_social_post_already_shared":true,"jetpack_social_options":{"image_generator_settings":{"template":"highway","enabled":false},"version":2}},"categories":[1],"tags":[],"class_list":["post-30883","post","type-post","status-publish","format-standard","hentry","category-notas"],"jetpack_publicize_connections":[],"jetpack_sharing_enabled":true,"jetpack_featured_media_url":"","jetpack_shortlink":"https:\/\/wp.me\/p7wKYW-827","jetpack-related-posts":[],"_links":{"self":[{"href":"http:\/\/blogdalucianaoliveira.com.br\/blog\/wp-json\/wp\/v2\/posts\/30883","targetHints":{"allow":["GET"]}}],"collection":[{"href":"http:\/\/blogdalucianaoliveira.com.br\/blog\/wp-json\/wp\/v2\/posts"}],"about":[{"href":"http:\/\/blogdalucianaoliveira.com.br\/blog\/wp-json\/wp\/v2\/types\/post"}],"author":[{"embeddable":true,"href":"http:\/\/blogdalucianaoliveira.com.br\/blog\/wp-json\/wp\/v2\/users\/1"}],"replies":[{"embeddable":true,"href":"http:\/\/blogdalucianaoliveira.com.br\/blog\/wp-json\/wp\/v2\/comments?post=30883"}],"version-history":[{"count":1,"href":"http:\/\/blogdalucianaoliveira.com.br\/blog\/wp-json\/wp\/v2\/posts\/30883\/revisions"}],"predecessor-version":[{"id":30885,"href":"http:\/\/blogdalucianaoliveira.com.br\/blog\/wp-json\/wp\/v2\/posts\/30883\/revisions\/30885"}],"wp:attachment":[{"href":"http:\/\/blogdalucianaoliveira.com.br\/blog\/wp-json\/wp\/v2\/media?parent=30883"}],"wp:term":[{"taxonomy":"category","embeddable":true,"href":"http:\/\/blogdalucianaoliveira.com.br\/blog\/wp-json\/wp\/v2\/categories?post=30883"},{"taxonomy":"post_tag","embeddable":true,"href":"http:\/\/blogdalucianaoliveira.com.br\/blog\/wp-json\/wp\/v2\/tags?post=30883"}],"curies":[{"name":"wp","href":"https:\/\/api.w.org\/{rel}","templated":true}]}}