{"id":30887,"date":"2021-02-10T11:48:16","date_gmt":"2021-02-10T15:48:16","guid":{"rendered":"http:\/\/blogdalucianaoliveira.com.br\/blog\/?p=30887"},"modified":"2021-02-10T11:48:20","modified_gmt":"2021-02-10T15:48:20","slug":"mp-encerra-escutas-no-caso-adriano-da-nobrega-apos-mencoes-a-jair-bolsonaro","status":"publish","type":"post","link":"http:\/\/blogdalucianaoliveira.com.br\/blog\/2021\/02\/10\/mp-encerra-escutas-no-caso-adriano-da-nobrega-apos-mencoes-a-jair-bolsonaro\/","title":{"rendered":"MP ENCERRA ESCUTAS NO CASO ADRIANO DA N\u00d3BREGA AP\u00d3S MEN\u00c7\u00d5ES A JAIR BOLSONARO"},"content":{"rendered":"\n<figure class=\"wp-block-image size-large\"><img data-recalc-dims=\"1\" loading=\"lazy\" decoding=\"async\" width=\"404\" height=\"220\" data-attachment-id=\"30888\" data-permalink=\"http:\/\/blogdalucianaoliveira.com.br\/blog\/2021\/02\/10\/mp-encerra-escutas-no-caso-adriano-da-nobrega-apos-mencoes-a-jair-bolsonaro\/60ca3a84-d669-4c03-89ee-aa3f10003de0\/\" data-orig-file=\"https:\/\/i0.wp.com\/blogdalucianaoliveira.com.br\/blog\/wp-content\/uploads\/2021\/02\/60CA3A84-D669-4C03-89EE-AA3F10003DE0.jpeg?fit=404%2C220\" data-orig-size=\"404,220\" data-comments-opened=\"0\" data-image-meta=\"{&quot;aperture&quot;:&quot;0&quot;,&quot;credit&quot;:&quot;&quot;,&quot;camera&quot;:&quot;&quot;,&quot;caption&quot;:&quot;&quot;,&quot;created_timestamp&quot;:&quot;0&quot;,&quot;copyright&quot;:&quot;&quot;,&quot;focal_length&quot;:&quot;0&quot;,&quot;iso&quot;:&quot;0&quot;,&quot;shutter_speed&quot;:&quot;0&quot;,&quot;title&quot;:&quot;&quot;,&quot;orientation&quot;:&quot;0&quot;}\" data-image-title=\"60CA3A84-D669-4C03-89EE-AA3F10003DE0\" data-image-description=\"\" data-image-caption=\"\" data-medium-file=\"https:\/\/i0.wp.com\/blogdalucianaoliveira.com.br\/blog\/wp-content\/uploads\/2021\/02\/60CA3A84-D669-4C03-89EE-AA3F10003DE0.jpeg?fit=300%2C163\" data-large-file=\"https:\/\/i0.wp.com\/blogdalucianaoliveira.com.br\/blog\/wp-content\/uploads\/2021\/02\/60CA3A84-D669-4C03-89EE-AA3F10003DE0.jpeg?fit=404%2C220\" src=\"https:\/\/i0.wp.com\/blogdalucianaoliveira.com.br\/blog\/wp-content\/uploads\/2021\/02\/60CA3A84-D669-4C03-89EE-AA3F10003DE0.jpeg?resize=404%2C220\" alt=\"\" class=\"wp-image-30888\" srcset=\"https:\/\/i0.wp.com\/blogdalucianaoliveira.com.br\/blog\/wp-content\/uploads\/2021\/02\/60CA3A84-D669-4C03-89EE-AA3F10003DE0.jpeg?w=404 404w, https:\/\/i0.wp.com\/blogdalucianaoliveira.com.br\/blog\/wp-content\/uploads\/2021\/02\/60CA3A84-D669-4C03-89EE-AA3F10003DE0.jpeg?resize=300%2C163 300w\" sizes=\"auto, (max-width: 404px) 100vw, 404px\" \/><\/figure>\n\n\n\n<p>CINCO DIAS DEPOIS\u00a0da morte de Adriano da N\u00f3brega, em fevereiro de 2020, uma de suas irm\u00e3s afirmou em um telefonema que queriam ligar seu irm\u00e3o a \u201cBolsonaro\u201d.<\/p>\n\n\n\n<!--more-->\n\n\n\n<p>The Intercept <\/p>\n\n\n\n<p>Tatiana Magalh\u00e3es da N\u00f3brega estaria se referindo ao presidente da Rep\u00fablica, Jair Bolsonaro, segundo trecho do relat\u00f3rio t\u00e9cnico da Subsecretaria de Intelig\u00eancia da Secretaria de Pol\u00edcia Civil do Rio de Janeiro. O<strong>\u00a0Intercept<\/strong>teve acesso com exclusividade ao documento, elaborado a partir da an\u00e1lise das quebras de sigilos telef\u00f4nicos e telem\u00e1ticos dela e de outros suspeitos de integrar a organiza\u00e7\u00e3o criminosa respons\u00e1vel pela prote\u00e7\u00e3o e continuidade dos neg\u00f3cios il\u00edcitos do ex-capit\u00e3o do Bope, o batalh\u00e3o de elite do Rio de Janeiro.<\/p>\n\n\n\n<p>O monitoramento teve in\u00edcio em 6 de fevereiro de 2019, poucos dias depois de Adriano ter tido a pris\u00e3o decretada na opera\u00e7\u00e3o&nbsp;<a href=\"https:\/\/tudo-sobre.estadao.com.br\/operacao-intocaveis\" target=\"_blank\" rel=\"noreferrer noopener\">Intoc\u00e1veis<\/a>, que levou o Minist\u00e9rio P\u00fablico a denunciar policiais e ex-policiais militares ligados \u00e0 mil\u00edcia de Rio das Pedras e da Muzema, na zona oeste do Rio. Uma das principais atividades da organiza\u00e7\u00e3o criminosa \u00e9 a&nbsp;<a href=\"https:\/\/theintercept.com\/2020\/04\/25\/flavio-bolsonaro-rachadinha-financiou-milicia\/\" target=\"_blank\" rel=\"noreferrer noopener\">constru\u00e7\u00e3o ilegal de pr\u00e9dios<\/a>&nbsp;em terrenos invadidos.<\/p>\n\n\n\n<p>Na conversa interceptada em 14 de fevereiro de 2020, Tatiana fala com uma mulher n\u00e3o identificada, lamenta a dificuldade em liberar o enterro do irm\u00e3o e diz que Adriano \u201ctinha muita coisa e mexia com muita gente\u201d. Depois, cita o presidente.<\/p>\n\n\n\n<div class=\"wp-block-image\"><figure class=\"aligncenter\"><img data-recalc-dims=\"1\" decoding=\"async\" src=\"https:\/\/i0.wp.com\/theintercept.imgix.net\/wp-uploads\/sites\/1\/2021\/02\/Layer-19.png?w=600&#038;ssl=1\" alt=\"Layer-19\" class=\"wp-image-344578\"\/><\/figure><\/div>\n\n\n\n<p>Trecho do relat\u00f3rio com a transcri\u00e7\u00f5es de parte dos telefonemas da irm\u00e3 do ex-caveira.<\/p>\n\n\n\n<p>Foto: Reprodu\u00e7\u00e3o\/MPRJ<\/p>\n\n\n\n<p>As quebras de sigilos de comunica\u00e7\u00e3o dos suspeitos foram sendo renovadas sistematicamente at\u00e9 21 de fevereiro de 2020, 12 dias depois de Adriano ter sido localizado numa propriedade rural do povoado baiano de Esplanada, a 170 quil\u00f4metros de Salvador, em uma controversa opera\u00e7\u00e3o conjunta das pol\u00edcias do Rio e da Bahia, que terminou com a morte do ex-caveira.<\/p>\n\n\n\n<p>Mas, sete dias depois&nbsp; da conversa em que o nome do presidente aparece, um relat\u00f3rio mostra a op\u00e7\u00e3o do&nbsp;MP por n\u00e3o renovar as escutas no telefone da irm\u00e3 do ex-capit\u00e3o. Os relat\u00f3rios contendo as liga\u00e7\u00f5es s\u00e3o fechados a cada 15 dias, prazo legal de cada intercepta\u00e7\u00e3o.<\/p>\n\n\n\n<p>Para iniciar um novo per\u00edodo de grampos, \u00e9 necess\u00e1ria uma nova autoriza\u00e7\u00e3o da justi\u00e7a, o que os promotores desencorajaram:<\/p>\n\n\n\n<div class=\"wp-block-image\"><figure class=\"aligncenter\"><img data-recalc-dims=\"1\" decoding=\"async\" src=\"https:\/\/i0.wp.com\/theintercept.imgix.net\/wp-uploads\/sites\/1\/2021\/02\/escuta-123.png?w=600&#038;ssl=1\" alt=\"escuta-123\" class=\"wp-image-344572\"\/><\/figure><\/div>\n\n\n\n<p>MP cita men\u00e7\u00e3o a Bolsonaro em telefonema de Tatiana para interromper escuta.<\/p>\n\n\n\n<p>Foto: Reprodu\u00e7\u00e3o\/MPRJ<\/p>\n\n\n\n<p>O Minist\u00e9rio P\u00fablico fluminense n\u00e3o tem atribui\u00e7\u00e3o para investigar o presidente da Rep\u00fablica. Entretanto, cabe \u00e0 institui\u00e7\u00e3o encaminhar as informa\u00e7\u00f5es \u00e0 Procuradoria-Geral da Rep\u00fablica, a PGR, que tem a prerrogativa de apurar suspeitas relacionadas ao chefe do Executivo. Funcion\u00e1rios do MP, com quem conversei sob a condi\u00e7\u00e3o de anonimato, afirmam que o processo jamais foi encaminhado \u00e0 inst\u00e2ncia superior. Instado a responder se remeteu o caso \u00e0 PGR, o Grupo de Atua\u00e7\u00e3o Especial no Combate ao Crime Organizado do MP do Rio, o Gaeco, informou apenas que as investiga\u00e7\u00f5es est\u00e3o sob sigilo; \u201craz\u00e3o pela qual n\u00e3o \u00e9 poss\u00edvel fornecer as informa\u00e7\u00f5es solicitadas\u201d. Entramos em contato com a PGR, que n\u00e3o se manifestou at\u00e9 a publica\u00e7\u00e3o desta reportagem.<\/p>\n\n\n\n<p>Mas Tatiana da N\u00f3brega n\u00e3o foi a \u00fanica a n\u00e3o ter renovadas as quebras de sigilos que poderiam esclarecer a rela\u00e7\u00e3o de seu irm\u00e3o Adriano com os Bolsonaros. Outros suspeitos de integrar a rede de prote\u00e7\u00e3o do ex-capit\u00e3o, que chefiava o Escrit\u00f3rio do Crime \u2013 mil\u00edcia especializada em assassinatos por encomenda \u2013 tamb\u00e9m tiveram seus monitoramentos suspensos. Dentre eles, o\u00a0<a rel=\"noreferrer noopener\" href=\"https:\/\/especiais.gazetadopovo.com.br\/eleicoes\/2016\/esplanada-ba\/vereador\/gilsinho-de-dede-17000\/\" target=\"_blank\">vereador de Esplanada G<\/a>ilsinho da Ded\u00e9, dono do s\u00edtio onde Adriano estava escondido. O pol\u00edtico \u00e9 do PSL, partido no qual Bolsonaro se elegeu presidente.<\/p>\n\n\n\n<p>Na ocasi\u00e3o,&nbsp;<a href=\"https:\/\/www1.folha.uol.com.br\/poder\/2020\/02\/miliciano-ligado-a-flavio-estava-em-sitio-de-vereador-do-psl-veja-video-do-local-apos-acao.shtml\" target=\"_blank\" rel=\"noreferrer noopener\">Gilsinho<\/a>&nbsp;afirmou n\u00e3o conhecer o ex-capit\u00e3o e chegou a dizer que o miliciano teria invadido seu s\u00edtio. As intercepta\u00e7\u00f5es, no entanto, revelam que o vereador encontrou pessoalmente o ex-caveira&nbsp;em pelo menos duas ocasi\u00f5es, uma delas durante uma vaquejada, em Itabaianinha, no Sergipe.<\/p>\n\n\n\n<p>O suposto compadrio entre o chefe da mil\u00edcia de matadores de aluguel e o presidente, citado de forma lac\u00f4nica por Tatiana da N\u00f3brega, tamb\u00e9m foi ressaltado em outra conversa interceptada. Dessa vez, em 15 de fevereiro de 2020, seis dias ap\u00f3s a morte do ex-capit\u00e3o. No di\u00e1logo, classificado pela pol\u00edcia como de m\u00e9dia relev\u00e2ncia, Luiz Carlos Felipe Martins, o Orelha, conta que \u201cAdriano dizia que se fodia por ser amigo do Presidente da Rep\u00fablica\u201d. De acordo com o MP, Orelha atuava como um dos homens de confian\u00e7a do miliciano. Ap\u00f3s a sua morte, foi ele quem tratou da venda de cabe\u00e7as de gado do esp\u00f3lio do ex-capit\u00e3o. Assim como Tatiana e o vereador Gilsinho, Orelha tamb\u00e9m teve o monitoramento de suas comunica\u00e7\u00f5es suspenso dias depois de mencionar o presidente ao telefone.&nbsp;A assessoria da Presid\u00eancia da Rep\u00fablica n\u00e3o comentou o teor da grava\u00e7\u00e3o.<\/p>\n\n\n\n<div class=\"wp-block-image\"><figure class=\"aligncenter\"><img data-recalc-dims=\"1\" decoding=\"async\" src=\"https:\/\/i0.wp.com\/theintercept.imgix.net\/wp-uploads\/sites\/1\/2021\/02\/escuta-45.png?w=600&#038;ssl=1\" alt=\"escuta-45\" class=\"wp-image-344579\"\/><\/figure><\/div>\n\n\n\n<p>Em di\u00e1logo classificado pela pol\u00edcia como de m\u00e9dia relev\u00e2ncia, um dos bra\u00e7os direitos do miliciano conta que \u201cAdriano dizia que se fodia por ser amigo do Presidente da Rep\u00fablica.<\/p>\n\n\n\n<p>Foto: Reprodu\u00e7\u00e3o\/MPRJ<\/p>\n\n\n\n<h3 class=\"wp-block-heading\">Caso de fam\u00edlia<\/h3>\n\n\n\n<p>A liga\u00e7\u00e3o dos Bolsonaros com os milicianos da zona oeste do Rio vem de longa data. Fl\u00e1vio, ent\u00e3o deputado estadual, nomeou a&nbsp;<a href=\"https:\/\/g1.globo.com\/rj\/rio-de-janeiro\/noticia\/2019\/01\/22\/flavio-bolsonaro-contratou-mae-de-foragido-de-operacao-contra-milicia-ex-assessora-e-citada-pelo-coaf.ghtml\" target=\"_blank\" rel=\"noreferrer noopener\">m\u00e3e e a ex-mulher&nbsp;<\/a>de Adriano em seu antigo gabinete na Assembleia Legislativa do Rio. Raimunda Veras Magalh\u00e3es e Danielle Mendon\u00e7a da N\u00f3brega recebiam sem trabalhar e devolviam parte dos sal\u00e1rios ao ex-PM Fabr\u00edcio Queiroz, que&nbsp;atuava como assessor do parlamentar \u2013 as famosas rachadinhas.&nbsp;Inclusive, o MP do Rio&nbsp;<a href=\"https:\/\/g1.globo.com\/rj\/rio-de-janeiro\/noticia\/2020\/11\/06\/denuncia-contra-flavio-bolsonaro-aponta-que-miliciano-adriano-era-parte-do-esquema-de-rachadinha.ghtml\" target=\"_blank\" rel=\"noreferrer noopener\">protocolou uma den\u00fancia contra Fl\u00e1vio<\/a>&nbsp;citando Adriano como um dos envolvidos no caso.<\/p>\n\n\n\n<p>Amigo do ex-capit\u00e3o Adriano nos tempos de Pol\u00edcia Militar, Queiroz \u00e9 um dos muitos PMs e militares que orbitam a fam\u00edlia Bolsonaro desde os anos 1980. Suboficial reformado da PM, ele serviu com o n\u00famero 1 da Rep\u00fablica na Brigada de Infantaria P\u00e1ra-Quedista, na Vila Militar, no Rio. Desde ent\u00e3o, estreitaram os la\u00e7os de amizade, que levaram Queiroz a ocupar o cargo de assessor do primeiro filho. \u201cEle [Queiroz] \u00e9&nbsp;<a href=\"https:\/\/www1.folha.uol.com.br\/poder\/2019\/10\/bolsonaro-classifica-de-audio-bobo-gravacao-de-fabricio-queiroz.shtml\" target=\"_blank\" rel=\"noreferrer noopener\">meu amigo desde 1985, \u00e9 meu soldado<\/a>\u201d, j\u00e1 afirmou Bolsonaro ao ser questionado sobre a rela\u00e7\u00e3o com o assessor.<\/p>\n\n\n\n<p>Fl\u00e1vio Bolsonaro afirma que a responsabilidade pelas nomea\u00e7\u00f5es da m\u00e3e e da ex-mulher de Adriano da N\u00f3brega em seu gabinete foi de Queiroz, que confirmou a vers\u00e3o em depoimento. Entretanto, vale lembrar que o atual senador do cl\u00e3 Bolsonaro e o miliciano eram pr\u00f3ximos. Fl\u00e1vio j\u00e1 havia at\u00e9 entregue a&nbsp;<a href=\"http:\/\/alerjln1.alerj.rj.gov.br\/scpro0307.nsf\/e4bb858a5b3d42e383256cee006ab66a\/66ed6d7f6f4d035583257021004902c3?OpenDocument\" target=\"_blank\" rel=\"noreferrer noopener\">medalha Tiradentes<\/a>, principal honraria da Assembleia Legislativa do Rio, ao ex-capit\u00e3o. Ronnie Lessa, outro ex-PM do Escrit\u00f3rio do Crime, mora no mesmo condom\u00ednio de Jair e Carlos Bolsonaro, a poucas casas de dist\u00e2ncia. Lessa est\u00e1 sendo investigado como um dos executores do assassinato da vereadora Marielle Franco e est\u00e1 preso hoje.<\/p>\n\n\n\n<p>Queiroz tamb\u00e9m mantinha contatos frequentes com integrantes do Escrit\u00f3rio do Crime. As liga\u00e7\u00f5es suspeitas foram detalhadas em meio \u00e0s investiga\u00e7\u00f5es do esquema de rachadinha no antigo gabinete de Fl\u00e1vio Bolsonaro e das atividades criminosas do grupo, que resultou em dois processos que tramitam no Tribunal de Justi\u00e7a do Rio.<\/p>\n\n\n\n<p>Os promotores est\u00e3o investigando a amplia\u00e7\u00e3o das atividades criminosas da mil\u00edcia comandada pelo ex-caveira do Bope. Em inqu\u00e9rito ainda n\u00e3o conclu\u00eddo, o MP apura se o ramo de constru\u00e7\u00e3o de pr\u00e9dios ilegais teria sido financiado em parte com recursos provenientes da rachadinha no gabinete do ent\u00e3o deputado Fl\u00e1vio Bolsonaro, como o Intercept&nbsp;<a href=\"https:\/\/theintercept.com\/2020\/04\/25\/flavio-bolsonaro-rachadinha-financiou-milicia\/\" target=\"_blank\" rel=\"noreferrer noopener\">revelou<\/a>, em abril de 2020. Na ocasi\u00e3o, o cl\u00e3 presidencial silenciou sobre as suspeitas. Outro inqu\u00e9rito das rachadinhas, j\u00e1 finalizado, indiciou Fl\u00e1vio Bolsonaro. Mas segue paralisado na justi\u00e7a enquanto os advogados do primeiro filho tentam anular as provas levantadas nas investiga\u00e7\u00f5es.<\/p>\n\n\n\n<p>Um ano depois da morte de Adriano da N\u00f3brega, a misteriosa teia de rela\u00e7\u00f5es do ex-capit\u00e3o com personagens da pol\u00edtica fluminense \u2013 incluindo o cl\u00e3 Bolsonaro \u2013 e do submundo da pol\u00edcia e da contraven\u00e7\u00e3o parece ter sido sepultada com o matador de aluguel.<\/p>\n","protected":false},"excerpt":{"rendered":"<p>CINCO DIAS DEPOIS\u00a0da morte de Adriano da N\u00f3brega, em fevereiro de 2020, uma de suas irm\u00e3s afirmou em um telefonema que queriam ligar seu irm\u00e3o a \u201cBolsonaro\u201d.<\/p>\n","protected":false},"author":1,"featured_media":0,"comment_status":"closed","ping_status":"open","sticky":false,"template":"","format":"standard","meta":{"_exactmetrics_skip_tracking":false,"_exactmetrics_sitenote_active":false,"_exactmetrics_sitenote_note":"","_exactmetrics_sitenote_category":0,"jetpack_post_was_ever_published":false,"_jetpack_newsletter_access":"","_jetpack_dont_email_post_to_subs":false,"_jetpack_newsletter_tier_id":0,"_jetpack_memberships_contains_paywalled_content":false,"_jetpack_memberships_contains_paid_content":false,"footnotes":"","jetpack_publicize_message":"","jetpack_publicize_feature_enabled":true,"jetpack_social_post_already_shared":true,"jetpack_social_options":{"image_generator_settings":{"template":"highway","enabled":false},"version":2}},"categories":[1],"tags":[],"class_list":["post-30887","post","type-post","status-publish","format-standard","hentry","category-notas"],"jetpack_publicize_connections":[],"jetpack_sharing_enabled":true,"jetpack_featured_media_url":"","jetpack_shortlink":"https:\/\/wp.me\/p7wKYW-82b","jetpack-related-posts":[],"_links":{"self":[{"href":"http:\/\/blogdalucianaoliveira.com.br\/blog\/wp-json\/wp\/v2\/posts\/30887","targetHints":{"allow":["GET"]}}],"collection":[{"href":"http:\/\/blogdalucianaoliveira.com.br\/blog\/wp-json\/wp\/v2\/posts"}],"about":[{"href":"http:\/\/blogdalucianaoliveira.com.br\/blog\/wp-json\/wp\/v2\/types\/post"}],"author":[{"embeddable":true,"href":"http:\/\/blogdalucianaoliveira.com.br\/blog\/wp-json\/wp\/v2\/users\/1"}],"replies":[{"embeddable":true,"href":"http:\/\/blogdalucianaoliveira.com.br\/blog\/wp-json\/wp\/v2\/comments?post=30887"}],"version-history":[{"count":1,"href":"http:\/\/blogdalucianaoliveira.com.br\/blog\/wp-json\/wp\/v2\/posts\/30887\/revisions"}],"predecessor-version":[{"id":30889,"href":"http:\/\/blogdalucianaoliveira.com.br\/blog\/wp-json\/wp\/v2\/posts\/30887\/revisions\/30889"}],"wp:attachment":[{"href":"http:\/\/blogdalucianaoliveira.com.br\/blog\/wp-json\/wp\/v2\/media?parent=30887"}],"wp:term":[{"taxonomy":"category","embeddable":true,"href":"http:\/\/blogdalucianaoliveira.com.br\/blog\/wp-json\/wp\/v2\/categories?post=30887"},{"taxonomy":"post_tag","embeddable":true,"href":"http:\/\/blogdalucianaoliveira.com.br\/blog\/wp-json\/wp\/v2\/tags?post=30887"}],"curies":[{"name":"wp","href":"https:\/\/api.w.org\/{rel}","templated":true}]}}