{"id":30890,"date":"2021-02-10T11:54:34","date_gmt":"2021-02-10T15:54:34","guid":{"rendered":"http:\/\/blogdalucianaoliveira.com.br\/blog\/?p=30890"},"modified":"2021-02-10T11:54:40","modified_gmt":"2021-02-10T15:54:40","slug":"moro-continuou-como-chefe-da-lava-jato-quando-ja-era-ministro-indica-mensagem-a-dallagnol","status":"publish","type":"post","link":"http:\/\/blogdalucianaoliveira.com.br\/blog\/2021\/02\/10\/moro-continuou-como-chefe-da-lava-jato-quando-ja-era-ministro-indica-mensagem-a-dallagnol\/","title":{"rendered":"Moro continuou como chefe da Lava Jato quando j\u00e1 era ministro, indica mensagem a Dallagnol"},"content":{"rendered":"\n<figure class=\"wp-block-image\"><img data-recalc-dims=\"1\" decoding=\"async\" src=\"https:\/\/i0.wp.com\/publisher-publish.s3.eu-central-1.amazonaws.com\/pb-brasil247\/swp\/jtjeq9\/media\/2020070511070_57b4c43eac7328412a904c85955c9bf997a1aa517b8bcc27f050f8028ef450ad.jpeg?w=600&#038;ssl=1\" alt=\"S\u00e9rgio Moro e Deltan Dallagnol\"\/><\/figure>\n\n\n\n<p><strong>247\u00a0<\/strong>&#8211; O ex-juiz S\u00e9rgio Moro j\u00e1 fazia parte do governo de Jair Bolsonaro como ministro da Justi\u00e7a e continou a se portar como chefe da Lava Jato -o que era ilegal para a condi\u00e7ao dele como juiz e mais ainda como ministro. \u00a0Mensagem dele revelada agora mostra como ele deu ordem ao procurador Deltan Dallagnol, ent\u00e3o chefe formal da for\u00e7a-tarefa, pedindo informa\u00e7\u00f5es sobre a rela\u00e7\u00e3o entre o Brasil e outros pa\u00edses em acordos de coopera\u00e7\u00e3o internacional\u00a0<br><\/p>\n\n\n\n<!--more-->\n\n\n\n<p>O pedido foi enviado por meio de um aplicativo de mensagens \u00e0s v\u00e9speras da participa\u00e7\u00e3o do ent\u00e3o ministro e o tema era sua participa\u00e7\u00e3o em um debate sobre corrup\u00e7\u00e3o e uso da tecnologia no F\u00f3rum Econ\u00f4mico Mundial em Davos, na Su\u00ed\u00e7a, em janeiro de 2019. A informa\u00e7\u00e3o foi publicada pelo\u00a0<a rel=\"noreferrer noopener\" target=\"_blank\" href=\"https:\/\/noticias.uol.com.br\/politica\/ultimas-noticias\/2021\/02\/10\/ja-ministro-moro-pediu-informacao-a-deltan-indicam-mensagens.htm\">portal Uol<\/a>.\u00a0<br><\/p>\n\n\n\n<p>\u00c0s 22h23 de 20 de janeiro de 2019, Deltan conversou com um colega identificado como &#8220;Douglas Prpr&#8221; e encaminhou uma mensagem do ent\u00e3o ministro. &#8220;Moro: &#8216;Estarei em Davos na semana, pode me dizer sucintamente com quais pa\u00edses ainda temos dificuldade com coopera\u00e7\u00e3o, Hong Kong por exemplo forneceu aquelas provas?&#8217;. Vc descobre e me passa por favor?&#8221;.<br><\/p>\n\n\n\n<p>O pedido de Moro encaminhado a Dallagnol consta em per\u00edcia contratada pela defesa do ex-presidente Luiz In\u00e1cio Lula da Silva que foi protocolada no Supremo Tribunal Federal (STF).<br>De acordo com juristas, Moro buscou a informa\u00e7\u00e3o de forma ilegal, porque o pr\u00f3prio Minist\u00e9rio possui um \u00f3rg\u00e3o respons\u00e1vel por coopera\u00e7\u00e3o internacional.<br>Ministro da Justi\u00e7a do governo de Fernando Henrique Cardoso em 1999 e 2000, o advogado criminalista Jos\u00e9 Carlos Dias criticou a postura de Moro. &#8220;O ministro da Justi\u00e7a s\u00f3 pode utilizar informa\u00e7\u00f5es obtidas atrav\u00e9s dos \u00f3rg\u00e3os oficiais. N\u00e3o pode ter uma conversa escusa com quem n\u00e3o pertence \u00e0 estrutura do minist\u00e9rio. E muito menos com um procurador. O que o Moro pretendia era obter informa\u00e7\u00f5es por baixo do pano. O correto seria procurar o DRCI ou a PGR&#8221;, afirmou.\u00a0<br>Ministro da Justi\u00e7a no governo Fernando Henrique Cardoso em 2002, o advogado Miguel Reale J\u00fanior, autores dos pareceres que embasaram o golpe contra Dilma Rousseff, em 2016, disse que Moro utilizou o canal inadequado para buscar esse tipo de informa\u00e7\u00e3o. &#8220;Todas as informa\u00e7\u00f5es s\u00e3o solicitadas via minist\u00e9rio. O que espanta \u00e9 que o Moro n\u00e3o soubesse que h\u00e1 um \u00f3rg\u00e3o no pr\u00f3prio minist\u00e9rio indicado para representar o pa\u00eds nos acordos de coopera\u00e7\u00e3o internacional&#8221;, afirmou o jurista.<br><\/p>\n\n\n\n<p>Em 21 de janeiro de 2019, Dallagnol voltou a falar sobre a coopera\u00e7\u00e3o internacional com &#8220;Douglas Prpr&#8221;, que encaminha ao procurador um levantamento sobre a coopera\u00e7\u00e3o com ao menos quatro pa\u00edses. A grafia das mensagens foi mantida como constam nos autos do Supremo.<br><\/p>\n\n\n\n<p>16:22 Douglas Prpr Blz, t\u00f4 vendo aqui<br>16:28 Deltan j\u00e1 indiquei o seguinte: 1) Bahamas &#8211; extrema dificuldade 2) Espanha &#8211; A cita\u00e7\u00e3o do Tacla ainda n\u00e3o ocorreu (estamos h\u00e1 mais de 2 anos tentando) 3) Hong Kong realmente finge que n\u00e3o entende nossas Coopins e fica perguntando um milh\u00e3o de vezes a mesma coisa pra n\u00e3o cumprir<br>18:00 Douglas Prpr Indica\u00e7\u00f5es dos grupos: 1) Est\u00e1 h\u00e1 quase 2 anos sem cumprir o pedido de quebra e bloqueio FTLJ 132\/2017 3) Forneceu dados do Leonardo Meirelles, mas porque Dr. Orlando conversou diretamente com a autoridade do caso l\u00e1 Pedem complementos intermin\u00e1veis e sem l\u00f3gica 4) Gr\u00e9cia: sem resposta desde 2017 j\u00e1 quanto ao pedido FTLJ 153\/2017 5) Reino Unido: dificulta muito por causa das quest\u00f5es do common law [direito comum, em ingl\u00eas, quando ju\u00edzes estabelecem um novo precedente em um caso] mas foram prestativos no pedido FTLJ 152 (caso dos gregos), p. ex. 6) Ilhas Virgens Brit\u00e2nicas: dificuldade no cumprimento do pedido FTLJ 125\/2017, sob justificativa de aus\u00eancia de nexo causal entre as informa\u00e7\u00f5es solicitadas e o crime investigado. Ocorre que a prova do nexo causal s\u00f3 pode ser produzida com a remessa da documenta\u00e7\u00e3o banc\u00e1ria. Portanto ele exigem [sic] prova imposs\u00edvel para cumprir os pedidos.<br>18:01 Deltan Shou [sic], obrigado.<br><\/p>\n","protected":false},"excerpt":{"rendered":"<p>247\u00a0&#8211; O ex-juiz S\u00e9rgio Moro j\u00e1 fazia parte do governo de Jair Bolsonaro como ministro da Justi\u00e7a e continou a se portar como chefe da Lava Jato -o que era ilegal para a condi\u00e7ao dele como juiz e mais ainda como ministro. \u00a0Mensagem dele revelada agora mostra como ele deu ordem ao procurador Deltan Dallagnol,&#8230;<a class=\"more-link\" href=\"http:\/\/blogdalucianaoliveira.com.br\/blog\/2021\/02\/10\/moro-continuou-como-chefe-da-lava-jato-quando-ja-era-ministro-indica-mensagem-a-dallagnol\/\">Continue a leitura <span class=\"meta-nav\">&raquo;<\/span><\/a><\/p>\n","protected":false},"author":1,"featured_media":0,"comment_status":"closed","ping_status":"open","sticky":false,"template":"","format":"standard","meta":{"_exactmetrics_skip_tracking":false,"_exactmetrics_sitenote_active":false,"_exactmetrics_sitenote_note":"","_exactmetrics_sitenote_category":0,"jetpack_post_was_ever_published":false,"_jetpack_newsletter_access":"","_jetpack_dont_email_post_to_subs":false,"_jetpack_newsletter_tier_id":0,"_jetpack_memberships_contains_paywalled_content":false,"_jetpack_memberships_contains_paid_content":false,"footnotes":"","jetpack_publicize_message":"","jetpack_publicize_feature_enabled":true,"jetpack_social_post_already_shared":true,"jetpack_social_options":{"image_generator_settings":{"template":"highway","enabled":false},"version":2}},"categories":[1],"tags":[],"class_list":["post-30890","post","type-post","status-publish","format-standard","hentry","category-notas"],"jetpack_publicize_connections":[],"jetpack_sharing_enabled":true,"jetpack_featured_media_url":"","jetpack_shortlink":"https:\/\/wp.me\/p7wKYW-82e","jetpack-related-posts":[],"_links":{"self":[{"href":"http:\/\/blogdalucianaoliveira.com.br\/blog\/wp-json\/wp\/v2\/posts\/30890","targetHints":{"allow":["GET"]}}],"collection":[{"href":"http:\/\/blogdalucianaoliveira.com.br\/blog\/wp-json\/wp\/v2\/posts"}],"about":[{"href":"http:\/\/blogdalucianaoliveira.com.br\/blog\/wp-json\/wp\/v2\/types\/post"}],"author":[{"embeddable":true,"href":"http:\/\/blogdalucianaoliveira.com.br\/blog\/wp-json\/wp\/v2\/users\/1"}],"replies":[{"embeddable":true,"href":"http:\/\/blogdalucianaoliveira.com.br\/blog\/wp-json\/wp\/v2\/comments?post=30890"}],"version-history":[{"count":1,"href":"http:\/\/blogdalucianaoliveira.com.br\/blog\/wp-json\/wp\/v2\/posts\/30890\/revisions"}],"predecessor-version":[{"id":30891,"href":"http:\/\/blogdalucianaoliveira.com.br\/blog\/wp-json\/wp\/v2\/posts\/30890\/revisions\/30891"}],"wp:attachment":[{"href":"http:\/\/blogdalucianaoliveira.com.br\/blog\/wp-json\/wp\/v2\/media?parent=30890"}],"wp:term":[{"taxonomy":"category","embeddable":true,"href":"http:\/\/blogdalucianaoliveira.com.br\/blog\/wp-json\/wp\/v2\/categories?post=30890"},{"taxonomy":"post_tag","embeddable":true,"href":"http:\/\/blogdalucianaoliveira.com.br\/blog\/wp-json\/wp\/v2\/tags?post=30890"}],"curies":[{"name":"wp","href":"https:\/\/api.w.org\/{rel}","templated":true}]}}