{"id":30892,"date":"2021-02-10T12:00:19","date_gmt":"2021-02-10T16:00:19","guid":{"rendered":"http:\/\/blogdalucianaoliveira.com.br\/blog\/?p=30892"},"modified":"2021-02-10T12:00:24","modified_gmt":"2021-02-10T16:00:24","slug":"e-absurdo-tornar-o-banco-central-um-ente-autonomo-diz-dilma","status":"publish","type":"post","link":"http:\/\/blogdalucianaoliveira.com.br\/blog\/2021\/02\/10\/e-absurdo-tornar-o-banco-central-um-ente-autonomo-diz-dilma\/","title":{"rendered":"\u201c\u00c9 absurdo tornar o Banco Central um ente aut\u00f4nomo\u201d, diz Dilma"},"content":{"rendered":"\n<figure class=\"wp-block-image\"><img data-recalc-dims=\"1\" decoding=\"async\" src=\"https:\/\/i0.wp.com\/publisher-publish.s3.eu-central-1.amazonaws.com\/pb-brasil247\/swp\/jtjeq9\/media\/20210210120220_7a691f3a-9db1-40b4-8e47-d07575024c89.jpg?w=600&#038;ssl=1\" alt=\"Dilma Rousseff e o Banco Central\"\/><\/figure>\n\n\n\n<p><strong>247<\/strong>\u00a0&#8211; A presidente deposta pelo golpe de 2016, Dilma Rousseff, criticou o projeto em an\u00e1lise pelo governo Jair Bolsonaro que prev\u00ea a autonomia do Banco Central (BC).<br><\/p>\n\n\n\n<!--more-->\n\n\n\n<p>&#8220;Quest\u00f5es relativas ao engessamento da capacidade do Estado de reagir \u00e0 crise t\u00eam de ser imediatamente descontru\u00eddas. Um exemplo \u00e9 esse absurdo de tornar o Banco Central um ente aut\u00f4nomo&#8221;, disse ela em entrevista ao programa Bom Dia 247, nesta quarta-feira (10).<\/p>\n\n\n\n<p>&#8220;Enquanto est\u00e3o revendo certas barreiras, certos engessamentos do Estado, mesmo nas pol\u00edticas neoliberais, aqui no Brasil estamos na fase primitiva do neoliberalismo&#8221;, acrescentou.<br><\/p>\n\n\n\n<p><\/p>\n","protected":false},"excerpt":{"rendered":"<p>247\u00a0&#8211; A presidente deposta pelo golpe de 2016, Dilma Rousseff, criticou o projeto em an\u00e1lise pelo governo Jair Bolsonaro que prev\u00ea a autonomia do Banco Central (BC).<\/p>\n","protected":false},"author":1,"featured_media":0,"comment_status":"closed","ping_status":"open","sticky":false,"template":"","format":"standard","meta":{"_exactmetrics_skip_tracking":false,"_exactmetrics_sitenote_active":false,"_exactmetrics_sitenote_note":"","_exactmetrics_sitenote_category":0,"jetpack_post_was_ever_published":false,"_jetpack_newsletter_access":"","_jetpack_dont_email_post_to_subs":false,"_jetpack_newsletter_tier_id":0,"_jetpack_memberships_contains_paywalled_content":false,"_jetpack_memberships_contains_paid_content":false,"footnotes":"","jetpack_publicize_message":"","jetpack_publicize_feature_enabled":true,"jetpack_social_post_already_shared":true,"jetpack_social_options":{"image_generator_settings":{"template":"highway","enabled":false},"version":2}},"categories":[1],"tags":[],"class_list":["post-30892","post","type-post","status-publish","format-standard","hentry","category-notas"],"jetpack_publicize_connections":[],"jetpack_sharing_enabled":true,"jetpack_featured_media_url":"","jetpack_shortlink":"https:\/\/wp.me\/p7wKYW-82g","jetpack-related-posts":[],"_links":{"self":[{"href":"http:\/\/blogdalucianaoliveira.com.br\/blog\/wp-json\/wp\/v2\/posts\/30892","targetHints":{"allow":["GET"]}}],"collection":[{"href":"http:\/\/blogdalucianaoliveira.com.br\/blog\/wp-json\/wp\/v2\/posts"}],"about":[{"href":"http:\/\/blogdalucianaoliveira.com.br\/blog\/wp-json\/wp\/v2\/types\/post"}],"author":[{"embeddable":true,"href":"http:\/\/blogdalucianaoliveira.com.br\/blog\/wp-json\/wp\/v2\/users\/1"}],"replies":[{"embeddable":true,"href":"http:\/\/blogdalucianaoliveira.com.br\/blog\/wp-json\/wp\/v2\/comments?post=30892"}],"version-history":[{"count":1,"href":"http:\/\/blogdalucianaoliveira.com.br\/blog\/wp-json\/wp\/v2\/posts\/30892\/revisions"}],"predecessor-version":[{"id":30893,"href":"http:\/\/blogdalucianaoliveira.com.br\/blog\/wp-json\/wp\/v2\/posts\/30892\/revisions\/30893"}],"wp:attachment":[{"href":"http:\/\/blogdalucianaoliveira.com.br\/blog\/wp-json\/wp\/v2\/media?parent=30892"}],"wp:term":[{"taxonomy":"category","embeddable":true,"href":"http:\/\/blogdalucianaoliveira.com.br\/blog\/wp-json\/wp\/v2\/categories?post=30892"},{"taxonomy":"post_tag","embeddable":true,"href":"http:\/\/blogdalucianaoliveira.com.br\/blog\/wp-json\/wp\/v2\/tags?post=30892"}],"curies":[{"name":"wp","href":"https:\/\/api.w.org\/{rel}","templated":true}]}}