{"id":30894,"date":"2021-02-10T18:22:44","date_gmt":"2021-02-10T22:22:44","guid":{"rendered":"http:\/\/blogdalucianaoliveira.com.br\/blog\/?p=30894"},"modified":"2021-02-10T18:22:48","modified_gmt":"2021-02-10T22:22:48","slug":"waldison-pinheiro-lanca-marchinha-do-foliao-consciente","status":"publish","type":"post","link":"http:\/\/blogdalucianaoliveira.com.br\/blog\/2021\/02\/10\/waldison-pinheiro-lanca-marchinha-do-foliao-consciente\/","title":{"rendered":"Waldison Pinheiro lan\u00e7a marchinha do foli\u00e3o consciente"},"content":{"rendered":"\n<figure class=\"wp-block-image size-large\"><img loading=\"lazy\" decoding=\"async\" width=\"1080\" height=\"1080\" data-attachment-id=\"30895\" data-permalink=\"http:\/\/blogdalucianaoliveira.com.br\/blog\/2021\/02\/10\/waldison-pinheiro-lanca-marchinha-do-foliao-consciente\/bc3e44d6-7449-4a39-bc2d-975c68cd6314\/\" data-orig-file=\"https:\/\/i0.wp.com\/blogdalucianaoliveira.com.br\/blog\/wp-content\/uploads\/2021\/02\/BC3E44D6-7449-4A39-BC2D-975C68CD6314.jpeg?fit=1080%2C1080\" data-orig-size=\"1080,1080\" data-comments-opened=\"0\" data-image-meta=\"{&quot;aperture&quot;:&quot;0&quot;,&quot;credit&quot;:&quot;&quot;,&quot;camera&quot;:&quot;&quot;,&quot;caption&quot;:&quot;&quot;,&quot;created_timestamp&quot;:&quot;0&quot;,&quot;copyright&quot;:&quot;&quot;,&quot;focal_length&quot;:&quot;0&quot;,&quot;iso&quot;:&quot;0&quot;,&quot;shutter_speed&quot;:&quot;0&quot;,&quot;title&quot;:&quot;&quot;,&quot;orientation&quot;:&quot;1&quot;}\" data-image-title=\"BC3E44D6-7449-4A39-BC2D-975C68CD6314\" data-image-description=\"\" data-image-caption=\"\" data-medium-file=\"https:\/\/i0.wp.com\/blogdalucianaoliveira.com.br\/blog\/wp-content\/uploads\/2021\/02\/BC3E44D6-7449-4A39-BC2D-975C68CD6314.jpeg?fit=300%2C300\" data-large-file=\"https:\/\/i0.wp.com\/blogdalucianaoliveira.com.br\/blog\/wp-content\/uploads\/2021\/02\/BC3E44D6-7449-4A39-BC2D-975C68CD6314.jpeg?fit=600%2C600\" src=\"https:\/\/i0.wp.com\/blogdalucianaoliveira.com.br\/blog\/wp-content\/uploads\/2021\/02\/BC3E44D6-7449-4A39-BC2D-975C68CD6314.jpeg?fit=600%2C600\" alt=\"\" class=\"wp-image-30895\" srcset=\"https:\/\/i0.wp.com\/blogdalucianaoliveira.com.br\/blog\/wp-content\/uploads\/2021\/02\/BC3E44D6-7449-4A39-BC2D-975C68CD6314.jpeg?w=1080 1080w, https:\/\/i0.wp.com\/blogdalucianaoliveira.com.br\/blog\/wp-content\/uploads\/2021\/02\/BC3E44D6-7449-4A39-BC2D-975C68CD6314.jpeg?resize=300%2C300 300w, https:\/\/i0.wp.com\/blogdalucianaoliveira.com.br\/blog\/wp-content\/uploads\/2021\/02\/BC3E44D6-7449-4A39-BC2D-975C68CD6314.jpeg?resize=1024%2C1024 1024w, https:\/\/i0.wp.com\/blogdalucianaoliveira.com.br\/blog\/wp-content\/uploads\/2021\/02\/BC3E44D6-7449-4A39-BC2D-975C68CD6314.jpeg?resize=150%2C150 150w, https:\/\/i0.wp.com\/blogdalucianaoliveira.com.br\/blog\/wp-content\/uploads\/2021\/02\/BC3E44D6-7449-4A39-BC2D-975C68CD6314.jpeg?resize=768%2C768 768w\" sizes=\"auto, (max-width: 600px) 100vw, 600px\" \/><\/figure>\n\n\n\n<p>\u201cSem vacina eu n\u00e3o vou!\u201d<\/p>\n\n\n\n<p>O recado que vale pra todos \u00e9 dado por um compositor de  <br>\ntradicional fam\u00edlia carnavalesca, membro da diretoria e da ala de compositores da escola de samba tricampe\u00e3 do carnaval da capital, a Asfalt\u00e3o. <\/p>\n\n\n\n<!--more-->\n\n\n\n<p>Este ano a Escola completa 50 anos sem festa. <\/p>\n\n\n\n<p>Waldisom Pinheiro comp\u00f4s pra muitos blocos em muitos carnavais.<br>\n\u00c9 a primeira vez que lan\u00e7a uma m\u00fasica pedindo pra ningu\u00e9m brincar o carnaval.<\/p>\n\n\n\n<p>O motivo est\u00e1 claro na letra da marchinha feita para salvar vidas. <\/p>\n\n\n\n<p>Sem Vacina, vou nada<br>\nWaldison Pinheiro<\/p>\n\n\n\n<p>Sem vacina eu n\u00e3o vou<br>\nSem vacina eu n\u00e3o vou<br>\nBrincar o carnaval com meu amor<\/p>\n\n\n\n<p>T\u00e3o me chamando<br>\nN\u00e3o devo ir<br>\nO tal Covid T\u00e1 por a\u00ed<br>\nE n\u00e3o insista fa\u00e7a o favor<br>\nSem vacina eu n\u00e3o vou<br>\nSem vacina eu n\u00e3o vou<\/p>\n\n\n\n<p>N\u00e3o vou pro Galo<br>\nNem pro Pirarucu<br>\nNem Que a Noite Vire Dia<br>\nCoruja ou Vai Quem quer<br>\nNessa folia<br>\nEu j\u00e1 disse pro senhor<br>\nSem vacina eu n\u00e3o vou<br>\nSem vacina eu n\u00e3o vou!<\/p>\n\n\n\n<p>\u201cTemos o dever de orientar os foli\u00f5es quanto ao perigo que podem se expor nas ruas. Carnaval \u00e9 um momento de alegria, de celebra\u00e7\u00e3o da vida, n\u00e3o de desafiar a morte. Esse ano, foli\u00e3o consciente, se quiser, que brinque em casa\u201d, diz o compositor.<\/p>\n\n\n\n<p>Ou\u00e7a: <\/p>\n\n\n\n<p><a href=\"https:\/\/soundcloud.app.goo.gl\/nd7yXnzt9qL54Uh7A\">https:\/\/soundcloud.app.goo.gl\/nd7yXnzt9qL54Uh7A<\/a><\/p>\n","protected":false},"excerpt":{"rendered":"<p>\u201cSem vacina eu n\u00e3o vou!\u201d O recado que vale pra todos \u00e9 dado por um compositor de tradicional fam\u00edlia carnavalesca, membro da diretoria e da ala de compositores da escola de samba tricampe\u00e3 do carnaval da capital, a Asfalt\u00e3o.<\/p>\n","protected":false},"author":1,"featured_media":0,"comment_status":"closed","ping_status":"open","sticky":false,"template":"","format":"standard","meta":{"_exactmetrics_skip_tracking":false,"_exactmetrics_sitenote_active":false,"_exactmetrics_sitenote_note":"","_exactmetrics_sitenote_category":0,"jetpack_post_was_ever_published":false,"_jetpack_newsletter_access":"","_jetpack_dont_email_post_to_subs":false,"_jetpack_newsletter_tier_id":0,"_jetpack_memberships_contains_paywalled_content":false,"_jetpack_memberships_contains_paid_content":false,"footnotes":"","jetpack_publicize_message":"","jetpack_publicize_feature_enabled":true,"jetpack_social_post_already_shared":true,"jetpack_social_options":{"image_generator_settings":{"template":"highway","enabled":false},"version":2}},"categories":[1],"tags":[],"class_list":["post-30894","post","type-post","status-publish","format-standard","hentry","category-notas"],"jetpack_publicize_connections":[],"jetpack_sharing_enabled":true,"jetpack_featured_media_url":"","jetpack_shortlink":"https:\/\/wp.me\/p7wKYW-82i","jetpack-related-posts":[],"_links":{"self":[{"href":"http:\/\/blogdalucianaoliveira.com.br\/blog\/wp-json\/wp\/v2\/posts\/30894","targetHints":{"allow":["GET"]}}],"collection":[{"href":"http:\/\/blogdalucianaoliveira.com.br\/blog\/wp-json\/wp\/v2\/posts"}],"about":[{"href":"http:\/\/blogdalucianaoliveira.com.br\/blog\/wp-json\/wp\/v2\/types\/post"}],"author":[{"embeddable":true,"href":"http:\/\/blogdalucianaoliveira.com.br\/blog\/wp-json\/wp\/v2\/users\/1"}],"replies":[{"embeddable":true,"href":"http:\/\/blogdalucianaoliveira.com.br\/blog\/wp-json\/wp\/v2\/comments?post=30894"}],"version-history":[{"count":3,"href":"http:\/\/blogdalucianaoliveira.com.br\/blog\/wp-json\/wp\/v2\/posts\/30894\/revisions"}],"predecessor-version":[{"id":30898,"href":"http:\/\/blogdalucianaoliveira.com.br\/blog\/wp-json\/wp\/v2\/posts\/30894\/revisions\/30898"}],"wp:attachment":[{"href":"http:\/\/blogdalucianaoliveira.com.br\/blog\/wp-json\/wp\/v2\/media?parent=30894"}],"wp:term":[{"taxonomy":"category","embeddable":true,"href":"http:\/\/blogdalucianaoliveira.com.br\/blog\/wp-json\/wp\/v2\/categories?post=30894"},{"taxonomy":"post_tag","embeddable":true,"href":"http:\/\/blogdalucianaoliveira.com.br\/blog\/wp-json\/wp\/v2\/tags?post=30894"}],"curies":[{"name":"wp","href":"https:\/\/api.w.org\/{rel}","templated":true}]}}