{"id":30903,"date":"2021-02-13T10:08:54","date_gmt":"2021-02-13T14:08:54","guid":{"rendered":"http:\/\/blogdalucianaoliveira.com.br\/blog\/?p=30903"},"modified":"2021-02-13T10:09:00","modified_gmt":"2021-02-13T14:09:00","slug":"exposicao-espalha-obras-por-janelas-e-ruas-para-driblar-pandemia-e-refletir-sobre-o-nao-carnaval","status":"publish","type":"post","link":"http:\/\/blogdalucianaoliveira.com.br\/blog\/2021\/02\/13\/exposicao-espalha-obras-por-janelas-e-ruas-para-driblar-pandemia-e-refletir-sobre-o-nao-carnaval\/","title":{"rendered":"Exposi\u00e7\u00e3o espalha obras por janelas e ruas para driblar pandemia e refletir sobre o n\u00e3o-carnaval"},"content":{"rendered":"\n<figure class=\"wp-block-image size-large\"><img data-recalc-dims=\"1\" loading=\"lazy\" decoding=\"async\" width=\"600\" height=\"575\" data-attachment-id=\"30904\" data-permalink=\"http:\/\/blogdalucianaoliveira.com.br\/blog\/2021\/02\/13\/exposicao-espalha-obras-por-janelas-e-ruas-para-driblar-pandemia-e-refletir-sobre-o-nao-carnaval\/8e995fa7-7598-4260-99e9-f2f24c835243\/\" data-orig-file=\"https:\/\/i0.wp.com\/blogdalucianaoliveira.com.br\/blog\/wp-content\/uploads\/2021\/02\/8E995FA7-7598-4260-99E9-F2F24C835243.jpeg?fit=600%2C575\" data-orig-size=\"600,575\" data-comments-opened=\"0\" data-image-meta=\"{&quot;aperture&quot;:&quot;0&quot;,&quot;credit&quot;:&quot;&quot;,&quot;camera&quot;:&quot;&quot;,&quot;caption&quot;:&quot;&quot;,&quot;created_timestamp&quot;:&quot;0&quot;,&quot;copyright&quot;:&quot;&quot;,&quot;focal_length&quot;:&quot;0&quot;,&quot;iso&quot;:&quot;0&quot;,&quot;shutter_speed&quot;:&quot;0&quot;,&quot;title&quot;:&quot;&quot;,&quot;orientation&quot;:&quot;0&quot;}\" data-image-title=\"8E995FA7-7598-4260-99E9-F2F24C835243\" data-image-description=\"\" data-image-caption=\"\" data-medium-file=\"https:\/\/i0.wp.com\/blogdalucianaoliveira.com.br\/blog\/wp-content\/uploads\/2021\/02\/8E995FA7-7598-4260-99E9-F2F24C835243.jpeg?fit=300%2C288\" data-large-file=\"https:\/\/i0.wp.com\/blogdalucianaoliveira.com.br\/blog\/wp-content\/uploads\/2021\/02\/8E995FA7-7598-4260-99E9-F2F24C835243.jpeg?fit=600%2C575\" src=\"https:\/\/i0.wp.com\/blogdalucianaoliveira.com.br\/blog\/wp-content\/uploads\/2021\/02\/8E995FA7-7598-4260-99E9-F2F24C835243.jpeg?resize=600%2C575\" alt=\"\" class=\"wp-image-30904\" srcset=\"https:\/\/i0.wp.com\/blogdalucianaoliveira.com.br\/blog\/wp-content\/uploads\/2021\/02\/8E995FA7-7598-4260-99E9-F2F24C835243.jpeg?w=600 600w, https:\/\/i0.wp.com\/blogdalucianaoliveira.com.br\/blog\/wp-content\/uploads\/2021\/02\/8E995FA7-7598-4260-99E9-F2F24C835243.jpeg?resize=300%2C288 300w, https:\/\/i0.wp.com\/blogdalucianaoliveira.com.br\/blog\/wp-content\/uploads\/2021\/02\/8E995FA7-7598-4260-99E9-F2F24C835243.jpeg?resize=313%2C300 313w\" sizes=\"auto, (max-width: 600px) 100vw, 600px\" \/><\/figure>\n\n\n\n<h4 class=\"wp-block-heading\">Mostra &#8216;Ningu\u00e9m vai tombar nossa bandeira&#8217; vai at\u00e9 21 de fevereiro. Mapa online mostra localiza\u00e7\u00e3o das obras de 40 artistas pela cidade, com sugest\u00e3o de trilha sonora carnavalesca.<\/h4>\n\n\n\n<!--more-->\n\n\n\n<p>Por F\u00e1bio Tito, G1<\/p>\n\n\n\n<p>Uma exposi\u00e7\u00e3o diferente foi inaugurada nesta sexta-feira de n\u00e3o-carnaval em S\u00e3o Paulo. &#8220;Ningu\u00e9m vai tombar nossa bandeira&#8221; espalhou obras por janelas, sacadas e ruas da cidade, maneira encontrada para driblar as dificuldades causadas pela pandemia do coronav\u00edrus e suas medidas de preven\u00e7\u00e3o.<\/p>\n\n\n\n<p>N\u00e3o \u00e0 toa, a proposta apresentada aos 40 artistas participantes foi justamente refletir sobre a aus\u00eancia do carnaval, pensando as obras como bandeiras a serem erguidas (&#8220;Bandeira branca, amor&#8230;&#8221;). A mostra dura at\u00e9 o domingo (21) e conta com mapa online e sugest\u00e3o de trilha sonora.<\/p>\n\n\n\n<p>&#8220;A gente est\u00e1 vivendo tempos muito estranhos para a cultura. S\u00e3o muitos desafios, fora a grande crise pand\u00eamica, o luto coletivo que a gente est\u00e1 experimentando. O carnaval tem um car\u00e1ter profano e religioso ao mesmo tempo, que marca o in\u00edcio da Quaresma, mas \u00e9 a festa da carne, \u00e9 uma festa pag\u00e3. E a gente n\u00e3o est\u00e1 podendo celebrar o corpo neste momento. A gente tem que se distanciar, n\u00e3o pode se tocar, se abra\u00e7ar, se beijar&#8221;, comenta Julia Lima, idealizadora e curadora do projeto.<\/p>\n\n\n\n<p>Segundo ela, a mostra aborda esses dois aspectos; por um lado, o luto e a melancolia, e por outro, o \u00edmpeto pela celebra\u00e7\u00e3o e a vontade de &#8220;colocar o corpo na rua&#8221;. &#8220;Pra mim era importante que o p\u00fablico pudesse ir \u00e0 rua. Ent\u00e3o s\u00e3o lugares abertos, cada um pode ir no seu carro, na sua bicicleta, ou a p\u00e9. A\u00ed n\u00e3o tem a chance de aglomerar, n\u00e3o tem o risco de ter cont\u00e1gio, cada um vai no hor\u00e1rio que quer&#8221;, diz a curadora.<\/p>\n\n\n\n<p>Al\u00e9m das obras espalhadas por bairros da cidade, a exposi\u00e7\u00e3o re\u00fane tamb\u00e9m algumas pe\u00e7as no Centro Cultural da Diversidade, no Itaim. A parceria possibilitou abrigar produ\u00e7\u00f5es de 12 artistas, a maioria residente de outras cidades. Tamb\u00e9m ali, v\u00e1rias obras est\u00e3o expostas ao ar livre.<\/p>\n\n\n\n<figure class=\"wp-block-image size-large\"><img data-recalc-dims=\"1\" loading=\"lazy\" decoding=\"async\" width=\"590\" height=\"416\" data-attachment-id=\"30905\" data-permalink=\"http:\/\/blogdalucianaoliveira.com.br\/blog\/2021\/02\/13\/exposicao-espalha-obras-por-janelas-e-ruas-para-driblar-pandemia-e-refletir-sobre-o-nao-carnaval\/1431a4c8-c43e-4c48-a243-91347a023d4f\/\" data-orig-file=\"https:\/\/i0.wp.com\/blogdalucianaoliveira.com.br\/blog\/wp-content\/uploads\/2021\/02\/1431A4C8-C43E-4C48-A243-91347A023D4F.jpeg?fit=590%2C416\" data-orig-size=\"590,416\" data-comments-opened=\"0\" data-image-meta=\"{&quot;aperture&quot;:&quot;0&quot;,&quot;credit&quot;:&quot;&quot;,&quot;camera&quot;:&quot;&quot;,&quot;caption&quot;:&quot;&quot;,&quot;created_timestamp&quot;:&quot;0&quot;,&quot;copyright&quot;:&quot;&quot;,&quot;focal_length&quot;:&quot;0&quot;,&quot;iso&quot;:&quot;0&quot;,&quot;shutter_speed&quot;:&quot;0&quot;,&quot;title&quot;:&quot;&quot;,&quot;orientation&quot;:&quot;0&quot;}\" data-image-title=\"1431A4C8-C43E-4C48-A243-91347A023D4F\" data-image-description=\"\" data-image-caption=\"\" data-medium-file=\"https:\/\/i0.wp.com\/blogdalucianaoliveira.com.br\/blog\/wp-content\/uploads\/2021\/02\/1431A4C8-C43E-4C48-A243-91347A023D4F.jpeg?fit=300%2C212\" data-large-file=\"https:\/\/i0.wp.com\/blogdalucianaoliveira.com.br\/blog\/wp-content\/uploads\/2021\/02\/1431A4C8-C43E-4C48-A243-91347A023D4F.jpeg?fit=590%2C416\" src=\"https:\/\/i0.wp.com\/blogdalucianaoliveira.com.br\/blog\/wp-content\/uploads\/2021\/02\/1431A4C8-C43E-4C48-A243-91347A023D4F.jpeg?resize=590%2C416\" alt=\"\" class=\"wp-image-30905\" srcset=\"https:\/\/i0.wp.com\/blogdalucianaoliveira.com.br\/blog\/wp-content\/uploads\/2021\/02\/1431A4C8-C43E-4C48-A243-91347A023D4F.jpeg?w=590 590w, https:\/\/i0.wp.com\/blogdalucianaoliveira.com.br\/blog\/wp-content\/uploads\/2021\/02\/1431A4C8-C43E-4C48-A243-91347A023D4F.jpeg?resize=300%2C212 300w, https:\/\/i0.wp.com\/blogdalucianaoliveira.com.br\/blog\/wp-content\/uploads\/2021\/02\/1431A4C8-C43E-4C48-A243-91347A023D4F.jpeg?resize=425%2C300 425w\" sizes=\"auto, (max-width: 590px) 100vw, 590px\" \/><\/figure>\n\n\n\n<p>Grande parte dos trabalhos \u00e9 in\u00e9dita, e muitas das obras foram criadas especialmente para o projeto. Al\u00e9m da localiza\u00e7\u00e3o, o&nbsp;<a href=\"http:\/\/bandeiras.art\/\" target=\"_blank\" rel=\"noreferrer noopener\">site da mostra<\/a>re\u00fane detalhes sobre o per\u00edodo de visita\u00e7\u00e3o de cada obra e a lista de m\u00fasicas com tem\u00e1tica carnavalesca sugerida como trilha sonora para as visitas.<\/p>\n\n\n\n<p>Artistas participantes: Abigail Reyes, Alan Ari\u00ea, Alan Oju, Ariel Nobre, Ana Teixeira, Bruna Amaro, Bruno Novaes, Carla Chaim, Carmen Garcia, Carlos Monroy, Caroline Ricca Lee, Daniel Nicolaevsky Maria, Daniela Avelar, Daniele Queiroz, Fabio Tremonte, Felipe Cidade, Felippe Moraes, Gustavo Torrezan, Haroldo Saboia, Hel\u00f4 Sanvoy, Julia Saldanha, Kau\u00ea Garcia, Laura Andreato, Leandro Muniz, Leka Mendes, L\u00edvia Aquino, Luana Lins, Mano Penalva, Mariane Beline, Maril\u00e1 Dardot, Marilia Scarabello, Nara Rosetto, O Tropicalista, Paul Set\u00fabal, Raphael Escobar, Renan Marcondes, Tomie Savaget, Traplev, Verena Smit, Vulcanica Pokaropa.<\/p>\n","protected":false},"excerpt":{"rendered":"<p>Mostra &#8216;Ningu\u00e9m vai tombar nossa bandeira&#8217; vai at\u00e9 21 de fevereiro. Mapa online mostra localiza\u00e7\u00e3o das obras de 40 artistas pela cidade, com sugest\u00e3o de trilha sonora carnavalesca.<\/p>\n","protected":false},"author":1,"featured_media":0,"comment_status":"closed","ping_status":"open","sticky":false,"template":"","format":"standard","meta":{"_exactmetrics_skip_tracking":false,"_exactmetrics_sitenote_active":false,"_exactmetrics_sitenote_note":"","_exactmetrics_sitenote_category":0,"jetpack_post_was_ever_published":false,"_jetpack_newsletter_access":"","_jetpack_dont_email_post_to_subs":false,"_jetpack_newsletter_tier_id":0,"_jetpack_memberships_contains_paywalled_content":false,"_jetpack_memberships_contains_paid_content":false,"footnotes":"","jetpack_publicize_message":"","jetpack_publicize_feature_enabled":true,"jetpack_social_post_already_shared":true,"jetpack_social_options":{"image_generator_settings":{"template":"highway","enabled":false},"version":2}},"categories":[1],"tags":[],"class_list":["post-30903","post","type-post","status-publish","format-standard","hentry","category-notas"],"jetpack_publicize_connections":[],"jetpack_sharing_enabled":true,"jetpack_featured_media_url":"","jetpack_shortlink":"https:\/\/wp.me\/p7wKYW-82r","jetpack-related-posts":[],"_links":{"self":[{"href":"http:\/\/blogdalucianaoliveira.com.br\/blog\/wp-json\/wp\/v2\/posts\/30903","targetHints":{"allow":["GET"]}}],"collection":[{"href":"http:\/\/blogdalucianaoliveira.com.br\/blog\/wp-json\/wp\/v2\/posts"}],"about":[{"href":"http:\/\/blogdalucianaoliveira.com.br\/blog\/wp-json\/wp\/v2\/types\/post"}],"author":[{"embeddable":true,"href":"http:\/\/blogdalucianaoliveira.com.br\/blog\/wp-json\/wp\/v2\/users\/1"}],"replies":[{"embeddable":true,"href":"http:\/\/blogdalucianaoliveira.com.br\/blog\/wp-json\/wp\/v2\/comments?post=30903"}],"version-history":[{"count":1,"href":"http:\/\/blogdalucianaoliveira.com.br\/blog\/wp-json\/wp\/v2\/posts\/30903\/revisions"}],"predecessor-version":[{"id":30906,"href":"http:\/\/blogdalucianaoliveira.com.br\/blog\/wp-json\/wp\/v2\/posts\/30903\/revisions\/30906"}],"wp:attachment":[{"href":"http:\/\/blogdalucianaoliveira.com.br\/blog\/wp-json\/wp\/v2\/media?parent=30903"}],"wp:term":[{"taxonomy":"category","embeddable":true,"href":"http:\/\/blogdalucianaoliveira.com.br\/blog\/wp-json\/wp\/v2\/categories?post=30903"},{"taxonomy":"post_tag","embeddable":true,"href":"http:\/\/blogdalucianaoliveira.com.br\/blog\/wp-json\/wp\/v2\/tags?post=30903"}],"curies":[{"name":"wp","href":"https:\/\/api.w.org\/{rel}","templated":true}]}}