{"id":30907,"date":"2021-02-13T10:14:36","date_gmt":"2021-02-13T14:14:36","guid":{"rendered":"http:\/\/blogdalucianaoliveira.com.br\/blog\/?p=30907"},"modified":"2021-02-13T10:14:40","modified_gmt":"2021-02-13T14:14:40","slug":"30907","status":"publish","type":"post","link":"http:\/\/blogdalucianaoliveira.com.br\/blog\/2021\/02\/13\/30907\/","title":{"rendered":""},"content":{"rendered":"\n<figure class=\"wp-block-image size-large\"><img data-recalc-dims=\"1\" loading=\"lazy\" decoding=\"async\" width=\"600\" height=\"412\" data-attachment-id=\"30908\" data-permalink=\"http:\/\/blogdalucianaoliveira.com.br\/blog\/2021\/02\/13\/30907\/9fc3729f-36ac-4b0c-a9c0-eeb519490130\/\" data-orig-file=\"https:\/\/i0.wp.com\/blogdalucianaoliveira.com.br\/blog\/wp-content\/uploads\/2021\/02\/9FC3729F-36AC-4B0C-A9C0-EEB519490130.jpeg?fit=744%2C511\" data-orig-size=\"744,511\" data-comments-opened=\"0\" data-image-meta=\"{&quot;aperture&quot;:&quot;0&quot;,&quot;credit&quot;:&quot;&quot;,&quot;camera&quot;:&quot;&quot;,&quot;caption&quot;:&quot;&quot;,&quot;created_timestamp&quot;:&quot;0&quot;,&quot;copyright&quot;:&quot;&quot;,&quot;focal_length&quot;:&quot;0&quot;,&quot;iso&quot;:&quot;0&quot;,&quot;shutter_speed&quot;:&quot;0&quot;,&quot;title&quot;:&quot;&quot;,&quot;orientation&quot;:&quot;0&quot;}\" data-image-title=\"9FC3729F-36AC-4B0C-A9C0-EEB519490130\" data-image-description=\"\" data-image-caption=\"\" data-medium-file=\"https:\/\/i0.wp.com\/blogdalucianaoliveira.com.br\/blog\/wp-content\/uploads\/2021\/02\/9FC3729F-36AC-4B0C-A9C0-EEB519490130.jpeg?fit=300%2C206\" data-large-file=\"https:\/\/i0.wp.com\/blogdalucianaoliveira.com.br\/blog\/wp-content\/uploads\/2021\/02\/9FC3729F-36AC-4B0C-A9C0-EEB519490130.jpeg?fit=600%2C412\" src=\"https:\/\/i0.wp.com\/blogdalucianaoliveira.com.br\/blog\/wp-content\/uploads\/2021\/02\/9FC3729F-36AC-4B0C-A9C0-EEB519490130.jpeg?resize=600%2C412\" alt=\"\" class=\"wp-image-30908\" srcset=\"https:\/\/i0.wp.com\/blogdalucianaoliveira.com.br\/blog\/wp-content\/uploads\/2021\/02\/9FC3729F-36AC-4B0C-A9C0-EEB519490130.jpeg?w=744 744w, https:\/\/i0.wp.com\/blogdalucianaoliveira.com.br\/blog\/wp-content\/uploads\/2021\/02\/9FC3729F-36AC-4B0C-A9C0-EEB519490130.jpeg?resize=300%2C206 300w, https:\/\/i0.wp.com\/blogdalucianaoliveira.com.br\/blog\/wp-content\/uploads\/2021\/02\/9FC3729F-36AC-4B0C-A9C0-EEB519490130.jpeg?resize=437%2C300 437w\" sizes=\"auto, (max-width: 600px) 100vw, 600px\" \/><\/figure>\n\n\n\n<p><strong>Dandara Pagu<\/strong><\/p>\n\n\n\n<p>\u201cPode acabar o petr\u00f3leo<br>Pode acabar a vergonha,\/<br>Pode acabar tudo enfim,\/<br>Mas deixem o frevo pra mim.\u201d<\/p>\n\n\n\n<!--more-->\n\n\n\n<p>Na Folha <br><\/p>\n\n\n\n<p>A sujeira mais bonita em nosso corpo \u00e9 a de\u00a0<a href=\"https:\/\/guia.folha.uol.com.br\/shows\/2021\/02\/carnaval-da-pandemia-tira-o-bloco-da-rua-e-apela-para-lives-projecoes-e-folia-online.shtml\">Carnaval<\/a>, mas s\u00f3 sabe e sente isso quem leva Carnaval a s\u00e9rio. Sim, eu discordo 100% de que carnaval \u00e9 pra brincar.\u00a0<a href=\"https:\/\/www1.folha.uol.com.br\/colunas\/monicabergamo\/2021\/02\/produtores-do-interior-de-sp-organizam-festas-no-carnaval-apesar-de-restricoes.shtml\">Carnaval\u00a0<\/a>\u00e9 coisa s\u00e9ria. \u00c9 religi\u00e3o \u2014a minha, pelo menos, \u00e9.<\/p>\n\n\n\n<p>Na minha casa, o argumento que fazia eu e meu irm\u00e3o ficarmos pianinho era&#8230; \u201cSe voc\u00ea n\u00e3o se comportar n\u00e3o vai pro carnaval\u201d. E ambos dorm\u00edamos embaixo da arquibancada enquanto meus av\u00f3s viam os desfiles dos caboclinhos, maracatus, e eu tinha medo do caboclo de lan\u00e7a por\u00e9m amava olhar escondida nas pernas do meu v\u00f4.<\/p>\n\n\n\n<p>Mas o Carnaval gostoso mesmo \u00e9 o que brincamos adulto. Na verdade, eu amo viver o presente, e s\u00f3 de pensar que neste ano n\u00e3o tem 10 looks mesmo sendo 4 dias, n\u00e3o tem usar tudo \u2014sim, absolutamente tudo que me oferecerem eu tomo, eu cheiro, eu subo e des\u00e7o ladeira.<\/p>\n\n\n\n<p>Quinta costuma ter abertura do Carnaval em Olinda, eu sempre falo que n\u00e3o vou queimar a largada j\u00e1 sabendo que \u00e9 mentira. Sexta eu me seguro, mas n\u00e3o deixo de ir ao banho de cuia porque no s\u00e1bado eu acordo \u00e0s 8h, como meu cuscuz e vou pra Mangueira,<\/p>\n\n\n\n<p>Eu Acho \u00e9 Pouco, Homem da Meia-Noite, e j\u00e1 emendo \u00e0s 5 da manh\u00e3 com Cariri.<\/p>\n\n\n\n<p>Durmo um pouco. Dormir pra qu\u00ea se eu tenho o ano todo pra dormir, n\u00e3o \u00e9?<\/p>\n\n\n\n<p>Domingo j\u00e1 vou dan\u00e7ar um brega no I Love e guardo meu corpo porque no outro dia, \u00e0s 10 da manh\u00e3, o meu bloco de Vacas Profanas sai com mais de mil mulheres com seios a mostra. \u00c9 a catarse, emo\u00e7\u00e3o. Comunh\u00e3o e loucura. N\u00e3o \u00e9 pouco, \u00e9 um grito de liberdade de corpo feminino (criei o bloco depois que sofri viol\u00eancia policial por estar com uma fantasia em que meus seios estavam \u00e0 mostra).<\/p>\n\n\n\n<p>Na ter\u00e7a saio um pouco de Olinda e vou para Recife, vejo um show no rec beat e fecho em algum after cantando \u201c\u00c9 de fazer chorar quando o dia amanhece eu vejo o frevo acabar\/oh quarta feira ingrata chega t\u00e3o depressa s\u00f3 pra contrariar\u201d.<\/p>\n\n\n\n<p>No domingo, voltando para S\u00e3o Paulo, eu vou no Navio Pirata e Te Pego no Cantinho.<\/p>\n\n\n\n<p>Me chamaram aqui para contar uma hist\u00f3ria de Carnaval. Eu preferi contar meu destinos no carnaval, pois cada um que falei me fez sentir l\u00e1.<\/p>\n\n\n\n<p>Eu vou me cuidar porque quando o carnaval chegar vai ser babado, correria. Voc\u00ea j\u00e1 imaginou, todo mundo vacinado, carnaval liberado? Vai ser tr\u00eas vezes mais feliz.<\/p>\n\n\n\n<p>Mil vezes mais, na verdade.<\/p>\n\n\n\n<p>T\u00f4 dividindo com voc\u00ea o mantra que tenho para n\u00e3o ficar depressiva, porque n\u00e3o vou mentir: eu t\u00f4 mal real. Mas na esperan\u00e7a que vou descontar esta dor ano que vem.<\/p>\n\n\n\n<p><strong>Dandara Pagu<\/strong><br>Idealizadora do Bloco Vacas Profanas e comunicadora digital \u200b<\/p>\n","protected":false},"excerpt":{"rendered":"<p>Dandara Pagu \u201cPode acabar o petr\u00f3leoPode acabar a vergonha,\/Pode acabar tudo enfim,\/Mas deixem o frevo pra mim.\u201d<\/p>\n","protected":false},"author":1,"featured_media":0,"comment_status":"closed","ping_status":"open","sticky":false,"template":"","format":"standard","meta":{"_exactmetrics_skip_tracking":false,"_exactmetrics_sitenote_active":false,"_exactmetrics_sitenote_note":"","_exactmetrics_sitenote_category":0,"jetpack_post_was_ever_published":false,"_jetpack_newsletter_access":"","_jetpack_dont_email_post_to_subs":false,"_jetpack_newsletter_tier_id":0,"_jetpack_memberships_contains_paywalled_content":false,"_jetpack_memberships_contains_paid_content":false,"footnotes":"","jetpack_publicize_message":"","jetpack_publicize_feature_enabled":true,"jetpack_social_post_already_shared":true,"jetpack_social_options":{"image_generator_settings":{"template":"highway","enabled":false},"version":2}},"categories":[1],"tags":[],"class_list":["post-30907","post","type-post","status-publish","format-standard","hentry","category-notas"],"jetpack_publicize_connections":[],"jetpack_sharing_enabled":true,"jetpack_featured_media_url":"","jetpack_shortlink":"https:\/\/wp.me\/s7wKYW-30907","jetpack-related-posts":[],"_links":{"self":[{"href":"http:\/\/blogdalucianaoliveira.com.br\/blog\/wp-json\/wp\/v2\/posts\/30907","targetHints":{"allow":["GET"]}}],"collection":[{"href":"http:\/\/blogdalucianaoliveira.com.br\/blog\/wp-json\/wp\/v2\/posts"}],"about":[{"href":"http:\/\/blogdalucianaoliveira.com.br\/blog\/wp-json\/wp\/v2\/types\/post"}],"author":[{"embeddable":true,"href":"http:\/\/blogdalucianaoliveira.com.br\/blog\/wp-json\/wp\/v2\/users\/1"}],"replies":[{"embeddable":true,"href":"http:\/\/blogdalucianaoliveira.com.br\/blog\/wp-json\/wp\/v2\/comments?post=30907"}],"version-history":[{"count":1,"href":"http:\/\/blogdalucianaoliveira.com.br\/blog\/wp-json\/wp\/v2\/posts\/30907\/revisions"}],"predecessor-version":[{"id":30909,"href":"http:\/\/blogdalucianaoliveira.com.br\/blog\/wp-json\/wp\/v2\/posts\/30907\/revisions\/30909"}],"wp:attachment":[{"href":"http:\/\/blogdalucianaoliveira.com.br\/blog\/wp-json\/wp\/v2\/media?parent=30907"}],"wp:term":[{"taxonomy":"category","embeddable":true,"href":"http:\/\/blogdalucianaoliveira.com.br\/blog\/wp-json\/wp\/v2\/categories?post=30907"},{"taxonomy":"post_tag","embeddable":true,"href":"http:\/\/blogdalucianaoliveira.com.br\/blog\/wp-json\/wp\/v2\/tags?post=30907"}],"curies":[{"name":"wp","href":"https:\/\/api.w.org\/{rel}","templated":true}]}}