{"id":3091,"date":"2016-08-13T11:53:03","date_gmt":"2016-08-13T15:53:03","guid":{"rendered":"http:\/\/blogdalucianaoliveira.com.br\/blog\/?p=3091"},"modified":"2016-08-13T11:53:03","modified_gmt":"2016-08-13T15:53:03","slug":"tbn-noticias-dr-alceu-presidente-da-oab-de-buritis-e-brutalmente-executado-na-manha-deste-sabado","status":"publish","type":"post","link":"http:\/\/blogdalucianaoliveira.com.br\/blog\/2016\/08\/13\/tbn-noticias-dr-alceu-presidente-da-oab-de-buritis-e-brutalmente-executado-na-manha-deste-sabado\/","title":{"rendered":"TBN Not\u00edcias: Dr. Alceu, presidente da OAB de Buritis \u00e9 brutalmente executado na manh\u00e3 deste s\u00e1bado"},"content":{"rendered":"<p><img data-recalc-dims=\"1\" loading=\"lazy\" decoding=\"async\" data-attachment-id=\"3092\" data-permalink=\"http:\/\/blogdalucianaoliveira.com.br\/blog\/2016\/08\/13\/tbn-noticias-dr-alceu-presidente-da-oab-de-buritis-e-brutalmente-executado-na-manha-deste-sabado\/buritis\/\" data-orig-file=\"https:\/\/i0.wp.com\/blogdalucianaoliveira.com.br\/blog\/wp-content\/uploads\/2016\/08\/buritis.jpg?fit=640%2C426\" data-orig-size=\"640,426\" data-comments-opened=\"0\" data-image-meta=\"{&quot;aperture&quot;:&quot;0&quot;,&quot;credit&quot;:&quot;&quot;,&quot;camera&quot;:&quot;&quot;,&quot;caption&quot;:&quot;&quot;,&quot;created_timestamp&quot;:&quot;0&quot;,&quot;copyright&quot;:&quot;&quot;,&quot;focal_length&quot;:&quot;0&quot;,&quot;iso&quot;:&quot;0&quot;,&quot;shutter_speed&quot;:&quot;0&quot;,&quot;title&quot;:&quot;&quot;,&quot;orientation&quot;:&quot;0&quot;}\" data-image-title=\"buritis\" data-image-description=\"\" data-image-caption=\"\" data-medium-file=\"https:\/\/i0.wp.com\/blogdalucianaoliveira.com.br\/blog\/wp-content\/uploads\/2016\/08\/buritis.jpg?fit=300%2C200\" data-large-file=\"https:\/\/i0.wp.com\/blogdalucianaoliveira.com.br\/blog\/wp-content\/uploads\/2016\/08\/buritis.jpg?fit=600%2C399\" src=\"https:\/\/i0.wp.com\/blogdalucianaoliveira.com.br\/blog\/wp-content\/uploads\/2016\/08\/buritis.jpg?resize=600%2C399\" alt=\"buritis\" width=\"600\" height=\"399\" class=\"alignnone size-full wp-image-3092\" srcset=\"https:\/\/i0.wp.com\/blogdalucianaoliveira.com.br\/blog\/wp-content\/uploads\/2016\/08\/buritis.jpg?w=640 640w, https:\/\/i0.wp.com\/blogdalucianaoliveira.com.br\/blog\/wp-content\/uploads\/2016\/08\/buritis.jpg?resize=300%2C200 300w, https:\/\/i0.wp.com\/blogdalucianaoliveira.com.br\/blog\/wp-content\/uploads\/2016\/08\/buritis.jpg?resize=451%2C300 451w\" sizes=\"auto, (max-width: 600px) 100vw, 600px\" \/><\/p>\n<p>Na TBN Not\u00edcias<\/p>\n<p>Dr. Alceu Scoparo Filho,  advogado e presidente da subse\u00e7\u00e3o de Buritis da Ordem dos Advogado do Brasil, foi brutalmente executado a tiros de pistola, aparentemente Cal. 380.<!--more--><\/p>\n<p>O crime aconteceu por volta das 10 horas deste s\u00e1bado dia (13) na Avenida Airton Senna, setor 03, pr\u00f3ximo a um lava jato. Varias c\u00e1psulas de pistola ficou espalhado pr\u00f3ximo ao carro, um Strada Vermelho, em que estava o advogado.<\/p>\n<p><img data-recalc-dims=\"1\" loading=\"lazy\" decoding=\"async\" data-attachment-id=\"3093\" data-permalink=\"http:\/\/blogdalucianaoliveira.com.br\/blog\/2016\/08\/13\/tbn-noticias-dr-alceu-presidente-da-oab-de-buritis-e-brutalmente-executado-na-manha-deste-sabado\/buritis2\/\" data-orig-file=\"https:\/\/i0.wp.com\/blogdalucianaoliveira.com.br\/blog\/wp-content\/uploads\/2016\/08\/buritis2.jpg?fit=720%2C480\" data-orig-size=\"720,480\" data-comments-opened=\"0\" data-image-meta=\"{&quot;aperture&quot;:&quot;0&quot;,&quot;credit&quot;:&quot;&quot;,&quot;camera&quot;:&quot;&quot;,&quot;caption&quot;:&quot;&quot;,&quot;created_timestamp&quot;:&quot;0&quot;,&quot;copyright&quot;:&quot;&quot;,&quot;focal_length&quot;:&quot;0&quot;,&quot;iso&quot;:&quot;0&quot;,&quot;shutter_speed&quot;:&quot;0&quot;,&quot;title&quot;:&quot;&quot;,&quot;orientation&quot;:&quot;0&quot;}\" data-image-title=\"buritis2\" data-image-description=\"\" data-image-caption=\"\" data-medium-file=\"https:\/\/i0.wp.com\/blogdalucianaoliveira.com.br\/blog\/wp-content\/uploads\/2016\/08\/buritis2.jpg?fit=300%2C200\" data-large-file=\"https:\/\/i0.wp.com\/blogdalucianaoliveira.com.br\/blog\/wp-content\/uploads\/2016\/08\/buritis2.jpg?fit=600%2C400\" src=\"https:\/\/i0.wp.com\/blogdalucianaoliveira.com.br\/blog\/wp-content\/uploads\/2016\/08\/buritis2.jpg?resize=600%2C400\" alt=\"buritis2\" width=\"600\" height=\"400\" class=\"alignnone size-full wp-image-3093\" srcset=\"https:\/\/i0.wp.com\/blogdalucianaoliveira.com.br\/blog\/wp-content\/uploads\/2016\/08\/buritis2.jpg?w=720 720w, https:\/\/i0.wp.com\/blogdalucianaoliveira.com.br\/blog\/wp-content\/uploads\/2016\/08\/buritis2.jpg?resize=300%2C200 300w, https:\/\/i0.wp.com\/blogdalucianaoliveira.com.br\/blog\/wp-content\/uploads\/2016\/08\/buritis2.jpg?resize=450%2C300 450w\" sizes=\"auto, (max-width: 600px) 100vw, 600px\" \/><\/p>\n<p>Populares no local relatavam de que possivelmente o executor estivesse em uma motocicleta, que parou ao lado do ve\u00edculo que era conduzido pela v\u00edtima e disparou atrav\u00e9s do vidro do carro, atingindo a v\u00edtima, que ainda tentou sair mais foi executada na porta do passageiro.<\/p>\n<p>A policia militar foi acionada e rapidamente compareceu no local, e realiza diligencias em toda cidade na tentativa de localizar o autor deste crime.<\/p>\n<p>A PM  fez o isolamento, do local e aguarda a chegada per\u00edcia t\u00e9cnica de Ariquemes.<\/p>\n<div class=\"jetpack-video-wrapper\"><iframe loading=\"lazy\" title=\"Dr. Alceu, presidente da OAB de Buritis \u00e9 brutalmente executado\" width=\"600\" height=\"338\" src=\"https:\/\/www.youtube.com\/embed\/4ZJ5Gcm6xnQ?feature=oembed\" frameborder=\"0\" allow=\"accelerometer; autoplay; clipboard-write; encrypted-media; gyroscope; picture-in-picture; web-share\" referrerpolicy=\"strict-origin-when-cross-origin\" allowfullscreen><\/iframe><\/div>\n","protected":false},"excerpt":{"rendered":"<p>Na TBN Not\u00edcias Dr. Alceu Scoparo Filho, advogado e presidente da subse\u00e7\u00e3o de Buritis da Ordem dos Advogado do Brasil, foi brutalmente executado a tiros de pistola, aparentemente Cal. 380.<\/p>\n","protected":false},"author":1,"featured_media":0,"comment_status":"closed","ping_status":"open","sticky":false,"template":"","format":"standard","meta":{"_exactmetrics_skip_tracking":false,"_exactmetrics_sitenote_active":false,"_exactmetrics_sitenote_note":"","_exactmetrics_sitenote_category":0,"jetpack_post_was_ever_published":false,"_jetpack_newsletter_access":"","_jetpack_dont_email_post_to_subs":false,"_jetpack_newsletter_tier_id":0,"_jetpack_memberships_contains_paywalled_content":false,"_jetpack_memberships_contains_paid_content":false,"footnotes":"","jetpack_publicize_message":"","jetpack_publicize_feature_enabled":true,"jetpack_social_post_already_shared":true,"jetpack_social_options":{"image_generator_settings":{"template":"highway","enabled":false},"version":2}},"categories":[1],"tags":[],"class_list":["post-3091","post","type-post","status-publish","format-standard","hentry","category-notas"],"jetpack_publicize_connections":[],"jetpack_sharing_enabled":true,"jetpack_featured_media_url":"","jetpack_shortlink":"https:\/\/wp.me\/p7wKYW-NR","jetpack-related-posts":[],"_links":{"self":[{"href":"http:\/\/blogdalucianaoliveira.com.br\/blog\/wp-json\/wp\/v2\/posts\/3091","targetHints":{"allow":["GET"]}}],"collection":[{"href":"http:\/\/blogdalucianaoliveira.com.br\/blog\/wp-json\/wp\/v2\/posts"}],"about":[{"href":"http:\/\/blogdalucianaoliveira.com.br\/blog\/wp-json\/wp\/v2\/types\/post"}],"author":[{"embeddable":true,"href":"http:\/\/blogdalucianaoliveira.com.br\/blog\/wp-json\/wp\/v2\/users\/1"}],"replies":[{"embeddable":true,"href":"http:\/\/blogdalucianaoliveira.com.br\/blog\/wp-json\/wp\/v2\/comments?post=3091"}],"version-history":[{"count":1,"href":"http:\/\/blogdalucianaoliveira.com.br\/blog\/wp-json\/wp\/v2\/posts\/3091\/revisions"}],"predecessor-version":[{"id":3094,"href":"http:\/\/blogdalucianaoliveira.com.br\/blog\/wp-json\/wp\/v2\/posts\/3091\/revisions\/3094"}],"wp:attachment":[{"href":"http:\/\/blogdalucianaoliveira.com.br\/blog\/wp-json\/wp\/v2\/media?parent=3091"}],"wp:term":[{"taxonomy":"category","embeddable":true,"href":"http:\/\/blogdalucianaoliveira.com.br\/blog\/wp-json\/wp\/v2\/categories?post=3091"},{"taxonomy":"post_tag","embeddable":true,"href":"http:\/\/blogdalucianaoliveira.com.br\/blog\/wp-json\/wp\/v2\/tags?post=3091"}],"curies":[{"name":"wp","href":"https:\/\/api.w.org\/{rel}","templated":true}]}}