{"id":30911,"date":"2021-02-13T10:29:05","date_gmt":"2021-02-13T14:29:05","guid":{"rendered":"http:\/\/blogdalucianaoliveira.com.br\/blog\/?p=30911"},"modified":"2021-02-13T10:29:11","modified_gmt":"2021-02-13T14:29:11","slug":"o-prejuizo-do-ano-sem-carnaval-e-o-esforco-para-reduzi-lo","status":"publish","type":"post","link":"http:\/\/blogdalucianaoliveira.com.br\/blog\/2021\/02\/13\/o-prejuizo-do-ano-sem-carnaval-e-o-esforco-para-reduzi-lo\/","title":{"rendered":"O preju\u00edzo do ano sem carnaval. E o esfor\u00e7o para reduzi-lo"},"content":{"rendered":"\n<figure class=\"wp-block-image size-large\"><img data-recalc-dims=\"1\" loading=\"lazy\" decoding=\"async\" width=\"600\" height=\"374\" data-attachment-id=\"30912\" data-permalink=\"http:\/\/blogdalucianaoliveira.com.br\/blog\/2021\/02\/13\/o-prejuizo-do-ano-sem-carnaval-e-o-esforco-para-reduzi-lo\/3ac2bf5e-9fbc-45c3-9137-f5a129c76087\/\" data-orig-file=\"https:\/\/i0.wp.com\/blogdalucianaoliveira.com.br\/blog\/wp-content\/uploads\/2021\/02\/3AC2BF5E-9FBC-45C3-9137-F5A129C76087.jpeg?fit=640%2C399\" data-orig-size=\"640,399\" data-comments-opened=\"0\" data-image-meta=\"{&quot;aperture&quot;:&quot;0&quot;,&quot;credit&quot;:&quot;&quot;,&quot;camera&quot;:&quot;&quot;,&quot;caption&quot;:&quot;&quot;,&quot;created_timestamp&quot;:&quot;0&quot;,&quot;copyright&quot;:&quot;&quot;,&quot;focal_length&quot;:&quot;0&quot;,&quot;iso&quot;:&quot;0&quot;,&quot;shutter_speed&quot;:&quot;0&quot;,&quot;title&quot;:&quot;&quot;,&quot;orientation&quot;:&quot;0&quot;}\" data-image-title=\"3AC2BF5E-9FBC-45C3-9137-F5A129C76087\" data-image-description=\"\" data-image-caption=\"\" data-medium-file=\"https:\/\/i0.wp.com\/blogdalucianaoliveira.com.br\/blog\/wp-content\/uploads\/2021\/02\/3AC2BF5E-9FBC-45C3-9137-F5A129C76087.jpeg?fit=300%2C187\" data-large-file=\"https:\/\/i0.wp.com\/blogdalucianaoliveira.com.br\/blog\/wp-content\/uploads\/2021\/02\/3AC2BF5E-9FBC-45C3-9137-F5A129C76087.jpeg?fit=600%2C374\" src=\"https:\/\/i0.wp.com\/blogdalucianaoliveira.com.br\/blog\/wp-content\/uploads\/2021\/02\/3AC2BF5E-9FBC-45C3-9137-F5A129C76087.jpeg?resize=600%2C374\" alt=\"\" class=\"wp-image-30912\" srcset=\"https:\/\/i0.wp.com\/blogdalucianaoliveira.com.br\/blog\/wp-content\/uploads\/2021\/02\/3AC2BF5E-9FBC-45C3-9137-F5A129C76087.jpeg?w=640 640w, https:\/\/i0.wp.com\/blogdalucianaoliveira.com.br\/blog\/wp-content\/uploads\/2021\/02\/3AC2BF5E-9FBC-45C3-9137-F5A129C76087.jpeg?resize=300%2C187 300w, https:\/\/i0.wp.com\/blogdalucianaoliveira.com.br\/blog\/wp-content\/uploads\/2021\/02\/3AC2BF5E-9FBC-45C3-9137-F5A129C76087.jpeg?resize=481%2C300 481w\" sizes=\"auto, (max-width: 600px) 100vw, 600px\" \/><\/figure>\n\n\n\n<p>Necessidade de cancelar maior festa do pa\u00eds durante a pandemia impactou uma ampla cadeia de atividades e trabalhadores de diferentes setores<\/p>\n\n\n\n<!--more-->\n\n\n\n<p><strong>Aline Pellegrini<\/strong>, no Nexo<\/p>\n\n\n\n<p>O cancelamento da festa do carnaval em todo o Brasil e dos dias de ponto facultativo em parte dos estados em 2021 trouxe impactos para a economia. O turismo do feriado e a festa em si costuma movimentar cerca de R$ 8 bilh\u00f5es e gerar milhares de empregos tempor\u00e1rios.&nbsp;<\/p>\n\n\n\n<p>O p\u00fablico e profissionais do carnaval n\u00e3o discordam da necessidade de suspender a folia enquanto a maior parte da popula\u00e7\u00e3o n\u00e3o for vacinada contra o novo coronav\u00edrus, que em fevereiro registra mais de mil mortes por dia no pa\u00eds. Mas os setores de cultura, turismo, com\u00e9rcio e servi\u00e7os que dependiam da festa e do feriado ficaram, em sua maioria, desassistidos.&nbsp;<\/p>\n\n\n\n<h2 class=\"wp-block-heading\">Quem faz o carnaval&nbsp;<\/h2>\n\n\n\n<p>Entre os trabalhadores que fazem diretamente parte da produ\u00e7\u00e3o do carnaval \u2014 e chegam a passar dez meses preparando a festa do ano seguinte \u2014 est\u00e3o aqueles envolvidos no fornecimento de materiais, concep\u00e7\u00e3o e confec\u00e7\u00e3o de carros aleg\u00f3ricos e fantasias, al\u00e9m de m\u00fasicos, compositores e passistas. H\u00e1 ainda os fornecedores de servi\u00e7os ao setor p\u00fablico, que viabilizam a infraestrutura e a organiza\u00e7\u00e3o da festa nas ruas das cidades e nos samb\u00f3dromos.<\/p>\n\n\n\n<p>Entre os setores que mais se beneficiam dos desfiles de escolas de samba e blocos est\u00e1 o turismo, que engloba hospedagem, alimenta\u00e7\u00e3o e transporte. A atividade \u00e9 movida tanto pelo amor quanto pelo \u00f3dio ao carnaval \u2014 quem gosta da festa costuma visitar as cidades mais dedicadas \u00e0 ela, quem n\u00e3o gosta costuma viajar para se esconder dela. Tamb\u00e9m dependem do carnaval as ind\u00fastrias de instrumentos e de bebidas.<\/p>\n\n\n\n<p>Felipe Ferreira, coordenador do Centro de Refer\u00eancia do Carnaval da Uerj (Universidade do Estado do Rio de Janeiro), considera que os mais prejudicados pelo cancelamento da festa s\u00e3o os trabalhadores das escolas de samba. Entre elas, as pequenas agremia\u00e7\u00f5es s\u00e3o as mais afetadas.<\/p>\n\n\n\n<p>\u201cAs grandes escolas t\u00eam suas torcidas, t\u00eam as suas sedes, conseguem algum tipo de apoio, mas muitas das pequenas escolas e blocos devem desaparecer ou v\u00e3o ter muita dificuldade para se manter\u201d, afirmou ao&nbsp;<strong>Nexo<\/strong>.<\/p>\n\n\n\n<h2 class=\"wp-block-heading\">O impacto econ\u00f4mico da festa<\/h2>\n\n\n\n<p>Ismael Silva, criador da Deixa Falar, que foi fundada em 1929 e \u00e9 considerada a primeira escola de samba do pa\u00eds, chamava a festa de \u201cagrupamento\u201d ou \u201carrast\u00e3o\u201d, porque \u201caonde passava ia arrastando, ia aumentando, aumentando, aumentando\u201d. Na segunda metade da d\u00e9cada de 2010, o carnaval crescia a cada ano no Brasil. Segundo o Minist\u00e9rio do Turismo, 2020 foi marcado por recordes.<\/p>\n\n\n\n<p>O crescimento expressivo da festa acontece desde 2017, quando o carnaval movimentou R$ 7,73 bilh\u00f5es. Em 2019, as festas geraram um impacto de R$ 7,91 bilh\u00f5es na economia brasileira. De acordo com uma pesquisa feita pelo CNC (Confedera\u00e7\u00e3o Nacional do Com\u00e9rcio de Bens, Servi\u00e7os e Turismo) com o setor tur\u00edstico, 3.800 munic\u00edpios relataram um aumento de 20% na arrecada\u00e7\u00e3o durante o feriado de 2020 em compara\u00e7\u00e3o com o ano anterior e gerou 25 mil empregos.<\/p>\n\n\n\n<p>Medir as perdas causadas pela falta do carnaval \u00e9 uma tarefa complexa, de acordo com o CNC, que evitou fazer uma proje\u00e7\u00e3o em 2021 por culpa das diferentes decis\u00f5es dos estados sobre a manuten\u00e7\u00e3o do feriado \u2014 pelo menos 22 deles cancelaram o ponto facultativo.&nbsp;<\/p>\n\n\n\n<p>Investimentos para que a festa aconte\u00e7a s\u00e3o feitos tanto pelo setor p\u00fablico quanto pelo privado. A prefeitura paulista, por exemplo, investiu R$ 18 milh\u00f5es em 2020.&nbsp;<a href=\"http:\/\/www.capital.sp.gov.br\/noticia\/carnaval-de-rua-2020-movimenta-r-2-75-bilhoes-em-sao-paulo\" target=\"_blank\" rel=\"noreferrer noopener\">O resultado<\/a>&nbsp;foi uma movimenta\u00e7\u00e3o econ\u00f4mica de cerca de R$ 3 bilh\u00f5es \u2014 um crescimento econ\u00f4mico de 31% do carnaval de rua em rela\u00e7\u00e3o a 2019. O p\u00fablico total foi de 15 milh\u00f5es, segundo a prefeitura, ante 14 milh\u00f5es em 2019.&nbsp;<\/p>\n\n\n\n<p>J\u00e1 Belo Horizonte \u00e9 uma exce\u00e7\u00e3o entre os maiores carnavais do pa\u00eds. A festa, que recebeu R$ 14,3 milh\u00f5es por meio de edital de patroc\u00ednio, foi paga integralmente com dinheiro da iniciativa privada. A capital mineira reuniu 4,5 milh\u00f5es de foli\u00f5es em 2020, segundo a Belotur, empresa municipal de turismo.<\/p>\n\n\n\n<p>Recife recebeu dois milh\u00f5es de foli\u00f5es \u2014 400 mil a mais que no ano anterior. A vizinha Olinda teve 3,6 milh\u00f5es de pessoas, com um aumento de 200 mil em compara\u00e7\u00e3o com 2019. Em Salvador, cerca de 16,5 milh\u00f5es curtiram a folia. Deste total, 86 mil eram turistas estrangeiros. A receita tur\u00edstica do per\u00edodo \u00e9 estimada em R$ 2,5 bilh\u00f5es, segundo o governo baiano.<\/p>\n\n\n\n<p>No Rio, 10 milh\u00f5es de pessoas movimentaram R$ 4 bilh\u00f5es no ano passado, 8% a mais que em 2019. Segundo a Riotur, a cidade recebeu 2,1 milh\u00f5es de turistas, sendo 77% brasileiros e 23% estrangeiros. No carnaval de 2019, foram 1,6 milh\u00e3o de turistas.&nbsp;<\/p>\n\n\n\n<figure class=\"wp-block-image\"><img decoding=\"async\" src=\"https:\/\/www.nexojornal.com.br\/incoming\/imagens\/Carnaval2\/alternates\/LANDSCAPE_560\/Carnaval\" alt=\"Homem muito alto usando perna de pau por baixo de macac\u00e3o florido usa m\u00e1scara e chap\u00e9u enquanto caminha por uma rua com trilhos de bonde\"\/><figcaption>&nbsp;O PERNALTA ANILSON COSTA, DO BLOCO C\u00c9U NA TERRA, CAMINHA PELO BAIRRO CARIOCA SANTA TERESA&nbsp;<\/figcaption><\/figure>\n\n\n\n<h2 class=\"wp-block-heading\">Como atenuar as perdas<\/h2>\n\n\n\n<p>Mitigar os impactos econ\u00f4micos da festa depende de iniciativas do poder p\u00fablico, segundo Felipe Ferreira, da Uerj. Ele considera que os profissionais do carnaval ficaram bastante desassistidos nesse momento, j\u00e1 que \u201cdependem muito da reuni\u00e3o de pessoas\u201d.<\/p>\n\n\n\n<p>Jair Martins de Miranda, professor da Unirio e coordenador do projeto Portal do Carnaval, compartilha a opini\u00e3o de Ferreira. Para ele, h\u00e1 anos o carnaval e seus agentes geram receitas bilion\u00e1rias para o pa\u00eds sem uma contrapartida justa.&nbsp;<\/p>\n\n\n\n<p>\u201cQuem mais ganha com o carnaval por muitos anos e todo ano \u00e9 quem tem que assistir economicamente os trabalhadores do elo mais fraco dessa cadeia. Sabidamente quem mais ganham s\u00e3o a ind\u00fastria de bebidas (as cervejarias, em especial), a ind\u00fastria hoteleira e os agentes de turismo\u201d, disse ao&nbsp;<strong>Nexo<\/strong>.<\/p>\n\n\n\n<p>Alguns munic\u00edpios ainda planejam lan\u00e7ar editais para profissionais essenciais da folia, como o Cultura do Carnaval Carioca da prefeitura do Rio de Janeiro. Com inscri\u00e7\u00f5es que come\u00e7am em mar\u00e7o, o edital vai distribuir R$ 3 milh\u00f5es em pr\u00eamios para 125 projetos de blocos, bandas, bailes, turmas, fanfarras, cord\u00f5es e outras manifesta\u00e7\u00f5es culturais. Al\u00e9m disso, um aux\u00edlio voltado exclusivamente para os trabalhadores das escolas de samba ser\u00e1 divulgado em breve pela Riotur.<\/p>\n\n\n\n<p>Outras prefeituras, como a de S\u00e3o Paulo, optaram por organizar eventos majoritariamente virtuais para ajudar os blocos, que receberam cach\u00eas de at\u00e9 R$ 3 mil para participar do&nbsp;<a href=\"http:\/\/www.capital.sp.gov.br\/noticia\/festival-to-me-guardando-confira-a-programacao-completa\" target=\"_blank\" rel=\"noreferrer noopener\">Festival T\u00f4 Me Guardando<\/a>, que acontece at\u00e9 o dia 28 de fevereiro, e vai ter 380 atividades, como e apresenta\u00e7\u00f5es online de fanfarras.&nbsp;<\/p>\n\n\n\n<p>Em sites de financiamento coletivo, como a&nbsp;<a href=\"https:\/\/benfeitoria.com\/canal\/carnaval\" target=\"_blank\" rel=\"noreferrer noopener\">Benfeitoria<\/a>&nbsp;e o&nbsp;<a href=\"https:\/\/www.catarse.me\/pt\/explore?ref=ctrse_header&amp;utf8=%E2%9C%93&amp;filter=all&amp;pg_search=carnaval\" target=\"_blank\" rel=\"noreferrer noopener\">Catarse<\/a>, iniciativas pedem apoio a blocos de rua, que nessa \u00e9poca buscam por meio de patrocinadores e ingressos de festas particulares o dinheiro que viabilizava seus cortejos nas ruas. As campanhas oferecem suporte aos profissionais impactados, de m\u00fasicos a ambulantes.<\/p>\n\n\n\n<p>Os cerca de 20 mil ambulantes que trabalham dia e noite durante o carnaval s\u00e3o alvo de uma campanha da Ambev e podem receber um aux\u00edlio de at\u00e9 R$ 255 ao se cadastrar pelo&nbsp;<a href=\"http:\/\/www.ajudeumambulante.com.br\/\" target=\"_blank\" rel=\"noreferrer noopener\">site<\/a>&nbsp;da iniciativa.<\/p>\n\n\n\n<h2 class=\"wp-block-heading\">Fun\u00e7\u00e3o social<\/h2>\n\n\n\n<p>Al\u00e9m dos impactos econ\u00f4micos, sobra a tristeza de foli\u00f5es enclausurados. \u201cO carnaval tem uma fun\u00e7\u00e3o social muito importante, por permitir simbolicamente uma invers\u00e3o de valores e pap\u00e9is sociais, onde o marginal, o exclu\u00eddo e as barreiras sociais e ideol\u00f3gicas s\u00e3o aceitas como uma brincadeira ou uma festa para atenuar a press\u00e3o cotidiana da vida\u201d, afirmou Jair Martins de Miranda, citando o fil\u00f3sofo russo Mikhail Bakhtin.<\/p>\n\n\n\n<p>Para Felipe Ferreira, o pa\u00eds vive uma longa quaresma, \u201cque \u00e9 um per\u00edodo simb\u00f3lico obviamente de restri\u00e7\u00f5es, de introvers\u00e3o&#8221; que estar\u00edamos vivendo desde os carnaval de 2020.<\/p>\n\n\n\n<p>\u201cH\u00e1 uma sensa\u00e7\u00e3o de prolongamento dessa coisa ensimesmada, a gente dentro de si mesmo. Como se a perspectiva que a gente tem \u00e9 que esse recolhimento enorme que t\u00e1 acontecendo possa explodir de uma maneira muito grande quando a gente finalmente sair disso no carnaval do ano que vem\u201d, afirmou.<\/p>\n","protected":false},"excerpt":{"rendered":"<p>Necessidade de cancelar maior festa do pa\u00eds durante a pandemia impactou uma ampla cadeia de atividades e trabalhadores de diferentes setores<\/p>\n","protected":false},"author":1,"featured_media":0,"comment_status":"closed","ping_status":"open","sticky":false,"template":"","format":"standard","meta":{"_exactmetrics_skip_tracking":false,"_exactmetrics_sitenote_active":false,"_exactmetrics_sitenote_note":"","_exactmetrics_sitenote_category":0,"jetpack_post_was_ever_published":false,"_jetpack_newsletter_access":"","_jetpack_dont_email_post_to_subs":false,"_jetpack_newsletter_tier_id":0,"_jetpack_memberships_contains_paywalled_content":false,"_jetpack_memberships_contains_paid_content":false,"footnotes":"","jetpack_publicize_message":"","jetpack_publicize_feature_enabled":true,"jetpack_social_post_already_shared":true,"jetpack_social_options":{"image_generator_settings":{"template":"highway","enabled":false},"version":2}},"categories":[1],"tags":[],"class_list":["post-30911","post","type-post","status-publish","format-standard","hentry","category-notas"],"jetpack_publicize_connections":[],"jetpack_sharing_enabled":true,"jetpack_featured_media_url":"","jetpack_shortlink":"https:\/\/wp.me\/p7wKYW-82z","jetpack-related-posts":[],"_links":{"self":[{"href":"http:\/\/blogdalucianaoliveira.com.br\/blog\/wp-json\/wp\/v2\/posts\/30911","targetHints":{"allow":["GET"]}}],"collection":[{"href":"http:\/\/blogdalucianaoliveira.com.br\/blog\/wp-json\/wp\/v2\/posts"}],"about":[{"href":"http:\/\/blogdalucianaoliveira.com.br\/blog\/wp-json\/wp\/v2\/types\/post"}],"author":[{"embeddable":true,"href":"http:\/\/blogdalucianaoliveira.com.br\/blog\/wp-json\/wp\/v2\/users\/1"}],"replies":[{"embeddable":true,"href":"http:\/\/blogdalucianaoliveira.com.br\/blog\/wp-json\/wp\/v2\/comments?post=30911"}],"version-history":[{"count":1,"href":"http:\/\/blogdalucianaoliveira.com.br\/blog\/wp-json\/wp\/v2\/posts\/30911\/revisions"}],"predecessor-version":[{"id":30913,"href":"http:\/\/blogdalucianaoliveira.com.br\/blog\/wp-json\/wp\/v2\/posts\/30911\/revisions\/30913"}],"wp:attachment":[{"href":"http:\/\/blogdalucianaoliveira.com.br\/blog\/wp-json\/wp\/v2\/media?parent=30911"}],"wp:term":[{"taxonomy":"category","embeddable":true,"href":"http:\/\/blogdalucianaoliveira.com.br\/blog\/wp-json\/wp\/v2\/categories?post=30911"},{"taxonomy":"post_tag","embeddable":true,"href":"http:\/\/blogdalucianaoliveira.com.br\/blog\/wp-json\/wp\/v2\/tags?post=30911"}],"curies":[{"name":"wp","href":"https:\/\/api.w.org\/{rel}","templated":true}]}}