{"id":30921,"date":"2021-02-16T13:25:54","date_gmt":"2021-02-16T17:25:54","guid":{"rendered":"http:\/\/blogdalucianaoliveira.com.br\/blog\/?p=30921"},"modified":"2021-02-16T13:25:58","modified_gmt":"2021-02-16T17:25:58","slug":"a-mudanca-climatica-tera-efeitos-muito-piores-que-a-pandemia","status":"publish","type":"post","link":"http:\/\/blogdalucianaoliveira.com.br\/blog\/2021\/02\/16\/a-mudanca-climatica-tera-efeitos-muito-piores-que-a-pandemia\/","title":{"rendered":"\u201cA mudan\u00e7a clim\u00e1tica ter\u00e1 efeitos muito piores que a pandemia\u201d"},"content":{"rendered":"\n<figure class=\"wp-block-image size-large\"><img loading=\"lazy\" decoding=\"async\" width=\"1900\" height=\"2533\" data-attachment-id=\"30922\" data-permalink=\"http:\/\/blogdalucianaoliveira.com.br\/blog\/2021\/02\/16\/a-mudanca-climatica-tera-efeitos-muito-piores-que-a-pandemia\/94722558-5c1a-42a1-9f94-85b31b3eaac3\/\" data-orig-file=\"https:\/\/i0.wp.com\/blogdalucianaoliveira.com.br\/blog\/wp-content\/uploads\/2021\/02\/94722558-5C1A-42A1-9F94-85B31B3EAAC3.jpeg?fit=1900%2C2533\" data-orig-size=\"1900,2533\" data-comments-opened=\"0\" data-image-meta=\"{&quot;aperture&quot;:&quot;0&quot;,&quot;credit&quot;:&quot;John Keatley&quot;,&quot;camera&quot;:&quot;&quot;,&quot;caption&quot;:&quot;&quot;,&quot;created_timestamp&quot;:&quot;0&quot;,&quot;copyright&quot;:&quot;John Keatley&quot;,&quot;focal_length&quot;:&quot;0&quot;,&quot;iso&quot;:&quot;0&quot;,&quot;shutter_speed&quot;:&quot;0&quot;,&quot;title&quot;:&quot;&quot;,&quot;orientation&quot;:&quot;0&quot;}\" data-image-title=\"94722558-5C1A-42A1-9F94-85B31B3EAAC3\" data-image-description=\"\" data-image-caption=\"\" data-medium-file=\"https:\/\/i0.wp.com\/blogdalucianaoliveira.com.br\/blog\/wp-content\/uploads\/2021\/02\/94722558-5C1A-42A1-9F94-85B31B3EAAC3.jpeg?fit=225%2C300\" data-large-file=\"https:\/\/i0.wp.com\/blogdalucianaoliveira.com.br\/blog\/wp-content\/uploads\/2021\/02\/94722558-5C1A-42A1-9F94-85B31B3EAAC3.jpeg?fit=600%2C800\" src=\"https:\/\/i0.wp.com\/blogdalucianaoliveira.com.br\/blog\/wp-content\/uploads\/2021\/02\/94722558-5C1A-42A1-9F94-85B31B3EAAC3.jpeg?fit=600%2C800\" alt=\"\" class=\"wp-image-30922\" srcset=\"https:\/\/i0.wp.com\/blogdalucianaoliveira.com.br\/blog\/wp-content\/uploads\/2021\/02\/94722558-5C1A-42A1-9F94-85B31B3EAAC3.jpeg?w=1900 1900w, https:\/\/i0.wp.com\/blogdalucianaoliveira.com.br\/blog\/wp-content\/uploads\/2021\/02\/94722558-5C1A-42A1-9F94-85B31B3EAAC3.jpeg?resize=225%2C300 225w, https:\/\/i0.wp.com\/blogdalucianaoliveira.com.br\/blog\/wp-content\/uploads\/2021\/02\/94722558-5C1A-42A1-9F94-85B31B3EAAC3.jpeg?resize=768%2C1024 768w, https:\/\/i0.wp.com\/blogdalucianaoliveira.com.br\/blog\/wp-content\/uploads\/2021\/02\/94722558-5C1A-42A1-9F94-85B31B3EAAC3.jpeg?resize=1152%2C1536 1152w, https:\/\/i0.wp.com\/blogdalucianaoliveira.com.br\/blog\/wp-content\/uploads\/2021\/02\/94722558-5C1A-42A1-9F94-85B31B3EAAC3.jpeg?resize=1536%2C2048 1536w, https:\/\/i0.wp.com\/blogdalucianaoliveira.com.br\/blog\/wp-content\/uploads\/2021\/02\/94722558-5C1A-42A1-9F94-85B31B3EAAC3.jpeg?w=1800 1800w\" sizes=\"auto, (max-width: 600px) 100vw, 600px\" \/><\/figure>\n\n\n\n<p>Ele costuma estar certo em suas previs\u00f5es e considera que temos pouco tempo: apenas tr\u00eas d\u00e9cadas para reduzir a zero as emiss\u00f5es de gases de efeito estufa. Do contr\u00e1rio, sofreremos. Atordoado com as mentiras e supostas conspira\u00e7\u00f5es que surgiram durante a pandemia e preocupado com a polariza\u00e7\u00e3o social, Bill Gates acredita que ainda podemos salvar o futuro.<\/p>\n\n\n\n<!--more-->\n\n\n\n<p>No El Pa\u00eds<\/p>\n\n\n\n<p><a href=\"https:\/\/brasil.elpais.com\/noticias\/bill-gates\/\" target=\"_blank\" rel=\"noreferrer noopener\">Bill Gates<\/a>&nbsp;considera que os efeitos&nbsp;<a href=\"https:\/\/brasil.elpais.com\/noticias\/cambio-climatico\/\" target=\"_blank\" rel=\"noreferrer noopener\">da mudan\u00e7a clim\u00e1tica<\/a>&nbsp;ser\u00e3o muito piores que os da&nbsp;<a href=\"https:\/\/brasil.elpais.com\/noticias\/coronavirus\/\" target=\"_blank\" rel=\"noreferrer noopener\">pandemia de covid-19<\/a>&nbsp;se at\u00e9 2050 a humanidade n\u00e3o conseguir reduzir a zero as emiss\u00f5es de gases do efeito estufa. Sabe que essa \u00e9 uma miss\u00e3o tit\u00e2nica, mas n\u00e3o imposs\u00edvel, desde que os mercados, a tecnologia e a pol\u00edtica se alinhem com o mesmo fim. Gates oferece o seu plano, esmiu\u00e7ado em seu novo livro,&nbsp;<em>Como evitar um desastre clim\u00e1tico \u2013 As solu\u00e7\u00f5es que temos e as inova\u00e7\u00f5es clim\u00e1ticas<\/em>&nbsp;(Companhia das Letras), em que descarta a ideia de dedicar esfor\u00e7os para mitigar os efeitos do aquecimento planet\u00e1rio simplesmente porque j\u00e1 \u00e9 tarde demais para isso. Rec\u00e9m-vacinado contra a covid-19, o filantropo e&nbsp;<a href=\"https:\/\/brasil.elpais.com\/noticias\/microsoft\/\" target=\"_blank\" rel=\"noreferrer noopener\">fundador da Microsoft<\/a>&nbsp;conversa com EL PA\u00cdS sobre a pandemia atual e as futuras, a expans\u00e3o dos movimentos antivacinas e negacionistas nas redes sociais, e suas esperan\u00e7as na o in\u00edcio do&nbsp;<a href=\"https:\/\/brasil.elpais.com\/internacional\/2021-01-27\/primeira-semana-do-presidente-biden-uma-chuva-de-medidas-para-desfazer-o-legado-de-trump.html\" target=\"_blank\" rel=\"noreferrer noopener\">Governo de Joe Biden<\/a>, nos Estados Unidos. \u00c9 uma entrevista, como tanta coisa nestes tempos que correm, virtual.<\/p>\n\n\n\n<p><strong>Pergunta.&nbsp;<\/strong>H\u00e1 exatamente um ano o novo coronav\u00edrus, registrado em Wuhan (China), come\u00e7ou sua r\u00e1pida expans\u00e3o pelo mundo. O custo em vidas e a devasta\u00e7\u00e3o econ\u00f4mica s\u00e3o imensos, mas<a href=\"https:\/\/brasil.elpais.com\/ciencia\/2021-02-03\/vacina-de-oxford-e-da-astrazeneca-reduz-transmissao-do-coronavirus-segundo-ultimo-estudo.html\" target=\"_blank\" rel=\"noreferrer noopener\">&nbsp;j\u00e1 temos v\u00e1rias vacinas para combat\u00ea-lo<\/a>. Atreve-se a vaticinar onde estaremos dentro de um ano?<\/p>\n\n\n\n<p><strong>Resposta<\/strong>. Teremos superado em grande medida os efeitos mais dram\u00e1ticos da pandemia, embora seja poss\u00edvel que o v\u00edrus continue circulando por algum lugar do mundo. A quest\u00e3o agora \u00e9 se seremos&nbsp;<a href=\"https:\/\/brasil.elpais.com\/brasil\/2021-02-03\/ritmo-lento-na-vacinacao-contra-a-covid-19-no-brasil-favorece-novas-cepas-do-virus.html\" target=\"_blank\" rel=\"noreferrer noopener\">capazes de reduzir a cifra [de cont\u00e1gios] a zero<\/a>, ou se ela se tornar\u00e1 uma doen\u00e7a end\u00eamica e teremos que continuar vacinando em um n\u00edvel mais ou menos alto de maneira continuada. N\u00e3o sabemos ainda. O ideal seria conseguir que o v\u00edrus n\u00e3o se espalhe entre humanos. De resto, as lojas voltar\u00e3o a abrir, retornar\u00e3o os eventos p\u00fablicos, desde que pelo menos 70% da popula\u00e7\u00e3o esteja vacinada. Mas, sim, neste pr\u00f3ximo ver\u00e3o [do Hemisf\u00e9rio Norte] as coisas voltar\u00e3o em grande medida \u00e0 normalidade. E, em 2022, pa\u00edses como a Espanha e os Estados Unidos j\u00e1 a ter\u00e3o recuperado quase totalmente e poder\u00e3o realizar grandes atos p\u00fablicos.<\/p>\n\n\n\n<p><strong>P.&nbsp;<\/strong>At\u00e9 que ponto lhe preocupam&nbsp;<a href=\"https:\/\/brasil.elpais.com\/internacional\/2021-02-02\/ursula-von-der-leyen-o-mundo-precisara-de-mais-vacinas-para-as-novas-variantes.html\" target=\"_blank\" rel=\"noreferrer noopener\">as novas variantes ou muta\u00e7\u00f5es do coronav\u00edrus<\/a>, e em que medida elas podem alterar seu progn\u00f3stico?<\/p>\n\n\n\n<p><strong>R.<\/strong>&nbsp;\u00c0 medida que surjam novas variantes \u00e9 poss\u00edvel que precisemos modificar as vacinas para obter uma maior efic\u00e1cia. O que a variante faz \u00e9 reduzir significativamente a efic\u00e1cia dos anticorpos monoclonais, nos quais confi\u00e1vamos para reduzir a taxa de mortalidade paralelamente ao avan\u00e7o das campanhas de vacina\u00e7\u00e3o. Infelizmente, essa ferramenta terap\u00eautica n\u00e3o ser\u00e1 t\u00e3o valiosa como se esperava. Entretanto, as vacinas das quais dispomos,&nbsp;<a href=\"https:\/\/brasil.elpais.com\/ciencia\/2020-12-08\/novos-relatorios-reforcam-eficacia-e-seguranca-das-primeiras-vacinas-contra-o-coronavirus.html\" target=\"_blank\" rel=\"noreferrer noopener\">como a da Pfizer e da Moderna, s\u00e3o t\u00e3o poderosas<\/a>que seus efeitos s\u00e3o muito eficazes. Ainda n\u00e3o estamos muito certos de que seja preciso modific\u00e1-las, mas estamos investigando por via das d\u00favidas. Levar\u00edamos uns tr\u00eas meses para fazer os testes de seguran\u00e7a e fabric\u00e1-las.<\/p>\n\n\n\n<p><strong>P.&nbsp;<\/strong>J\u00e1 se vacinou?<\/p>\n\n\n\n<p><strong>R.&nbsp;<\/strong>Sim. Me injetaram a primeira dose da vacina da Moderna h\u00e1 alguns dias na Calif\u00f3rnia, onde j\u00e1 est\u00e3o sendo imunizados os maiores de 65 anos.<\/p>\n\n\n\n<figure class=\"wp-block-image\"><img data-recalc-dims=\"1\" decoding=\"async\" src=\"https:\/\/i0.wp.com\/imagens.brasil.elpais.com\/resizer\/T5I7YvBzTqukbfnEKTyBcOR2KK4%3D\/768x0\/cloudfront-eu-central-1.images.arcpublishing.com\/prisa\/O5EFFMXQ3VAV7OSZU6VZS2EFHY.jpg?w=600&#038;ssl=1\" alt=\"Bill Gates recebe a primeira dose da vacina contra a covid-19. Imagem postada por ele no Twitter no dia 22 de janeiro. \"\/><figcaption>Bill Gates recebe a primeira dose da vacina contra a covid-19. Imagem postada por ele no Twitter no dia 22 de janeiro.&nbsp;<strong>CUENTA DE TWITTER DE BILL GATES \/ EPS<\/strong><\/figcaption><\/figure>\n\n\n\n<p><strong>P.&nbsp;<\/strong>A&nbsp;<a href=\"https:\/\/brasil.elpais.com\/noticias\/fundacion-bill-melinda-gates\/\" target=\"_blank\" rel=\"noreferrer noopener\">Funda\u00e7\u00e3o Gates<\/a>&nbsp;investiu 1,75 bilh\u00f5es de d\u00f3lares [9,4 bilh\u00f5es de reais] em pesquisa e suprimentos m\u00e9dicos contra a covid-19. Qual \u00e9 a sua prioridade agora: mais investimento, pesquisa, melhor distribui\u00e7\u00e3o&#8230;?<\/p>\n\n\n\n<p><strong>R.<\/strong>&nbsp;<a href=\"https:\/\/brasil.elpais.com\/ciencia\/2020-12-18\/rna-a-molecula-que-pode-nos-tirar-desta-pandemia.html\" target=\"_blank\" rel=\"noreferrer noopener\">As vacinas da Pfizer e Moderna se baseiam no RNA mensageiro<\/a>&nbsp;[ARNm] e cont\u00eam uma nanopart\u00edcula lip\u00eddica cuja produ\u00e7\u00e3o \u00e9 muito custosa. Fabric\u00e1-las em grandes quantidades \u00e9 mais dif\u00edcil, e n\u00e3o s\u00e3o termicamente est\u00e1veis. Com um maior investimento em pesquisa e desenvolvimento ao longo dos pr\u00f3ximos cinco anos, seremos capazes de resolver todos os problemas que o RNAm nos apresenta. As vacinas da AstraZeneca, Johnson &amp; Johnson e Novavax s\u00e3o mais cl\u00e1ssicas. A funda\u00e7\u00e3o est\u00e1 montando parcerias com laborat\u00f3rios e com v\u00e1rias empresas da \u00cdndia para produzi-las em grandes f\u00e1bricas daquele pa\u00eds. A maioria das pessoas n\u00e3o tem consci\u00eancia de que&nbsp;<a href=\"https:\/\/brasil.elpais.com\/opiniao\/2021-02-08\/india-russia-e-china-reinventaram-a-economia-com-foco-na-saude-publica-para-a-covid-19-brasil-pode-fazer-o-mesmo.html\" target=\"_blank\" rel=\"noreferrer noopener\">as f\u00e1bricas indianas de vacinas s\u00e3o cinco vezes maiores que as ocidentais<\/a>, porque \u00e9 de l\u00e1 que saem praticamente todas as vacinas que v\u00e3o para as na\u00e7\u00f5es em desenvolvimento. Estamos tentando aproveitar esse potencial e reduzir os tempos de imuniza\u00e7\u00e3o entre os pa\u00edses ocidentais e em desenvolvimento. Atualmente a diferen\u00e7a \u00e9 enorme. Os ocidentais disp\u00f5em de muito mais doses que os pa\u00edses de renda m\u00e9dia, como o Brasil ou \u00c1frica do Sul, aonde, apesar de estarem sofrendo mais os danos da pandemia,&nbsp;<a href=\"https:\/\/brasil.elpais.com\/brasil\/2021-02-03\/ritmo-lento-na-vacinacao-contra-a-covid-19-no-brasil-favorece-novas-cepas-do-virus.html\" target=\"_blank\" rel=\"noreferrer noopener\">as vacinas chegam mais lentamente<\/a>.<\/p>\n\n\n\n<p><strong>P.\u00a0<\/strong>A covid-19 nos ensina que uma pessoa s\u00f3 estar\u00e1 a salvo quando todo mundo estiver, ao menos at\u00e9 que se alcancem esses 70% de popula\u00e7\u00e3o imunizada. Chegar l\u00e1 implica uma colabora\u00e7\u00e3o internacional sem precedentes. Poderia ser que esta pandemia nos tenha feito entender melhor o que significa agir de maneira global, com vistas as outros desafios tamb\u00e9m mundiais, como a mudan\u00e7a clim\u00e1tica?<\/p>\n\n\n\n<p><strong>R.\u00a0<\/strong>A coopera\u00e7\u00e3o global \u00e9 necess\u00e1ria. Este esfor\u00e7o geral por compartilhar informa\u00e7\u00e3o \u00e9 de uma import\u00e2ncia vital, porque se trata de uma luta entre a humanidade e o v\u00edrus, e nenhum pa\u00eds pode se isolar. Nem tudo funcionou bem, mas aprendemos muitas coisas que nos permitir\u00e3o estar mais preparados para a seguinte pandemia, que, se for bem administrada, n\u00e3o chegar\u00e1 a 10% das mortes, e o dano econ\u00f4mico ser\u00e1 menor de que estamos sofrendo agora. \u00c9 uma pena que n\u00e3o se tenha dado ouvido aos alertas.\u00a0<a rel=\"noreferrer noopener\" href=\"https:\/\/www.ted.com\/talks\/bill_gates_the_next_outbreak_we_re_not_ready\/transcript?language=es\" target=\"_blank\">Minha palestra TED de 2015 foi um deles<\/a>. Acho que por isso agora os cidad\u00e3os esperam que os Governos trabalhem de m\u00e3os dadas com especialistas e ou\u00e7am seus conselhos para poderem estar mais preparados no futuro.<\/p>\n\n\n\n<p>A mudan\u00e7a clim\u00e1tica \u00e9 mais dif\u00edcil de resolver que uma pandemia, mas, se n\u00e3o a resolvermos, os efeitos negativos ser\u00e3o muito piores. Fico contente de que o interesse pela mudan\u00e7a clim\u00e1tica n\u00e3o tenha deca\u00eddo, como aconteceu durante a \u00faltima crise financeira, porque se considerava um problema de longo prazo. O plano de recupera\u00e7\u00e3o da Uni\u00e3o Europeia vai dedicar 35% de seus recursos \u00e0 mudan\u00e7a clim\u00e1tica. Na Funda\u00e7\u00e3o Gates criamos grupos de trabalho com a Europa e com a Espanha para procurar solu\u00e7\u00f5es: o que fazemos com o hidrog\u00eanio limpo? Empregamos parte desses recursos para reduzir seus custos adicionais (o \u00e1gio verde) frente ao hidrog\u00eanio normal? Dessa maneira, a op\u00e7\u00e3o ecol\u00f3gica se estenderia com mais facilidade. E nos Estados Unidos,&nbsp;<a href=\"https:\/\/brasil.elpais.com\/internacional\/2021-01-21\/biden-comeca-seu-mandato-com-uma-guinada-na-gestao-da-pandemia-e-do-meio-ambiente.html\" target=\"_blank\" rel=\"noreferrer noopener\">gra\u00e7as \u00e0 elei\u00e7\u00e3o de Biden, veremos um per\u00edodo muito mais animador para o clima<\/a>, embora ainda devamos levar alguns anos para sair do fosso em que estamos devido \u00e0 pandemia.<\/p>\n\n\n\n<p><strong>P.&nbsp;<\/strong>Em seu livro, confessa certa sensa\u00e7\u00e3o de culpa: o senhor \u00e9 um homem rico, com grandes propriedades, que voa em jato particular e, portanto,&nbsp;<a href=\"https:\/\/brasil.elpais.com\/brasil\/2019\/08\/02\/estilo\/1564741752_427630.html\" target=\"_blank\" rel=\"noreferrer noopener\">sua pegada de carbono \u00e9 enorme<\/a>, embora diga fazer o poss\u00edvel para reduzi-la. A mudan\u00e7a clim\u00e1tica seria um problema exclusivo dos pa\u00edses ricos, por serem os que o geram?<\/p>\n\n\n\n<p><strong>R.<\/strong>&nbsp;As emiss\u00f5es de carbono est\u00e3o aumentando, e no futuro decorrer\u00e3o sobretudo dos servi\u00e7os b\u00e1sicos de muitos pa\u00edses em desenvolvimento: do ar condicionado, da constru\u00e7\u00e3o, de ter luz. Fala-se muito em reduzir o consumo de eletricidade, mas essa n\u00e3o \u00e9 a via adequada para baixar as emiss\u00f5es a zero. Pode ser \u00fatil, mas a \u00fanica maneira de obter essa meta n\u00e3o \u00e9 dirigir menos, e sim dirigir um carro de emiss\u00e3o zero. Nas na\u00e7\u00f5es pobres, o combust\u00edvel de avia\u00e7\u00e3o, o a\u00e7o e o cimento continuam sendo necess\u00e1rios para que suas economias cres\u00e7am, e substitui-los n\u00e3o \u00e9 poss\u00edvel se representar um grande aumento de pre\u00e7o. Acho que \u00e9 necess\u00e1rio inovar para diminuir o \u00e1gio ambiental, e que os pa\u00edses pobres possam pag\u00e1-lo. \u00c9 poss\u00edvel que tenhamos que subvencionar parte desse \u00e1gio. Digamos que, gra\u00e7as \u00e0 inova\u00e7\u00e3o, consigamos reduzi-las em 95%. Nesse caso, os Estados de renda m\u00e9dia e os ricos pagariam os 5% restantes. Aos pa\u00edses muito pobres, muitos dos quais ficam na \u00c1frica, poder\u00edamos ajud\u00e1-los com subs\u00eddios procedentes da coopera\u00e7\u00e3o internacional. A contribui\u00e7\u00e3o que a \u00c1frica recebe n\u00e3o \u00e9 t\u00e3o alta como deveria: a popula\u00e7\u00e3o est\u00e1 crescendo, h\u00e1 muita instabilidade, e a mudan\u00e7a clim\u00e1tica s\u00f3 ir\u00e1 agrav\u00e1-la. Os pa\u00edses mais pobres n\u00e3o deveriam arcar com tanto peso porque, al\u00e9m disso, s\u00e3o os que mais sentem a mudan\u00e7a clim\u00e1tica. A pessoa que se encontra em pior situa\u00e7\u00e3o \u00e9 um agricultor que viva perto da linha do equador, onde as ondas de calor s\u00e3o severas e frequentemente arru\u00ednam as colheitas, e onde abundam as inunda\u00e7\u00f5es e as secas. \u00c9 ir\u00f4nico que os que menos contribuem para causar o problema sejam os que mais v\u00e3o sofr\u00ea-lo.<\/p>\n\n\n\n<figure class=\"wp-block-image\"><img data-recalc-dims=\"1\" decoding=\"async\" src=\"https:\/\/i0.wp.com\/imagens.brasil.elpais.com\/resizer\/AyYxk8hq2nCbrYtdrymjDmbEb1U%3D\/768x0\/cloudfront-eu-central-1.images.arcpublishing.com\/prisa\/KSLWUT2EXZBOTJNM4H6HNNBLTY.jpg?w=600&#038;ssl=1\" alt=\"Bill Gates, na capa do El Pa\u00eds Semanal em 1994.\"\/><figcaption>Bill Gates, na capa do El Pa\u00eds Semanal em 1994.<strong>EPS<\/strong><\/figcaption><\/figure>\n\n\n\n<p><strong>P.<\/strong>&nbsp;Na Espanha, observamos que a aposta nas energias solar e e\u00f3lica est\u00e1 funcionando, e com custos competitivos. O senhor \u00e9 um grande defensor das energias limpas, mas tamb\u00e9m da nuclear. Em 2006 criou o&nbsp;<a href=\"https:\/\/elpais.com\/tecnologia\/2011\/12\/08\/actualidad\/1323338462_850215.html\" target=\"_blank\" rel=\"noreferrer noopener\"><em>TerraPower<\/em><\/a>&nbsp;para desenvolver uma central nuclear de quarta gera\u00e7\u00e3o, embora reconhe\u00e7a que a opini\u00e3o p\u00fablica \u00e9 muito reticente quanto a construir novas usinas. Acha a energia nuclear tem lugar no nosso futuro energ\u00e9tico?<\/p>\n\n\n\n<p><strong>R.<\/strong>&nbsp;Algo que n\u00e3o se quer reconhecer \u00e9 que no futuro vamos precisar gerar 2,5 vezes mais eletricidade do que usamos atualmente para aquecer edif\u00edcios, movimentar ve\u00edculos e alimentar processos industriais. Voc\u00ea tem raz\u00e3o quando diz&nbsp;<a href=\"https:\/\/brasil.elpais.com\/economia\/2020-05-28\/a-energia-que-promete-impulsionar-o-futuro-do-brasil-vem-do-alto-mar.html\" target=\"_blank\" rel=\"noreferrer noopener\">que os pre\u00e7os das energias solar e e\u00f3lica baixaram<\/a>, inclusive est\u00e1 come\u00e7ando a cair o da energia e\u00f3lica marinha, o que \u00e9 um milagre, \u00e9 fant\u00e1stico. Mas ainda resta um problema importante por resolver: que estas fontes de energia s\u00e3o intermitentes. Ou seja, se as condi\u00e7\u00f5es meteorol\u00f3gicas forem adequadas durante semanas, muito bem; mas, se vier uma frente fria poderosa, haver\u00e1 grandes \u00e1reas que n\u00e3o poder\u00e3o se beneficiar de energias desse tipo. Para aumentar sua confiabilidade, \u00e9 preciso criar um armazenamento energ\u00e9tico de grande escala conectado \u00e0 rede, o que \u00e9 muito mais dif\u00edcil que fabricar uma bateria de carro. Outro enfoque consiste em dispor de um sistema que gere energia constante durante as 24 horas do dia, que \u00e9 o que fazem a fiss\u00e3o ou a fus\u00e3o nuclear. Mas em nenhum momento estou defendendo um<a href=\"https:\/\/brasil.elpais.com\/noticias\/energia-nuclear\/\" target=\"_blank\" rel=\"noreferrer noopener\">uso exclusivo da energia nuclear<\/a>; o que quero dizer \u00e9 que as pessoas deveriam ter uma mente mais aberta para a quarta gera\u00e7\u00e3o de reatores nucleares que aparecer\u00e3o dentro de cinco ou seis anos, sejam os que estamos criando no&nbsp;<em>TerraPower&nbsp;<\/em>ou outros. A energia que produzir\u00e3o \u00e9 barata e segura. As pessoas deveriam ter uma mente mais aberta porque, al\u00e9m disso, \u00e9 o tipo de energia mais seguro: causa um n\u00famero muito menor de mortos ou feridos que os ocasionados pela minera\u00e7\u00e3o e os gasodutos. Mas entendo que a energia nuclear atual, tal como proposta, n\u00e3o obter\u00e1 a aceita\u00e7\u00e3o do p\u00fablico, ent\u00e3o joguei a toalha nesse sentido.\u201cNO FUTURO VAMOS PRECISAR GERAR 2,5 VEZES MAIS ELETRICIDADE DO QUE USAMOS ATUALMENTE\u201d<\/p>\n\n\n\n<p><strong>P.<\/strong>&nbsp;Jogou mesmo a toalha?<\/p>\n\n\n\n<p><strong>R.<\/strong>&nbsp;Sim, quanto \u00e0&nbsp;<a href=\"https:\/\/brasil.elpais.com\/noticias\/energia-nuclear\/\" target=\"_blank\" rel=\"noreferrer noopener\">energia nuclear<\/a>&nbsp;tal como funciona hoje. A&nbsp;<em>TerraPowe<\/em>r est\u00e1 trabalhando em um modelo que n\u00e3o exerce press\u00e3o no reator e que n\u00e3o gera calor. \u00c9 muito diferente. N\u00e3o precisa de oper\u00e1rios humanos. Se conseguirmos o milagre de poder armazenar a energia, n\u00e3o ser\u00e3o necess\u00e1rias nem a fus\u00e3o nem a fiss\u00e3o nuclear, mas n\u00e3o est\u00e1 muito claro que vamos conseguir, embora haja v\u00e1rias empresas muito ambiciosas que est\u00e3o investindo nesta tecnologia. A<em>&nbsp;TerraPower<\/em>recebeu recursos federais [dos EUA] para a constru\u00e7\u00e3o de uma usina-modelo nos pr\u00f3ximos cinco anos. Se conseguirmos que funcione e se receber a aprova\u00e7\u00e3o da Comiss\u00e3o Reguladora Nuclear dos Estados Unidos, que \u00e9 a melhor do mundo, ent\u00e3o s\u00f3 iremos a outros pa\u00edses para lhes propor seu uso, embora deva admitir que, por mais segura que seja, o desafio ser\u00e1 convencer o p\u00fablico das suas vantagens.<\/p>\n\n\n\n<p><strong>P.<\/strong>&nbsp;O presidente Biden estreou assinando uma ordem executiva para que&nbsp;<a href=\"https:\/\/brasil.elpais.com\/internacional\/2021-01-21\/biden-comeca-seu-mandato-com-uma-guinada-na-gestao-da-pandemia-e-do-meio-ambiente.html\" target=\"_blank\" rel=\"noreferrer noopener\">os Estados Unidos regressem ao Acordo de Paris<\/a>. Que outras medidas espera do novo Governo dos EUA como sinal de seu compromisso para abordar a mudan\u00e7a clim\u00e1tica?<\/p>\n\n\n\n<p><strong>R.<\/strong>&nbsp;Em primeiro lugar, precisamos de um aumento extraordin\u00e1rio do investimento em pesquisa e desenvolvimento, de pelo menos 20 bilh\u00f5es de d\u00f3lares, e isso s\u00f3 nos Estados Unidos. Tamb\u00e9m s\u00e3o necess\u00e1rias pol\u00edticas que promovam o uso de produtos limpos, mesmo que se encontrem em fases iniciais, e por mais alto que seja o \u00e1gio. Poderia ser o caso das ind\u00fastrias do a\u00e7o e do cimento, para que concluam sua transi\u00e7\u00e3o ecol\u00f3gica. Nos EUA, impulsionou-se a expans\u00e3o das energias solar e e\u00f3lica atrav\u00e9s de bonifica\u00e7\u00f5es tribut\u00e1rias, e agora que os pre\u00e7os ca\u00edram poder\u00edamos usar esses cr\u00e9ditos para o desenvolvimento de tecnologias de armazenamento de energia ou de combust\u00edvel de avia\u00e7\u00e3o limpo. Mesmo assim, seria necess\u00e1rio duplicar ou triplicar esses incentivos e criar pol\u00edticas que acelerem sua implanta\u00e7\u00e3o, porque 30 anos n\u00e3o \u00e9 um per\u00edodo muito longo para mudar todo o sistema de gera\u00e7\u00e3o de eletricidade e produ\u00e7\u00e3o de a\u00e7o e cimento. Espero que possam ser adotadas pol\u00edticas nesta dire\u00e7\u00e3o e que permane\u00e7am vigentes durante este per\u00edodo de 30 anos, em lugar de desaparecerem \u00e0 merc\u00ea dos ventos pol\u00edticos. Deveria ser aberto um caminho bipartid\u00e1rio ao menos para os aspectos-chaves, como o investimento em pesquisa e desenvolvimento, que ser\u00e1 fundamental.<\/p>\n\n\n\n<figure class=\"wp-block-image\"><img data-recalc-dims=\"1\" decoding=\"async\" src=\"https:\/\/i0.wp.com\/imagens.brasil.elpais.com\/resizer\/1C6KPrIDjRI5fdgQCa0TsvAY24s%3D\/768x0\/cloudfront-eu-central-1.images.arcpublishing.com\/prisa\/XOWYGUSSEFGVZJ5SECN4TUYVSU.jpg?w=600&#038;ssl=1\" alt=\"Bill Gates, em uma central de distribui\u00e7\u00e3o de fertilizante em Dar es-Salaam, na Tanzania, em 2018.\"\/><figcaption>Bill Gates, em uma central de distribui\u00e7\u00e3o de fertilizante em Dar es-Salaam, na Tanzania, em 2018.<strong>THE GATES NOTES; LLC \/ EPS<\/strong><\/figcaption><\/figure>\n\n\n\n<p><strong>P.&nbsp;<\/strong>Considera preocupante<a href=\"https:\/\/brasil.elpais.com\/brasil\/2017\/11\/15\/ciencia\/1510751564_040327.html\" target=\"_blank\" rel=\"noreferrer noopener\">&nbsp;a falta de mulheres em carreiras cient\u00edficas<\/a>, engenharias e computa\u00e7\u00e3o? S\u00e3o as profiss\u00f5es realmente fundamentais para promover a transforma\u00e7\u00e3o ambiental que o senhor defende.<\/p>\n\n\n\n<p><strong>R.&nbsp;<\/strong>A Funda\u00e7\u00e3o Gates, e em particular minha esposa [Melinda Gates], est\u00e1 muito comprometida com tudo que<a href=\"https:\/\/brasil.elpais.com\/opiniao\/2020-12-28\/brasil-entra-em-2021-com-desafio-urgente-de-diminuir-desigualdades.html\" target=\"_blank\" rel=\"noreferrer noopener\">&nbsp;\u00e9 relativo aos problemas de g\u00eanero.<\/a>&nbsp;As mulheres nos pa\u00edses pobres, na medida em que s\u00e3o as que d\u00e3o \u00e0 luz e cuidam dos filhos, suportam coisas muito piores que os homens. H\u00e1 um ditado segundo o qual a pobreza \u00e9 sexista, o que n\u00e3o significa que o problema desapare\u00e7a nos lugares ricos, mas \u00e9 muito pior nos pobres. Em geral, no entanto, falta talento nestes campos. Inclusive nas melhores universidades, como por exemplo o MIT, a quantidade de quociente intelectual investido em inovar na ind\u00fastria \u00e9 muito reduzida. Agora que h\u00e1 muito mais universit\u00e1rios no mundo, precisamos de muito talento nestes setores, que sejam atrativos para que os mais preparados se dediquem a ele, em vez de fazerem carreira financeira em Wall Street.<\/p>\n\n\n\n<p><strong>P.&nbsp;<\/strong>Ao crescimento dos negacionistas da mudan\u00e7a clim\u00e1tica se somou ultimamente&nbsp;<a href=\"https:\/\/brasil.elpais.com\/brasil\/2021-02-13\/qanon-brasileiro-segue-firme-nas-redes-e-se-mostra-alinhado-a-movimento-de-teorias-conspiratorias-dos-eua.html\" target=\"_blank\" rel=\"noreferrer noopener\">uma multid\u00e3o de teorias conspirat\u00f3rias sobre a origem da covid-19<\/a>&nbsp;e das vacinas que o colocam diretamente no centro do alvo, como a mente por tr\u00e1s de um plano para controlar o mundo\u2026<\/p>\n\n\n\n<p><strong>R.<\/strong>&nbsp;A pandemia gerou um n\u00edvel de debate e de teorias conspirat\u00f3rias que eu jamais teria imaginado. O doutor [Anthony] Fauci [principal autoridade de sa\u00fade p\u00fablica dos EUA] e eu protagonizamos teorias que sugerem que, em vez de tentar salvar vidas, estamos fazendo o contr\u00e1rio; ou que, em lugar de doar dinheiro, procuramos fazer neg\u00f3cio. O problema se torna muito s\u00e9rio se isso levar as pessoas a crerem que usar m\u00e1scara ou colocar uma vacina n\u00e3o \u00e9 importante. Vivemos uma situa\u00e7\u00e3o t\u00e3o dif\u00edcil que as pessoas procuravam respostas simplistas, tipo: \u201cA culpa \u00e9 deste senhor\u201d. N\u00e3o \u00e9 t\u00e3o surpreendente, mas o que eu n\u00e3o soube antever \u00e9 como os canais digitais viriam a favorecer o envio de milh\u00f5es de mensagens sobre estes temas diariamente. Espero que a coisa se acalme. Quanto \u00e0 mudan\u00e7a clim\u00e1tica, nos EUA \u00e9 um tema um pouco partid\u00e1rio, embora mantenha contato com alguns republicanos que mostram preocupa\u00e7\u00e3o e querem fazer algo a respeito, especialmente os mais jovens. A mudan\u00e7a clim\u00e1tica \u00e9 mais complicada que uma pandemia. A quantidade de recursos que estamos pedindo para serem priorizados para esta causa \u00e9 muit\u00edssimo maior que o investido para obter uma vacina. Mas o dano em termos econ\u00f4micos e de vidas humanas \u00e9 imensamente superior. Como se pode evitar isto? Em um cen\u00e1rio ideal, os planos de estudos das escolas devem abordar a mudan\u00e7a clim\u00e1tica. Por outro lado, cada vez mais gente presencia ou sofre fen\u00f4menos meteorol\u00f3gicos extremos, e isso \u00e9 algo que, por mais tr\u00e1gico que seja, est\u00e1 contribuindo para uma mudan\u00e7a de atitude. Acredito que esta seja uma das raz\u00f5es pelas quais o interesse pela mudan\u00e7a clim\u00e1tica \u00e9 maior hoje do que h\u00e1 cinco anos.<\/p>\n\n\n\n<p><strong>P.<\/strong>&nbsp;O senhor diz que gostaria de dispor de um invento m\u00e1gico que pudesse reconduzir o debate para um terreno mais construtivo e menos polarizado.&nbsp;<a href=\"https:\/\/brasil.elpais.com\/tecnologia\/2020-06-11\/fake-news-seguem-padroes-concretos-e-os-algoritmos-ja-conseguem-rastrea-los.html\" target=\"_blank\" rel=\"noreferrer noopener\">Os atuais gigantes tecnol\u00f3gicos t\u00eam muita responsabilidade<\/a>&nbsp;neste assunto. Queria saber sua opini\u00e3o sobre como seria poss\u00edvel regular esta conversa\u00e7\u00e3o global, infestada de not\u00edcias falsas. Quem pode regulament\u00e1-la, e como? Podemos confiar em uma autorregula\u00e7\u00e3o?<\/p>\n\n\n\n<p><strong>R<\/strong>. Alguns pa\u00edses imp\u00f5em restri\u00e7\u00f5es \u00e0 imprensa. Os Estados Unidos s\u00e3o o pa\u00eds mais liberal a respeito. Gra\u00e7as \u00e0 Primeira Emenda, podemos dizer e publicar loucuras,&nbsp;<a href=\"https:\/\/brasil.elpais.com\/internacional\/2021-02-11\/governo-ultranacionalista-da-polonia-aperta-o-cerco-contra-os-historiadores-do-holocausto.html\" target=\"_blank\" rel=\"noreferrer noopener\">como negar o Holocausto<\/a>, e n\u00e3o acontece nada. O entorno digital \u00e9 igual, e al\u00e9m do mais se aproveita da fraqueza humana. Lemos not\u00edcias que nos irritam e continuamos clicando em not\u00edcias ou mensagens que nos crispam ainda mais, e depois chegam as not\u00edcias falsas. Mas qual \u00e9 o papel das redes sociais na hora de bloquear certo tipo de discursos? \u00c9 um problema muito complicado, especialmente quando falamos de bons ou maus pol\u00edticos. Se voc\u00ea come\u00e7a restringindo esse tipo de discursos, quem terminar\u00e1 julgando o que vale ou n\u00e3o? Durante a pandemia, as redes sociais bloquearam not\u00edcias falsas geradas pelo movimento antivacinas, algo que agradeci muito, ao mesmo tempo em que respeitavam outros debates leg\u00edtimos sobre seus poss\u00edveis efeitos secund\u00e1rios, se estavam sendo realizados os ensaios necess\u00e1rios, e se dever\u00edamos confiar nelas ou n\u00e3o. Perguntar-se isto \u00e9 leg\u00edtimo, mas h\u00e1 muitas mentiras tamb\u00e9m. Acredito que, com este tema, as redes sociais est\u00e3o adquirindo um pouco de pr\u00e1tica na hora de impor limites. Algu\u00e9m com muita criatividade ter\u00e1 que nos ajudar a tra\u00e7ar a linha entre a comunica\u00e7\u00e3o aberta, da qual as democracias se beneficiam, e o fato de que haver algumas pessoas que n\u00e3o conseguem resistir na hora de clicar em not\u00edcias cada vez mais descabeladas.<\/p>\n\n\n\n<p><strong>P.<\/strong>&nbsp;Onde estava em 6 de janeiro?&nbsp;<a href=\"https:\/\/brasil.elpais.com\/internacional\/2021-01-07\/nas-redes-sociais-fazia-semanas-que-extremistas-falavam-em-ataque-ao-capitolio.html\" target=\"_blank\" rel=\"noreferrer noopener\">Acompanhou o ataque ao Capit\u00f3lio<\/a>?<\/p>\n\n\n\n<p>R. Sim. Quando era jovem, em 1972, trabalhei ali como mensageiro e conhe\u00e7o muito bem o edif\u00edcio. Vi o com\u00edcio inteiro de&nbsp;<a href=\"https:\/\/elpais.com\/noticias\/donald-trump\/\" target=\"_blank\" rel=\"noreferrer noopener\">Trump<\/a>&nbsp;e depois fiquei grudado na televis\u00e3o pelas 15 horas seguintes, at\u00e9 que foram certificados todos os votos da elei\u00e7\u00e3o de Biden, bem entrada a madrugada. Depois fui vendo todos esses v\u00eddeos que foram surgindo, nos quais se percebe com maior clareza como as pessoas invadiram o Capit\u00f3lio e como as coisas ficaram ruins. Foi horr\u00edvel. Estava grudado, nunca antes algo semelhante tinha nos ocorrido.<\/p>\n\n\n\n<figure class=\"wp-block-image\"><img data-recalc-dims=\"1\" decoding=\"async\" src=\"https:\/\/i0.wp.com\/imagens.brasil.elpais.com\/resizer\/wMv8qFXAg8KJbgeK293wIin16MY%3D\/768x0\/cloudfront-eu-central-1.images.arcpublishing.com\/prisa\/MHEVF6FEDZFCVFHMWSUEGROWBU.jpg?w=600&#038;ssl=1\" alt=\"\"\/><figcaption><strong>JOHN KEATLEY \/ EPS<\/strong><\/figcaption><\/figure>\n\n\n\n<p><strong>P.<\/strong>&nbsp;Acha que j\u00e1 foi superado?<\/p>\n\n\n\n<p><strong>R.&nbsp;<\/strong>[Pausa] Em grande medida, sim. Os Estados Unidos n\u00e3o s\u00e3o um pa\u00eds que tenha vivido muitas insurrei\u00e7\u00f5es e, embora ap\u00f3s o 6 de janeiro tenham sido tomadas medidas extremas de precau\u00e7\u00e3o em v\u00e1rias capitais e em Washington, e a Guarda Nacional tenha sido convocada, o fato \u00e9 que n\u00e3o houve muito mais. Por um lado, pode-se dizer que nossa democracia est\u00e1 em boa forma, mas tampouco esper\u00e1vamos toda aquela viol\u00eancia em 6 de janeiro. Vejo o copo meio cheio. A verdade \u00e9 que n\u00e3o sabemos se&nbsp;<a href=\"https:\/\/brasil.elpais.com\/noticias\/donald-trump\/\" target=\"_blank\" rel=\"noreferrer noopener\">Donald Trump<\/a>&nbsp;ter\u00e1 sido algo \u00fanico em nossa hist\u00f3ria,&nbsp;<a href=\"https:\/\/brasil.elpais.com\/internacional\/2021-02-05\/camara-dos-eua-expulsa-republicana-extremista-e-seguidora-do-qanon-de-comissoes.html\" target=\"_blank\" rel=\"noreferrer noopener\">ou um precursor do que est\u00e1 por vir<\/a>.<\/p>\n\n\n\n<p><strong>P.&nbsp;<\/strong>Esta pandemia nos obrigou a enfrentar a nossos medos: medo da morte, medo da doen\u00e7a \u2015nossa ou de seres queridos\u2015, a conviver com a incerteza sobre nosso trabalho, sobre nosso futuro. Como a afetou pessoalmente?<\/p>\n\n\n\n<p><strong>R<\/strong>. A pandemia faz todas as desigualdades piorarem. As minorias \u00e9tnicas sofrem mais economicamente, tamb\u00e9m adoecem e morrem mais. Inclusive no continente africano, onde o coronav\u00edrus n\u00e3o foi t\u00e3o letal, exceto na \u00c1frica do Sul, os efeitos sobre a d\u00edvida, a renda e a confian\u00e7a nos Governos demorar\u00e3o pelo menos cinco anos para voltarem aos n\u00edveis anteriores. \u00c0s vezes me sinto culpado porque o impacto na minha vida foi muito menos negativo: afinal de contas, apesar de n\u00e3o ter podido viajar, tenho uma boa conex\u00e3o \u00e0 Internet e fa\u00e7o trabalho de escrit\u00f3rio. Vi meus filhos mais do que o habitual, e suas aulas on-line foram boas, ent\u00e3o o d\u00e9ficit em sua educa\u00e7\u00e3o foi leve. N\u00e3o posso me queixar. H\u00e1 coisas que me fascinam: nos perguntamos se precisamos viajar tanto&nbsp;<a href=\"https:\/\/brasil.elpais.com\/brasil\/2020-05-06\/por-que-as-videoconferencias-nos-esgotam-psicologicamente.html\" target=\"_blank\" rel=\"noreferrer noopener\">ou ir ao escrit\u00f3rio para trabalhar.<\/a>&nbsp;Tudo isto nos for\u00e7ou a mudar. A Microsoft est\u00e1 trabalhando na melhora do Teams, h\u00e1 muita inova\u00e7\u00e3o a fazer no campo do software. Mas isso nos leva tamb\u00e9m a nos perguntarmos onde e como vamos construir nossas rela\u00e7\u00f5es pessoais, o que \u00e9 o que estamos perdendo, onde est\u00e1 o ponto de equil\u00edbrio\u2026 Na Funda\u00e7\u00e3o pudemos aplicar muito do nosso conhecimento em doen\u00e7as infecciosas, um campo que atualmente n\u00e3o recebe muita aten\u00e7\u00e3o dos pa\u00edses ricos. Como afirmo em minha carta anual, pela primeira vez a sa\u00fade global foi verdadeiramente global, e n\u00e3o apenas um problema dos pa\u00edses em desenvolvimento.<\/p>\n\n\n\n<p>Entristece-me que n\u00e3o se tenha feito caso dos alertas sobre a pandemia, mas agora o mundo saber\u00e1 agir corretamente na pr\u00f3xima.&nbsp;<a href=\"https:\/\/brasil.elpais.com\/brasil\/2020\/12\/22\/eps\/1608637752_983427.html\" target=\"_blank\" rel=\"noreferrer noopener\">Foi um ano muit\u00edssimo peculiar,<\/a>&nbsp;que tamb\u00e9m nos trouxe benef\u00edcios, como a t\u00e9cnica do RNAm, que poderemos usar em muitas outras doen\u00e7as infecciosas. Assim, apesar de ter sido t\u00e3o triste em geral, podemos aproveitar as inova\u00e7\u00f5es que vieram \u00e0 luz.<\/p>\n","protected":false},"excerpt":{"rendered":"<p>Ele costuma estar certo em suas previs\u00f5es e considera que temos pouco tempo: apenas tr\u00eas d\u00e9cadas para reduzir a zero as emiss\u00f5es de gases de efeito estufa. Do contr\u00e1rio, sofreremos. Atordoado com as mentiras e supostas conspira\u00e7\u00f5es que surgiram durante a pandemia e preocupado com a polariza\u00e7\u00e3o social, Bill Gates acredita que ainda podemos salvar&#8230;<a class=\"more-link\" href=\"http:\/\/blogdalucianaoliveira.com.br\/blog\/2021\/02\/16\/a-mudanca-climatica-tera-efeitos-muito-piores-que-a-pandemia\/\">Continue a leitura <span class=\"meta-nav\">&raquo;<\/span><\/a><\/p>\n","protected":false},"author":1,"featured_media":0,"comment_status":"closed","ping_status":"open","sticky":false,"template":"","format":"standard","meta":{"_exactmetrics_skip_tracking":false,"_exactmetrics_sitenote_active":false,"_exactmetrics_sitenote_note":"","_exactmetrics_sitenote_category":0,"jetpack_post_was_ever_published":false,"_jetpack_newsletter_access":"","_jetpack_dont_email_post_to_subs":false,"_jetpack_newsletter_tier_id":0,"_jetpack_memberships_contains_paywalled_content":false,"_jetpack_memberships_contains_paid_content":false,"footnotes":"","jetpack_publicize_message":"","jetpack_publicize_feature_enabled":true,"jetpack_social_post_already_shared":true,"jetpack_social_options":{"image_generator_settings":{"template":"highway","enabled":false},"version":2}},"categories":[1],"tags":[],"class_list":["post-30921","post","type-post","status-publish","format-standard","hentry","category-notas"],"jetpack_publicize_connections":[],"jetpack_sharing_enabled":true,"jetpack_featured_media_url":"","jetpack_shortlink":"https:\/\/wp.me\/p7wKYW-82J","jetpack-related-posts":[],"_links":{"self":[{"href":"http:\/\/blogdalucianaoliveira.com.br\/blog\/wp-json\/wp\/v2\/posts\/30921","targetHints":{"allow":["GET"]}}],"collection":[{"href":"http:\/\/blogdalucianaoliveira.com.br\/blog\/wp-json\/wp\/v2\/posts"}],"about":[{"href":"http:\/\/blogdalucianaoliveira.com.br\/blog\/wp-json\/wp\/v2\/types\/post"}],"author":[{"embeddable":true,"href":"http:\/\/blogdalucianaoliveira.com.br\/blog\/wp-json\/wp\/v2\/users\/1"}],"replies":[{"embeddable":true,"href":"http:\/\/blogdalucianaoliveira.com.br\/blog\/wp-json\/wp\/v2\/comments?post=30921"}],"version-history":[{"count":1,"href":"http:\/\/blogdalucianaoliveira.com.br\/blog\/wp-json\/wp\/v2\/posts\/30921\/revisions"}],"predecessor-version":[{"id":30923,"href":"http:\/\/blogdalucianaoliveira.com.br\/blog\/wp-json\/wp\/v2\/posts\/30921\/revisions\/30923"}],"wp:attachment":[{"href":"http:\/\/blogdalucianaoliveira.com.br\/blog\/wp-json\/wp\/v2\/media?parent=30921"}],"wp:term":[{"taxonomy":"category","embeddable":true,"href":"http:\/\/blogdalucianaoliveira.com.br\/blog\/wp-json\/wp\/v2\/categories?post=30921"},{"taxonomy":"post_tag","embeddable":true,"href":"http:\/\/blogdalucianaoliveira.com.br\/blog\/wp-json\/wp\/v2\/tags?post=30921"}],"curies":[{"name":"wp","href":"https:\/\/api.w.org\/{rel}","templated":true}]}}