{"id":30927,"date":"2021-02-17T10:41:53","date_gmt":"2021-02-17T14:41:53","guid":{"rendered":"http:\/\/blogdalucianaoliveira.com.br\/blog\/?p=30927"},"modified":"2021-02-17T10:50:57","modified_gmt":"2021-02-17T14:50:57","slug":"supremo-manda-prender-deputado-daniel-silveira-e-lira-tem-primeiro-teste-institucional-na-camara","status":"publish","type":"post","link":"http:\/\/blogdalucianaoliveira.com.br\/blog\/2021\/02\/17\/supremo-manda-prender-deputado-daniel-silveira-e-lira-tem-primeiro-teste-institucional-na-camara\/","title":{"rendered":"&#8216;Le\u00e3o na jaula&#8217;: como anda a vida do ex-presidente Lula, segundo amigos pr\u00f3ximos"},"content":{"rendered":"\n<figure class=\"wp-block-image\"><img data-recalc-dims=\"1\" decoding=\"async\" src=\"https:\/\/i0.wp.com\/ichef.bbci.co.uk\/news\/640\/cpsprodpb\/11AA6\/production\/_116985327_065312279-1.jpg?w=600&#038;ssl=1\" alt=\"Lula\"\/><\/figure>\n\n\n\n<p><strong>Um le\u00e3o dentro da jaula. Essa \u00e9 a imagem que um amigo pr\u00f3ximo escolhe para descrever o atual estado de esp\u00edrito do ex-presidente Luiz In\u00e1cio Lula da Silva.<\/strong><\/p>\n\n\n\n<!--more-->\n\n\n\n<p>Thais Carran\u00e7a, da BBC News Brasil em S\u00e3o Paulo<\/p>\n\n\n\n<p>&#8220;Ele ficou confinado l\u00e1 em Curitiba mais de 500 dias. Depois vem a pandemia, fica confinado em casa. Vai para Cuba, pega covid, fica confinado em Cuba&#8221;, diz esse amigo.<\/p>\n\n\n\n<p>&#8220;Ele n\u00e3o aguenta mais o confinamento, est\u00e1 louco para ver gente. Ele \u00e9 o tipo de ser humano para quem o contato com as pessoas \u00e9 essencial. Est\u00e1 louco para tomar a vacina, para poder voltar a ter mobilidade&#8221;, conta o confidente, que prefere falar sob anonimato, pois afirma n\u00e3o ter a pretens\u00e3o de ser um &#8220;int\u00e9rprete&#8221; do ex-presidente.<\/p>\n\n\n\n<p>Diante da expectativa de retomada do julgamento no Supremo Tribunal Federal (STF) sobre a suspei\u00e7\u00e3o do ex-juiz da Lava Jato Sergio Moro no caso do tr\u00edplex do Guaruj\u00e1, a BBC News Brasil ouviu nos \u00faltimos dias seis pessoas pr\u00f3ximas ao ex-presidente.<\/p>\n\n\n\n<p>Entre elas, est\u00e3o o ex-presidente e atual diretor do Instituto Lula, Paulo Okamotto; o senador Jaques Wagner (PT-BA); o deputado federal e ex-ministro da Sa\u00fade Alexandre Padilha (PT-SP) e o advogado Cristiano Zanin Martins, defensor do ex-presidente no Supremo. Outras duas pessoas prefeririam n\u00e3o ter seus nomes citados.<br><\/p>\n\n\n\n<p>Segundo essas pessoas do c\u00edrculo \u00edntimo de Lula, ele n\u00e3o acredita que poder\u00e1 concorrer \u00e0 Presid\u00eancia em 2022, apesar de ainda nutrir o desejo de ser candidato.<\/p>\n\n\n\n<p>&#8220;O que ele tem repetido para algumas pessoas no particular \u00e9 que n\u00e3o tem como desfazerem o mal que fizeram. A mentira foi t\u00e3o grande, que fica dif\u00edcil voltar atr\u00e1s&#8221;, afirma uma das pessoas que optou pelo anonimato. &#8220;Voltar atr\u00e1s e deixar o Lula readquirir os direitos pol\u00edticos dele seria muito dif\u00edcil, porque eles iriam se desmoralizar.&#8221;<\/p>\n\n\n\n<p>Al\u00e9m da expectativa do ex-presidente quanto ao julgamento no STF e quanto ao futuro do PT nas elei\u00e7\u00f5es de 2022, esse c\u00edrculo de pessoas pr\u00f3ximas relata como Lula tem passado os dias; por que desistiu por enquanto de se mudar para a Bahia; por que decidiu viajar para Cuba mesmo em meio \u00e0 pandemia; e o que tem pensando sobre o governo Jair Bolsonaro (sem partido) e a atua\u00e7\u00e3o da oposi\u00e7\u00e3o diante do avan\u00e7o da extrema-direita.<\/p>\n\n\n\n<p>Lula deixou a pris\u00e3o em novembro de 2019, ap\u00f3s 580 dias, beneficiado por uma decis\u00e3o do STF que reconheceu o direito de r\u00e9us condenados a responderem em liberdade at\u00e9 o \u00faltimo recurso. Condenado em duas inst\u00e2ncias no caso do tr\u00edplex no Guaruj\u00e1, no \u00e2mbito da Opera\u00e7\u00e3o Lava Jato, ele cumpria pena de 8 anos, 10 meses e 20 dias.<\/p>\n\n\n\n<p>No caso do s\u00edtio de Atibaia (SP), o TRF-4 (Tribunal Regional Federal da 4\u00aa Regi\u00e3o) condenou o ex-presidente em segunda inst\u00e2ncia a 17 anos, 1 m\u00eas e 10 dias de pris\u00e3o, pela acusa\u00e7\u00e3o de ter sido benefici\u00e1rio de reformas pagas por empreiteiras que obtiveram vantagens indevidas em contratos com a Petrobras.<\/p>\n\n\n\n<figure class=\"wp-block-image\"><img data-recalc-dims=\"1\" decoding=\"async\" src=\"https:\/\/i0.wp.com\/ichef.bbci.co.uk\/news\/640\/cpsprodpb\/7170\/production\/_117004092_lula.jpg.jpg?w=600&#038;ssl=1\" alt=\"Lula e sua namorada\"\/><figcaption>Legenda da foto,Lula est\u00e1 morando com sua namorada, Janja<\/figcaption><\/figure>\n\n\n\n<h2 class=\"wp-block-heading\" id=\"Janja-e-a-cadela-Resist\u00eancia-\">Janja e a cadela Resist\u00eancia<\/h2>\n\n\n\n<p>Aos 75 anos, Lula mora atualmente em S\u00e3o Bernardo do Campo, na Grande S\u00e3o Paulo, mas n\u00e3o mais no apartamento que dividiu durante anos com sua segunda esposa, Marisa Let\u00edcia, morta em fevereiro de 2017, aos 66 anos.<\/p>\n\n\n\n<p>&#8220;Ele mora numa casa que era usada antigamente pelos seguran\u00e7as dele. Depois que ficou junto com a Janja, eles nunca ficaram no apartamento em que ele morou com a Marisa&#8221;, conta um dos amigos do ex-presidente.<\/p>\n\n\n\n<p>Janja \u00e9 o apelido da soci\u00f3loga Ros\u00e2ngela da Silva, 54, noiva do ex-presidente.<\/p>\n\n\n\n<p>O relacionamento entre os dois se tornou p\u00fablico em maio de 2019, quando o economista e ex-ministro da Fazenda Luiz Carlos Bresser-Pereira \u2014 no que foi considerado por muitos como uma indiscri\u00e7\u00e3o \u2014 revelou, ap\u00f3s visitar Lula na pris\u00e3o, que o ex-presidente estava apaixonado e pretendia se casar ao deixar o c\u00e1rcere.<\/p>\n\n\n\n<p>Na casa t\u00e9rrea, no mesmo bairro de seu antigo apartamento, Lula e Janja moram com tr\u00eas cachorros vira-latas. A mais famosa \u00e9 a cadela Resist\u00eancia, adotada filhote por metal\u00fargicos do ABC que participaram da &#8220;Vig\u00edlia Lula Livre&#8221;, acampamento que durou todos os 580 dias da pris\u00e3o do ex-presidente em Curitiba.<\/p>\n\n\n\n<p>&#8220;Lembro da Resist\u00eancia filhotinha. Os metal\u00fargicos do ABC ficaram com ela um temp\u00e3o, at\u00e9 que, um belo dia, a Janja, que ainda n\u00e3o era conhecida, resolveu adot\u00e1-la&#8221;, conta uma das pessoas pr\u00f3ximas a Lula.<\/p>\n\n\n\n<p>&#8220;O presidente dizia sempre que, quando sa\u00edsse da pris\u00e3o, ele ia levar a Resist\u00eancia junto. E de fato levou. Ele gosta muito de cachorro. \u00c0s vezes nas lives e entrevistas, d\u00e1 para ouvir os cachorros latindo.&#8221;<\/p>\n\n\n\n<figure class=\"wp-block-image\"><img data-recalc-dims=\"1\" decoding=\"async\" src=\"https:\/\/i0.wp.com\/ichef.bbci.co.uk\/news\/640\/cpsprodpb\/2350\/production\/_117004090_resitencia.jpg?w=600&#038;ssl=1\" alt=\"Focinho de uma cachorra pequena e marrom, peluda\"\/><figcaption>Legenda da foto,Cachorrinha Resist\u00eancia foi adotada por Janja<\/figcaption><\/figure>\n\n\n\n<h2 class=\"wp-block-heading\" id=\"Exerc\u00edcios-f\u00edsicos-e-rotina-de-lives-no-computador-\">Exerc\u00edcios f\u00edsicos e rotina de &#8216;lives&#8217; no computador<\/h2>\n\n\n\n<p>Segundo os amigos, um dia t\u00edpico do ex-presidente come\u00e7a com exerc\u00edcios f\u00edsicos. Em geral, ele se exercita em casa mesmo, mas \u00e0s vezes vai a uma academia de amigos, onde consegue treinar com aparelhos sem a presen\u00e7a de outras pessoas.<\/p>\n\n\n\n<p>&#8220;Ele tem uma esteira e faz exerc\u00edcios f\u00edsicos regularmente. Na Presid\u00eancia ele j\u00e1 fazia, mas depois dela, come\u00e7ou a se cuidar mais, tamb\u00e9m por causa do c\u00e2ncer&#8221;, diz um amigo dele. &#8220;Ele costuma dizer \u2014 e n\u00e3o \u00e9 mentira \u2014 que corre 9 km por dia. E ele corre mesmo.&#8221;<\/p>\n\n\n\n<p>Lula foi diagnosticado com um c\u00e2ncer de laringe em 2011. Em mar\u00e7o do ano seguinte, foi considerado curado pela equipe de m\u00e9dicos do Hospital S\u00edrio-Liban\u00eas. Desde ent\u00e3o, faz acompanhamento regular para assegurar que n\u00e3o h\u00e1 retorno da doen\u00e7a.<\/p>\n\n\n\n<p>Ap\u00f3s os exerc\u00edcios, o dia do ex-presidente \u00e9 ocupado principalmente por videoconfer\u00eancias e conversas por telefone. Fala com amigos, lideran\u00e7as do PT, sindicalistas e militantes de movimentos sociais, em grupos ou individualmente. Sem celular pr\u00f3prio e com pouca intimidade com as novas tecnologias, depende da ajuda de assessores e de seus seguran\u00e7as.<\/p>\n\n\n\n<p>&#8220;O presidente nunca gostou de computador, de celular. Era uma coisa muito estranha o computador na vida dele, ele n\u00e3o usava. Mas, com a pandemia, ele come\u00e7ou a fazer muita reuni\u00e3o pelo computador e passou a dizer &#8216;as minhas brigas, que antes eram na porta de f\u00e1brica, depois foram nas ruas, agora s\u00e3o pelo computador&#8217;. Mas ele fala da vacina toda hora, quer tomar vacina, porque n\u00e3o aguenta mais ficar no computador, isso est\u00e1 sufocando ele.&#8221;<\/p>\n\n\n\n<h2 class=\"wp-block-heading\" id=\"Sonho-de-morar-na-Bahia-adiado-\">Sonho de morar na Bahia adiado<\/h2>\n\n\n\n<p>No ano passado, not\u00edcias davam conta de que Lula tinha planos de se mudar para a Bahia \u2014 Estado onde o petista Fernando Haddad venceu nas elei\u00e7\u00f5es de 2018, com mais de 72% dos votos no segundo turno, contra pouco mais de 27% para o presidente eleito Jair Bolsonaro.<\/p>\n\n\n\n<p>Quase que instantaneamente, come\u00e7aram a circular informa\u00e7\u00f5es falsas, como a de que ele teria comprado uma mans\u00e3o em Lauro de Freitas, cidade no litoral pr\u00f3xima a Salvador. Ou de que iria morar no mesmo condom\u00ednio em que vive Em\u00edlio Odebrecht, patriarca da construtora que foi uma das piv\u00f4s do esc\u00e2ndalo de corrup\u00e7\u00e3o da Lava Jato.<\/p>\n\n\n\n<p>&#8220;Pelo menos por enquanto, ele suspendeu o projeto. Realmente ele queria vir passar um ano, mas foi atrasando, a\u00ed foi para Cuba e voltou. Acredito que ele ainda pensa em passar um tempo aqui, mas por ora esse plano est\u00e1 suspenso&#8221;, diz o senador Jaques Wagner, que j\u00e1 foi governador da Bahia e ministro da Defesa, da Casa Civil e chefe do Gabinete da Presid\u00eancia durante o governo Dilma Rousseff (PT).<\/p>\n\n\n\n<p>&#8220;Ele tem um desejo de ter sossego, de poder passar um tempo tranquilo. \u00c9 um sonho dele e da Janja tamb\u00e9m&#8221;, conta um outro amigo. &#8220;Eles chegaram a analisar a hip\u00f3tese de morar na Bahia. Come\u00e7aram a ver casa l\u00e1 e imediatamente vieram as &#8216;fake news&#8217;, botando no ar um monte de casas chiques que ele supostamente iria alugar. Ele ficou muito chateado com a confus\u00e3o toda que deu em torno disso. Mais a dificuldade da pandemia, e eles acabaram adiando esse desejo.&#8221;<\/p>\n\n\n\n<figure class=\"wp-block-image\"><img data-recalc-dims=\"1\" decoding=\"async\" src=\"https:\/\/i0.wp.com\/ichef.bbci.co.uk\/news\/640\/cpsprodpb\/10638\/production\/_110082176_lula2.png?w=600&#038;ssl=1\" alt=\"Lula durante discurso\"\/><figcaption>Legenda da foto,Lula n\u00e3o mora mais em seu apartamento em S\u00e3o Bernardo<\/figcaption><\/figure>\n\n\n\n<h2 class=\"wp-block-heading\" id=\"Viagem-para-Cuba-e-covid19-\">Viagem para Cuba e covid-19<\/h2>\n\n\n\n<p>Esse mesmo desejo de um per\u00edodo de sossego foi um dos fatores que levou Lula a viajar para Cuba, mesmo em meio \u00e0 piora da pandemia no Brasil. Novamente, o ex-presidente teve seu plano frustrado, ao ser diagnosticado com covid-19 logo nos primeiros dias de viagem.<\/p>\n\n\n\n<p>&#8220;Havia h\u00e1 muito tempo um convite insistente do governo cubano e havia um convite do cineasta Oliver Stone para que eles gravassem l\u00e1 um document\u00e1rio&#8221;, conta uma das pessoas do c\u00edrculo de Lula.<\/p>\n\n\n\n<p>&#8220;Como em Cuba a quest\u00e3o da covid est\u00e1 bastante sob controle, era uma forma tamb\u00e9m de ele dar uma fugida, dar uma descansada. O sonho dele \u00e9 que ele iria l\u00e1, iria gravar o document\u00e1rio, ia ter contato com as autoridades cubanas e depois ia ficar numa praia descansando, ter uns dias de repouso. Acontece que eles chegaram no dia 22 de dezembro e, no dia 26, no segundo exame que fizeram, constatou-se a covid, a\u00ed acabou.&#8221;<\/p>\n\n\n\n<p>Das 9 pessoas que acompanhavam Lula na comitiva \u00e0 Cuba, somente 1 n\u00e3o se infectou.<\/p>\n\n\n\n<p>O \u00fanico que precisou ser internado foi o escritor Fernando Morais, bi\u00f3grafo de Olga Ben\u00e1rio, Paulo Coelho e Assis Chateaubriand, que trabalha atualmente num livro sobre o ex-presidente. O primeiro volume da obra (ser\u00e3o dois no total) tem previs\u00e3o de lan\u00e7amento esse ano pela Companhia das Letras no Brasil e pela Penguin nos Estados Unidos e Reino Unido.<\/p>\n\n\n\n<p>O ex-ministro da Sa\u00fade e atual deputado federal Alexandre Padilha tem acompanhando de perto o estado de sa\u00fade de Lula.<\/p>\n\n\n\n<p>&#8220;Ele est\u00e1 super bem&#8221;, diz Padilha, que \u00e9 m\u00e9dico formado pela Universidade Estadual de Campinas (Unicamp), com especializa\u00e7\u00e3o em infectologia pela Universidade de S\u00e3o Paulo (USP). &#8220;Ele chegou a ter les\u00e3o pulmonar, mas antes de sair de Cuba, uma tomografia j\u00e1 mostrava que havia melhorado. Desde ent\u00e3o, ele fez outros exames aqui no Brasil e est\u00e1 tudo absolutamente normal.&#8221;<\/p>\n\n\n\n<p>&#8220;A coisa da covid certamente foi algu\u00e9m da equipe que j\u00e1 estava infectado, pelo tempo do diagn\u00f3stico quando eles chegaram em Cuba&#8221;, avalia o ex-ministro. &#8220;A viagem tinha sido programada em outubro, quando internacionalmente tinha havido uma redu\u00e7\u00e3o dos casos. Eles seguiram todos os protocolos de viagem internacional, foram de avi\u00e3o fretado pela produ\u00e7\u00e3o, colheram exames antes e achavam que isso era suficiente. Fica claro que n\u00e3o \u00e9.&#8221;<\/p>\n\n\n\n<p>Quanto \u00e0 interna\u00e7\u00e3o depois da volta de Cuba devido a uma infec\u00e7\u00e3o bacteriana, Padilha afirma que n\u00e3o h\u00e1 rela\u00e7\u00e3o com o coronav\u00edrus.<\/p>\n\n\n\n<p>&#8220;No s\u00e1bado (6\/2), ele teve um epis\u00f3dio intestinal e uma tremedeira, por isso o quadro foi registrado como uma bacteremia. No pronto-socorro, j\u00e1 come\u00e7ou com antibi\u00f3tico. S\u00f3 ficou internado at\u00e9 ter\u00e7a-feira (9\/2) porque a equipe m\u00e9dica queria ver se identificava o crescimento da bact\u00e9ria no sangue, para mudar a medica\u00e7\u00e3o que seria administrada em casa. Como isso n\u00e3o aconteceu, se manteve o medicamento que estava usando no hospital.&#8221;<\/p>\n\n\n\n<h2 class=\"wp-block-heading\" id=\"Julgamento-no-STF-e-elei\u00e7\u00f5es-de-2022-\">Julgamento no STF e elei\u00e7\u00f5es de 2022<\/h2>\n\n\n\n<p>Ao menos tr\u00eas das pessoas do c\u00edrculo pessoal de Lula t\u00eam uma mesma avalia\u00e7\u00e3o: a de que o ex-presidente n\u00e3o acredita que ir\u00e1 recuperar seus direitos pol\u00edticos para poder concorrer novamente \u00e0 Presid\u00eancia em 2022.<\/p>\n\n\n\n<p>O STF deve retomar ainda esse semestre o julgamento da a\u00e7\u00e3o em que a defesa de Lula pede a anula\u00e7\u00e3o da condena\u00e7\u00e3o no caso do tr\u00edplex do Guaruj\u00e1, alegando parcialidade do juiz Sergio Moro. O julgamento teve in\u00edcio em dezembro de 2018, mas foi interrompido por um pedido de vista do ministro Gilmar Mendes.<\/p>\n\n\n\n<p>Quando foi suspenso, o placar somava dois votos contr\u00e1rios \u00e0 defesa de Lula, do relator Edson Fachin e da ministra C\u00e1rmen L\u00facia.<\/p>\n\n\n\n<p>Em um desdobramento recente, o STF permitiu \u00e0 defesa de Lula ter acesso integral \u00e0s mensagens hackeadas de celulares dos procuradores da Lava Jato, apreendidas pela Opera\u00e7\u00e3o Spoofing da Pol\u00edcia Federal.<\/p>\n\n\n\n<p>O advogado Cristiano Zanin Martins afirma, no entanto, que o acesso ao material n\u00e3o alterou a estrat\u00e9gia da defesa de Lula.<\/p>\n\n\n\n<p>&#8220;N\u00e3o pretendemos adicionar nenhum conte\u00fado ao habeas corpus, porque o nosso objetivo \u00e9 que ele seja efetivamente julgado num futuro pr\u00f3ximo, at\u00e9 porque sobre ele incidem dispositivos legais e regimentais que d\u00e3o prioridade&#8221;, afirma o advogado.<\/p>\n\n\n\n<p>&#8220;Seja porque o ex-presidente Lula \u00e9 maior de 60 anos, seja porque o habeas corpus por natureza \u00e9 uma a\u00e7\u00e3o de rito c\u00e9lere, seja porque \u00e9 um caso cujo julgamento j\u00e1 foi iniciado em 2018 e precisa ser conclu\u00eddo pelo Supremo&#8221;, completa Zanin Martins.<\/p>\n\n\n\n<p>Em entrevista ao portal UOL na semana passada, o ministro Gilmar Mendes explicou que, mesmo que o habeas corpus referente \u00e0 condena\u00e7\u00e3o do tr\u00edplex do Guaruj\u00e1 seja concedido pelo STF, Lula ainda n\u00e3o ser\u00e1 considerado ficha limpa, pois foi condenado tamb\u00e9m pelo caso do s\u00edtio de Atibaia.<\/p>\n\n\n\n<p>&#8220;Ele pessoalmente \u00e9 muito c\u00e9tico [com rela\u00e7\u00e3o ao julgamento do STF]. \u00c9 uma pessoa muito tarimbada, n\u00e3o alimenta ilus\u00f5es&#8221;, diz Paulo Okamotto, que participou da funda\u00e7\u00e3o do Instituto Lula e foi presidente da institui\u00e7\u00e3o desde sua funda\u00e7\u00e3o, em 2011, at\u00e9 o ano passado. Hoje, \u00e9 diretor do instituto.<\/p>\n\n\n\n<p>&#8220;Quem \u00e9 muito mais otimista s\u00e3o as pessoas que vivem no entorno dele, que acham que uma hora a verdade vai chegar, que cada dia vai ficando mais claro que houve uma farsa.&#8221;<\/p>\n\n\n\n<p>Essa tamb\u00e9m \u00e9 a avalia\u00e7\u00e3o de um amigo de Lula que optou pelo anonimato. &#8220;Ele \u00e9 muito c\u00e9tico em rela\u00e7\u00e3o \u00e0 situa\u00e7\u00e3o dele, de ter a possibilidade de ser candidato e ter os direitos pol\u00edticos devolvidos. Por isso ele procura estimular o Haddad, para que haja uma alternativa, embora ele mantenha profundamente o desejo de voltar a ser candidato.&#8221;<\/p>\n\n\n\n<p>&#8220;Ent\u00e3o ele vive uma contradi\u00e7\u00e3o permanente, que o deixa muito chateado, porque, de um lado, ele quer muito [ser candidato], de outro lado, ele sabe que \u00e9 muito dif\u00edcil que o sistema permita isso&#8221;, completa. &#8220;Ele acredita que a suspei\u00e7\u00e3o do Moro pode ser feita de tal modo que n\u00e3o o libere para ser candidato, em fun\u00e7\u00e3o do outro processo da ch\u00e1cara [de Atibaia].&#8221;<\/p>\n\n\n\n<h2 class=\"wp-block-heading\" id=\"Haddad-\u00e0-beira-da-piscina-e-o-le\u00e3o-dentro-da-jaula-\">Haddad \u00e0 beira da piscina e o &#8216;le\u00e3o dentro da jaula&#8217;<\/h2>\n\n\n\n<p>&#8220;Lula ent\u00e3o se equilibra entre o grande desejo de ser [candidato] e o realismo. A\u00ed a preocupa\u00e7\u00e3o dele \u00e9 que o PT cres\u00e7a, tenha for\u00e7a, seja protagonista. Ele fica muito angustiado com isso. E cobra muito do PT uma a\u00e7\u00e3o mais efetiva, mais mobilizadora. E cobra tamb\u00e9m do Fernando Haddad. Por isso ele teve uma conversa com o Haddad, que foi como um empurr\u00e3o, tipo &#8216;pula na piscina, n\u00e3o fica enrolando'&#8221;, relata esse amigo.<\/p>\n\n\n\n<figure class=\"wp-block-image\"><img data-recalc-dims=\"1\" decoding=\"async\" src=\"https:\/\/i0.wp.com\/ichef.bbci.co.uk\/news\/640\/cpsprodpb\/17EC4\/production\/_109588979_livre.jpg?w=600&#038;ssl=1\" alt=\"Lula deixa a pris\u00e3o\"\/><figcaption>Legenda da foto,Haddad esteve ao lado de Lula quando o ex-presidente deixou a pris\u00e3o<\/figcaption><\/figure>\n\n\n\n<p>Apesar disso, o ex-prefeito de S\u00e3o Paulo e candidato derrotado \u00e0 Presid\u00eancia pelo PT em 2018 tem mantido postura amb\u00edgua. Em entrevista ao site Brasil 247 no in\u00edcio de fevereiro, Haddad relatou a conversa com Lula.<\/p>\n\n\n\n<p>&#8220;Ele [Lula] me chamou para uma conversa no \u00faltimo s\u00e1bado (30\/1) e disse que n\u00e3o temos mais tempo para esperar. Ele me pediu para colocar o bloco na rua e eu aceitei&#8221;, disse Haddad.<\/p>\n\n\n\n<p>Dias depois, no entanto, em entrevista ao UOL, o ex-prefeito voltou a dizer que seu candidato nas pr\u00f3ximas elei\u00e7\u00f5es \u00e9 Lula. &#8220;Em 2018 [meu candidato] era o Lula e em 2022 continua sendo&#8221;, disse Haddad.<\/p>\n\n\n\n<p>Esse mesmo amigo do ex-presidente tenta explicar a ambiguidade. &#8220;\u00c9 por conta do respeito do Fernando a essa contradi\u00e7\u00e3o vivida pelo Lula. Porque ele sabe que o Lula, tendo condi\u00e7\u00f5es, adoraria ser [candidato]&#8221;, afirma. &#8220;Acredito que agora, assim que ele [Lula] receba a vacina, vai organizar um roteiro de viagem pelo pa\u00eds, ele quer muito isso. Ele est\u00e1 muito \u2014 para usar uma express\u00e3o popular \u2014 de saco cheio de ficar parado. Isso deixa ele como um le\u00e3o dentro da jaula.&#8221;<\/p>\n\n\n\n<p>Segundo o quadro do PT, Lula avalia que o resultado em 2022 pode ser diferente, ainda que o candidato do partido seja o mesmo de 2018.<\/p>\n\n\n\n<p>&#8220;Ele [Lula] acha que pode. Primeiro, porque o Haddad ter\u00e1 condi\u00e7\u00f5es de fazer uma campanha muito mais ampla, com mais tempo. Mas, sobretudo, com a costura de uma alian\u00e7a mais ampla com a centro-esquerda. Ele trabalha muito a necessidade de essa alian\u00e7a ser constru\u00edda.&#8221;<\/p>\n\n\n\n<figure class=\"wp-block-image\"><img data-recalc-dims=\"1\" decoding=\"async\" src=\"https:\/\/i0.wp.com\/ichef.bbci.co.uk\/news\/640\/cpsprodpb\/4952\/production\/_117007781_7f05d0e6-0e6a-4129-bbfc-7fadb2689eba.png?w=600&#038;ssl=1\" alt=\"O ex-presidente Lula\"\/><figcaption>Legenda da foto,Lula fez uma live no anivers\u00e1rio do PT<\/figcaption><\/figure>\n\n\n\n<h2 class=\"wp-block-heading\" id=\"Governo-Bolsonaro-e-a-oposi\u00e7\u00e3o-\">Governo Bolsonaro e a oposi\u00e7\u00e3o<\/h2>\n\n\n\n<p>Lula n\u00e3o tem medido palavras para criticar o governo Jair Bolsonaro. Em sua mais recente fala p\u00fablica, durante evento online em comemora\u00e7\u00e3o aos 41 anos do PT, no dia 10 de fevereiro, criticou o que considera uma &#8220;destrui\u00e7\u00e3o&#8221; de conquistas hist\u00f3ricas pela atual gest\u00e3o.<\/p>\n\n\n\n<p>&#8220;Eu digo sempre que, para construir uma conquista, para construir uma obra, voc\u00ea demora anos e anos. Para destruir, voc\u00ea destr\u00f3i num dia. E eles est\u00e3o conseguindo destruir, est\u00e3o conseguindo desmontar, em poucos meses, aquilo que foi constru\u00eddo em muitos anos.&#8221;<\/p>\n\n\n\n<p>O ex-presidente mencionou ainda a falta de rea\u00e7\u00e3o da oposi\u00e7\u00e3o. &#8220;Muitas vezes, n\u00f3s n\u00e3o estamos conseguindo reagir. H\u00e1 um certo &#8216;anestesiamento&#8217; na sociedade brasileira&#8221;, disse.<\/p>\n\n\n\n<p>Um amigo de Lula conta que o ex-presidente tem uma rea\u00e7\u00e3o muito emocional ao ambiente criado pelo atual governo. &#8220;Ele sente muito a maneira como o pa\u00eds deixou de ser um lugar alegre, otimista, com certo grau de fraternidade, para essa coisa do \u00f3dio de agora. Ele n\u00e3o consegue entender como isso foi acontecer e d\u00f3i muito para ele isso.&#8221;<\/p>\n\n\n\n<p>Segundo esse amigo, Lula avalia que os meios de comunica\u00e7\u00e3o tiveram papel relevante para o pa\u00eds chegar \u00e0 situa\u00e7\u00e3o atual. &#8220;Quando ele ataca a Globo, por exemplo, ele simboliza na Globo os meios de comunica\u00e7\u00e3o que, na vis\u00e3o dele, criaram no pa\u00eds um clima que levou o povo a fazer essa escolha [de eleger Bolsonaro]. Ele \u00e9 muito severo em rela\u00e7\u00e3o aos partidos e aos setores de comunica\u00e7\u00e3o que criaram no pa\u00eds um clima onde valia tudo contra o PT.&#8221;<\/p>\n\n\n\n<p>Por fim, o petista relata a afli\u00e7\u00e3o do ex-presidente quanto \u00e0 falta de rea\u00e7\u00e3o da sociedade.<\/p>\n\n\n\n<p>&#8220;Ele tem um sentimento quase de desespero, em rela\u00e7\u00e3o \u00e0 despropor\u00e7\u00e3o que existe entre o que est\u00e1 acontecendo \u2014 por exemplo, as mortes em Manaus, as mortes no pa\u00eds todo, a volta da fome \u2014 e a nossa capacidade de reagir. Ele n\u00e3o se conforma com a quase naturaliza\u00e7\u00e3o dos absurdos que est\u00e3o acontecendo.&#8221;<\/p>\n\n\n\n<p>&#8220;A\u00ed cabe de novo a figura do le\u00e3o preso numa jaula. N\u00e3o poder se movimentar \u00e9 uma coisa muito dura para ele. Por isso tenho certeza de que, assim que for poss\u00edvel, ele vai sair feito um doido pelo pa\u00eds afora. Para tentar levantar o povo. Porque ele sabe que s\u00f3 a mobiliza\u00e7\u00e3o do povo vai segurar essa situa\u00e7\u00e3o.&#8221;<\/p>\n\n\n\n<p><br><\/p>\n","protected":false},"excerpt":{"rendered":"<p>Um le\u00e3o dentro da jaula. Essa \u00e9 a imagem que um amigo pr\u00f3ximo escolhe para descrever o atual estado de esp\u00edrito do ex-presidente Luiz In\u00e1cio Lula da Silva.<\/p>\n","protected":false},"author":1,"featured_media":0,"comment_status":"closed","ping_status":"open","sticky":false,"template":"","format":"standard","meta":{"_exactmetrics_skip_tracking":false,"_exactmetrics_sitenote_active":false,"_exactmetrics_sitenote_note":"","_exactmetrics_sitenote_category":0,"jetpack_post_was_ever_published":false,"_jetpack_newsletter_access":"","_jetpack_dont_email_post_to_subs":false,"_jetpack_newsletter_tier_id":0,"_jetpack_memberships_contains_paywalled_content":false,"_jetpack_memberships_contains_paid_content":false,"footnotes":"","jetpack_publicize_message":"","jetpack_publicize_feature_enabled":true,"jetpack_social_post_already_shared":true,"jetpack_social_options":{"image_generator_settings":{"template":"highway","enabled":false},"version":2}},"categories":[1],"tags":[],"class_list":["post-30927","post","type-post","status-publish","format-standard","hentry","category-notas"],"jetpack_publicize_connections":[],"jetpack_sharing_enabled":true,"jetpack_featured_media_url":"","jetpack_shortlink":"https:\/\/wp.me\/p7wKYW-82P","jetpack-related-posts":[],"_links":{"self":[{"href":"http:\/\/blogdalucianaoliveira.com.br\/blog\/wp-json\/wp\/v2\/posts\/30927","targetHints":{"allow":["GET"]}}],"collection":[{"href":"http:\/\/blogdalucianaoliveira.com.br\/blog\/wp-json\/wp\/v2\/posts"}],"about":[{"href":"http:\/\/blogdalucianaoliveira.com.br\/blog\/wp-json\/wp\/v2\/types\/post"}],"author":[{"embeddable":true,"href":"http:\/\/blogdalucianaoliveira.com.br\/blog\/wp-json\/wp\/v2\/users\/1"}],"replies":[{"embeddable":true,"href":"http:\/\/blogdalucianaoliveira.com.br\/blog\/wp-json\/wp\/v2\/comments?post=30927"}],"version-history":[{"count":3,"href":"http:\/\/blogdalucianaoliveira.com.br\/blog\/wp-json\/wp\/v2\/posts\/30927\/revisions"}],"predecessor-version":[{"id":30931,"href":"http:\/\/blogdalucianaoliveira.com.br\/blog\/wp-json\/wp\/v2\/posts\/30927\/revisions\/30931"}],"wp:attachment":[{"href":"http:\/\/blogdalucianaoliveira.com.br\/blog\/wp-json\/wp\/v2\/media?parent=30927"}],"wp:term":[{"taxonomy":"category","embeddable":true,"href":"http:\/\/blogdalucianaoliveira.com.br\/blog\/wp-json\/wp\/v2\/categories?post=30927"},{"taxonomy":"post_tag","embeddable":true,"href":"http:\/\/blogdalucianaoliveira.com.br\/blog\/wp-json\/wp\/v2\/tags?post=30927"}],"curies":[{"name":"wp","href":"https:\/\/api.w.org\/{rel}","templated":true}]}}