{"id":30933,"date":"2021-02-17T14:20:33","date_gmt":"2021-02-17T18:20:33","guid":{"rendered":"http:\/\/blogdalucianaoliveira.com.br\/blog\/?p=30933"},"modified":"2021-02-17T16:16:19","modified_gmt":"2021-02-17T20:16:19","slug":"performance-teatral-provoca-reflexao-sobre-a-violencia-contra-a-mulher","status":"publish","type":"post","link":"http:\/\/blogdalucianaoliveira.com.br\/blog\/2021\/02\/17\/performance-teatral-provoca-reflexao-sobre-a-violencia-contra-a-mulher\/","title":{"rendered":"Performance V\u00e1cuo provoca reflex\u00e3o sobre naturaliza\u00e7\u00e3o da viol\u00eancia contra a mulher"},"content":{"rendered":"\n<figure class=\"wp-block-image size-large\"><img data-recalc-dims=\"1\" loading=\"lazy\" decoding=\"async\" width=\"600\" height=\"450\" data-attachment-id=\"30934\" data-permalink=\"http:\/\/blogdalucianaoliveira.com.br\/blog\/2021\/02\/17\/performance-teatral-provoca-reflexao-sobre-a-violencia-contra-a-mulher\/7f4588c9-a710-4468-9755-7462b6fd3287\/\" data-orig-file=\"https:\/\/i0.wp.com\/blogdalucianaoliveira.com.br\/blog\/wp-content\/uploads\/2021\/02\/7F4588C9-A710-4468-9755-7462B6FD3287.jpeg?fit=1024%2C768\" data-orig-size=\"1024,768\" data-comments-opened=\"0\" data-image-meta=\"{&quot;aperture&quot;:&quot;0&quot;,&quot;credit&quot;:&quot;&quot;,&quot;camera&quot;:&quot;&quot;,&quot;caption&quot;:&quot;&quot;,&quot;created_timestamp&quot;:&quot;0&quot;,&quot;copyright&quot;:&quot;&quot;,&quot;focal_length&quot;:&quot;0&quot;,&quot;iso&quot;:&quot;0&quot;,&quot;shutter_speed&quot;:&quot;0&quot;,&quot;title&quot;:&quot;&quot;,&quot;orientation&quot;:&quot;0&quot;}\" data-image-title=\"7F4588C9-A710-4468-9755-7462B6FD3287\" data-image-description=\"\" data-image-caption=\"\" data-medium-file=\"https:\/\/i0.wp.com\/blogdalucianaoliveira.com.br\/blog\/wp-content\/uploads\/2021\/02\/7F4588C9-A710-4468-9755-7462B6FD3287.jpeg?fit=300%2C225\" data-large-file=\"https:\/\/i0.wp.com\/blogdalucianaoliveira.com.br\/blog\/wp-content\/uploads\/2021\/02\/7F4588C9-A710-4468-9755-7462B6FD3287.jpeg?fit=600%2C450\" src=\"https:\/\/i0.wp.com\/blogdalucianaoliveira.com.br\/blog\/wp-content\/uploads\/2021\/02\/7F4588C9-A710-4468-9755-7462B6FD3287.jpeg?resize=600%2C450\" alt=\"\" class=\"wp-image-30934\" srcset=\"https:\/\/i0.wp.com\/blogdalucianaoliveira.com.br\/blog\/wp-content\/uploads\/2021\/02\/7F4588C9-A710-4468-9755-7462B6FD3287.jpeg?w=1024 1024w, https:\/\/i0.wp.com\/blogdalucianaoliveira.com.br\/blog\/wp-content\/uploads\/2021\/02\/7F4588C9-A710-4468-9755-7462B6FD3287.jpeg?resize=300%2C225 300w, https:\/\/i0.wp.com\/blogdalucianaoliveira.com.br\/blog\/wp-content\/uploads\/2021\/02\/7F4588C9-A710-4468-9755-7462B6FD3287.jpeg?resize=768%2C576 768w, https:\/\/i0.wp.com\/blogdalucianaoliveira.com.br\/blog\/wp-content\/uploads\/2021\/02\/7F4588C9-A710-4468-9755-7462B6FD3287.jpeg?resize=400%2C300 400w\" sizes=\"auto, (max-width: 600px) 100vw, 600px\" \/><\/figure>\n\n\n\n<p>V\u00e1cuo&nbsp;\u00e9 o corpo feminino que reflete os olhares, falas, pensamentos&nbsp;e&nbsp;a\u00e7\u00f5es de uma sociedade adoecida por uma cultura&nbsp;machista, misogina e sexista,&nbsp;que&nbsp;h\u00e1&nbsp;anos naturaliza&nbsp;a viol\u00eancia contra a mulher e suas diversas mulheridades.&nbsp;Como dizia Simone de&nbsp;Beauvoir&nbsp;em&nbsp;<em>O Segundo Sexo<\/em>, a liberdade da mulher est\u00e1 apenas nascendo agora, pensando que ser mulher \u00e9 uma resist\u00eancia onde se aprende \u00e1 encapar-se de uma for\u00e7a exaustiva e constante para buscar sobreviv\u00eancia e com alguma sorte ou justi\u00e7a.<\/p>\n\n\n\n<!--more-->\n\n\n\n<p>A artista rondoniense Andressa Silva, \u00e9 criadora da performance V\u00e1cuo que surgiu em 2019 como seu primeiro trabalho solo por meio de provoca\u00e7\u00f5es de outros artistas que potencializaram a sua coragem de abordar os temas relacionados ao solo, ao mesmo tempo que impulsionava a sua voz e autonomia enquanto artista independente.&nbsp;<\/p>\n\n\n\n<p>A performance ser\u00e1 apresentada em v\u00eddeo inedito atrav\u00e9s da Plataforma Zoom \u00e1s 19:00 pelo fuso hor\u00e1rio de Rond\u00f4nia, o link para a entrada no evento ser\u00e1 disponibilizado na bio do instagram @an.dressasilva com entrada gratuita. &nbsp;<br><\/p>\n\n\n\n<figure class=\"wp-block-image size-large\"><img loading=\"lazy\" decoding=\"async\" width=\"853\" height=\"1280\" data-attachment-id=\"30935\" data-permalink=\"http:\/\/blogdalucianaoliveira.com.br\/blog\/2021\/02\/17\/performance-teatral-provoca-reflexao-sobre-a-violencia-contra-a-mulher\/34b39213-34fc-4b67-9f6f-8a30abc90da2\/\" data-orig-file=\"https:\/\/i0.wp.com\/blogdalucianaoliveira.com.br\/blog\/wp-content\/uploads\/2021\/02\/34B39213-34FC-4B67-9F6F-8A30ABC90DA2.jpeg?fit=853%2C1280\" data-orig-size=\"853,1280\" data-comments-opened=\"0\" data-image-meta=\"{&quot;aperture&quot;:&quot;0&quot;,&quot;credit&quot;:&quot;&quot;,&quot;camera&quot;:&quot;&quot;,&quot;caption&quot;:&quot;&quot;,&quot;created_timestamp&quot;:&quot;0&quot;,&quot;copyright&quot;:&quot;&quot;,&quot;focal_length&quot;:&quot;0&quot;,&quot;iso&quot;:&quot;0&quot;,&quot;shutter_speed&quot;:&quot;0&quot;,&quot;title&quot;:&quot;&quot;,&quot;orientation&quot;:&quot;0&quot;}\" data-image-title=\"34B39213-34FC-4B67-9F6F-8A30ABC90DA2\" data-image-description=\"\" data-image-caption=\"\" data-medium-file=\"https:\/\/i0.wp.com\/blogdalucianaoliveira.com.br\/blog\/wp-content\/uploads\/2021\/02\/34B39213-34FC-4B67-9F6F-8A30ABC90DA2.jpeg?fit=200%2C300\" data-large-file=\"https:\/\/i0.wp.com\/blogdalucianaoliveira.com.br\/blog\/wp-content\/uploads\/2021\/02\/34B39213-34FC-4B67-9F6F-8A30ABC90DA2.jpeg?fit=600%2C901\" src=\"https:\/\/i0.wp.com\/blogdalucianaoliveira.com.br\/blog\/wp-content\/uploads\/2021\/02\/34B39213-34FC-4B67-9F6F-8A30ABC90DA2.jpeg?fit=600%2C901\" alt=\"\" class=\"wp-image-30935\" srcset=\"https:\/\/i0.wp.com\/blogdalucianaoliveira.com.br\/blog\/wp-content\/uploads\/2021\/02\/34B39213-34FC-4B67-9F6F-8A30ABC90DA2.jpeg?w=853 853w, https:\/\/i0.wp.com\/blogdalucianaoliveira.com.br\/blog\/wp-content\/uploads\/2021\/02\/34B39213-34FC-4B67-9F6F-8A30ABC90DA2.jpeg?resize=200%2C300 200w, https:\/\/i0.wp.com\/blogdalucianaoliveira.com.br\/blog\/wp-content\/uploads\/2021\/02\/34B39213-34FC-4B67-9F6F-8A30ABC90DA2.jpeg?resize=682%2C1024 682w, https:\/\/i0.wp.com\/blogdalucianaoliveira.com.br\/blog\/wp-content\/uploads\/2021\/02\/34B39213-34FC-4B67-9F6F-8A30ABC90DA2.jpeg?resize=768%2C1152 768w\" sizes=\"auto, (max-width: 600px) 100vw, 600px\" \/><\/figure>\n\n\n\n<p>Para proporcionar dialogos &nbsp;mais abrangentes a cerca das rela\u00e7\u00f5es tem\u00e1ticas que a performance aborda. Ap\u00f3s a apresenta\u00e7\u00e3o haver\u00e1 uma roda de conversa com a media\u00e7\u00e3o de Kaline Leigue e&nbsp;convidades&nbsp;para cada noite das tr\u00eas noites da temporada, com&nbsp;espa\u00e7o para&nbsp;que o p\u00fablico tamb\u00e9m dialogue. O&nbsp;evento ter\u00e1 legenda descritiva e interpreta\u00e7\u00e3o em Libras.&nbsp;<\/p>\n\n\n\n<p>25\/02 \u2013 Iara Campos\/PE<\/p>\n\n\n\n<p>artista pernambucana da dan\u00e7a e do teatro, produtora cultural, licenciada em Artes C\u00eanicas pela UFPE. Natural de Palmares PE. Residente em Recipe PE.<\/p>\n\n\n\n<p>26\/02 \u2013 Teo Nascimento\/RO&nbsp;<\/p>\n\n\n\n<p>Artista, atriz, ensaiadora, preparadora de elenco, facilitadora de oficinas teatrais e figurino. Natural de Huma\u00edta AM. Residente em Porto Velho RO.<\/p>\n\n\n\n<p>27\/02 \u2013 Gabs Ramos<\/p>\n\n\n\n<p>Tem 30 anos, Portovelhense, estudante, bailarine, facilitadora da modalidade de Bal\u00e9, Jazz e suas vertentes, Dan\u00e7as Contempor\u00e2neas, criadora-int\u00e9rprete, improvisadora e experimentadora das artes da Corpa e dos movimentos.&nbsp;<\/p>\n\n\n\n<p><em>Este Projeto foi contemplado pela Primeira Edi\u00e7\u00e3o Mary Cyanne do Edital de Chamamento P\u00fablico de Fomento \u00e1 Cultura e \u00e1 Produ\u00e7\u00e3o Art\u00edstico Cultural e Transmiss\u00f5es&nbsp;<\/em><em>ao Vivo\/Gravadas da Sejucel Rond\u00f4nia<\/em><em>.<\/em><\/p>\n\n\n\n<p>SINOPSE<\/p>\n\n\n\n<p>Posta em prateleira com c\u00f3digo de barras, pre\u00e7os e validade. Quanto mais passos essa mulher dar nas ruelas da sua vida, mais pesada \u00e9 a carga das viol\u00eancias amontoadas em sua mem\u00f3ria. Reprodu\u00e7\u00f5es de um comportamento naturalizado em suas diversas formas de viol\u00eancia embalam o ser-mulher \u00e1 v\u00e1cuo. Quantas viol\u00eancias habita em uma&nbsp;corpa feminina?&nbsp;&nbsp;<\/p>\n\n\n\n<p>FICHA T\u00c9CNICA&nbsp;<\/p>\n\n\n\n<p>Performer Pesquisadora: Andressa Silva&nbsp;<\/p>\n\n\n\n<p>Provocadores: Andr\u00e9a Melo, Aline Monteiro, Kelly Lima e Gabs Ramos e Luiz Lerro&nbsp;<\/p>\n\n\n\n<p>Figurino e Objetos: Andressa Silva&nbsp;<\/p>\n\n\n\n<p>Imagem: Rafael Barros <\/p>\n\n\n\n<p>Fotografia: Natal\u00ed Ara\u00fajo<\/p>\n\n\n\n<p>Apoio de Produ\u00e7\u00e3o: Renan Cabral e Tanisson Passos<\/p>\n\n\n\n<p>Artistas convidades: Gabs Ramos, Iara Campos e Teo Nascimento<\/p>\n\n\n\n<p>Interpretes de Libras: Marcos Grutzmacher e Victor Tils<\/p>\n\n\n\n<p>PRINCIPAIS INFORMA\u00c7\u00d5ES&nbsp;<\/p>\n\n\n\n<p>Temporada V\u00c1CUO<\/p>\n\n\n\n<p>25, 26 e 27&nbsp;de Fevereiro&nbsp;<\/p>\n\n\n\n<p>\u00e1s&nbsp;19h (fuso Rond\u00f4nia)<\/p>\n\n\n\n<p>Plataforma Zoom<\/p>\n\n\n\n<p>Link na&nbsp;bio&nbsp;do&nbsp;instagram&nbsp;@an.dressasilva<\/p>\n","protected":false},"excerpt":{"rendered":"<p>V\u00e1cuo&nbsp;\u00e9 o corpo feminino que reflete os olhares, falas, pensamentos&nbsp;e&nbsp;a\u00e7\u00f5es de uma sociedade adoecida por uma cultura&nbsp;machista, misogina e sexista,&nbsp;que&nbsp;h\u00e1&nbsp;anos naturaliza&nbsp;a viol\u00eancia contra a mulher e suas diversas mulheridades.&nbsp;Como dizia Simone de&nbsp;Beauvoir&nbsp;em&nbsp;O Segundo Sexo, a liberdade da mulher est\u00e1 apenas nascendo agora, pensando que ser mulher \u00e9 uma resist\u00eancia onde se aprende \u00e1 encapar-se de&#8230;<a class=\"more-link\" href=\"http:\/\/blogdalucianaoliveira.com.br\/blog\/2021\/02\/17\/performance-teatral-provoca-reflexao-sobre-a-violencia-contra-a-mulher\/\">Continue a leitura <span class=\"meta-nav\">&raquo;<\/span><\/a><\/p>\n","protected":false},"author":1,"featured_media":0,"comment_status":"closed","ping_status":"open","sticky":false,"template":"","format":"standard","meta":{"_exactmetrics_skip_tracking":false,"_exactmetrics_sitenote_active":false,"_exactmetrics_sitenote_note":"","_exactmetrics_sitenote_category":0,"jetpack_post_was_ever_published":false,"_jetpack_newsletter_access":"","_jetpack_dont_email_post_to_subs":false,"_jetpack_newsletter_tier_id":0,"_jetpack_memberships_contains_paywalled_content":false,"_jetpack_memberships_contains_paid_content":false,"footnotes":"","jetpack_publicize_message":"","jetpack_publicize_feature_enabled":true,"jetpack_social_post_already_shared":true,"jetpack_social_options":{"image_generator_settings":{"template":"highway","enabled":false},"version":2}},"categories":[1],"tags":[],"class_list":["post-30933","post","type-post","status-publish","format-standard","hentry","category-notas"],"jetpack_publicize_connections":[],"jetpack_sharing_enabled":true,"jetpack_featured_media_url":"","jetpack_shortlink":"https:\/\/wp.me\/p7wKYW-82V","jetpack-related-posts":[],"_links":{"self":[{"href":"http:\/\/blogdalucianaoliveira.com.br\/blog\/wp-json\/wp\/v2\/posts\/30933","targetHints":{"allow":["GET"]}}],"collection":[{"href":"http:\/\/blogdalucianaoliveira.com.br\/blog\/wp-json\/wp\/v2\/posts"}],"about":[{"href":"http:\/\/blogdalucianaoliveira.com.br\/blog\/wp-json\/wp\/v2\/types\/post"}],"author":[{"embeddable":true,"href":"http:\/\/blogdalucianaoliveira.com.br\/blog\/wp-json\/wp\/v2\/users\/1"}],"replies":[{"embeddable":true,"href":"http:\/\/blogdalucianaoliveira.com.br\/blog\/wp-json\/wp\/v2\/comments?post=30933"}],"version-history":[{"count":6,"href":"http:\/\/blogdalucianaoliveira.com.br\/blog\/wp-json\/wp\/v2\/posts\/30933\/revisions"}],"predecessor-version":[{"id":30941,"href":"http:\/\/blogdalucianaoliveira.com.br\/blog\/wp-json\/wp\/v2\/posts\/30933\/revisions\/30941"}],"wp:attachment":[{"href":"http:\/\/blogdalucianaoliveira.com.br\/blog\/wp-json\/wp\/v2\/media?parent=30933"}],"wp:term":[{"taxonomy":"category","embeddable":true,"href":"http:\/\/blogdalucianaoliveira.com.br\/blog\/wp-json\/wp\/v2\/categories?post=30933"},{"taxonomy":"post_tag","embeddable":true,"href":"http:\/\/blogdalucianaoliveira.com.br\/blog\/wp-json\/wp\/v2\/tags?post=30933"}],"curies":[{"name":"wp","href":"https:\/\/api.w.org\/{rel}","templated":true}]}}