{"id":30942,"date":"2021-02-18T11:07:38","date_gmt":"2021-02-18T15:07:38","guid":{"rendered":"http:\/\/blogdalucianaoliveira.com.br\/blog\/?p=30942"},"modified":"2021-02-18T11:07:44","modified_gmt":"2021-02-18T15:07:44","slug":"o-drama-da-volta-as-aulas-em-uma-semana-casos-de-covid-aumentam-mais-de-150-nas-escolas-de-sao-paulo","status":"publish","type":"post","link":"http:\/\/blogdalucianaoliveira.com.br\/blog\/2021\/02\/18\/o-drama-da-volta-as-aulas-em-uma-semana-casos-de-covid-aumentam-mais-de-150-nas-escolas-de-sao-paulo\/","title":{"rendered":"O drama da volta \u00e0s aulas: em uma semana casos de Covid aumentam mais de 150% nas escolas de S\u00e3o Paulo"},"content":{"rendered":"\n<figure class=\"wp-block-image\"><img data-recalc-dims=\"1\" decoding=\"async\" src=\"https:\/\/i0.wp.com\/publisher-publish.s3.eu-central-1.amazonaws.com\/pb-brasil247\/swp\/jtjeq9\/media\/20210218100256_e18d5c55334790f232c4019a4674ef88c64dff826aa8d37d7dc84ebe4c1195b9.jpg?w=600&#038;ssl=1\" alt=\"Casos da Covid-19 disparam nas escolas de SP\"\/><\/figure>\n\n\n\n<p><strong>247\u00a0<\/strong>&#8211; O Sindicato dos Professores do Ensino oficial do Estado de S\u00e3o Paulo (Apeoesp) alertou para a alta dos casos da Covide-19, ap\u00f3s ter critado um monitor para acompanhar os casos da doen\u00e7a nas escolas p\u00fablicas e privadas.\u00a0 <\/p>\n\n\n\n<!--more-->\n\n\n\n<p>At\u00e9 o dia 8 de fevereiro j\u00e1 tinham sido relatados 209 casos em 96 unidades. No espa\u00e7o de uma semana esse n\u00famero saltou para 551 casos em 334 escolas.<\/p>\n\n\n\n<p>Em entrevista \u00e0&nbsp;<a target=\"_blank\" rel=\"noreferrer noopener\" href=\"https:\/\/www.redebrasilatual.com.br\/educacao\/2021\/02\/casos-covid-19-escola-sao-paulo-professores\/\">Rede Brasil Atual,<\/a>&nbsp;a deputada estadual e presidenta da Apeoesp, Bebel (PT), afirmou que \u201cem que pese o esfor\u00e7o do governador (Doria) sobre a vacina\u201d, ele tem agido como um \u201cnegacionista ao abrir as escolas no pior per\u00edodo de pandemia\u201d.<br><\/p>\n","protected":false},"excerpt":{"rendered":"<p>247\u00a0&#8211; O Sindicato dos Professores do Ensino oficial do Estado de S\u00e3o Paulo (Apeoesp) alertou para a alta dos casos da Covide-19, ap\u00f3s ter critado um monitor para acompanhar os casos da doen\u00e7a nas escolas p\u00fablicas e privadas.\u00a0<\/p>\n","protected":false},"author":1,"featured_media":0,"comment_status":"closed","ping_status":"open","sticky":false,"template":"","format":"standard","meta":{"_exactmetrics_skip_tracking":false,"_exactmetrics_sitenote_active":false,"_exactmetrics_sitenote_note":"","_exactmetrics_sitenote_category":0,"jetpack_post_was_ever_published":false,"_jetpack_newsletter_access":"","_jetpack_dont_email_post_to_subs":false,"_jetpack_newsletter_tier_id":0,"_jetpack_memberships_contains_paywalled_content":false,"_jetpack_memberships_contains_paid_content":false,"footnotes":"","jetpack_publicize_message":"","jetpack_publicize_feature_enabled":true,"jetpack_social_post_already_shared":true,"jetpack_social_options":{"image_generator_settings":{"template":"highway","enabled":false},"version":2}},"categories":[1],"tags":[],"class_list":["post-30942","post","type-post","status-publish","format-standard","hentry","category-notas"],"jetpack_publicize_connections":[],"jetpack_sharing_enabled":true,"jetpack_featured_media_url":"","jetpack_shortlink":"https:\/\/wp.me\/p7wKYW-834","jetpack-related-posts":[],"_links":{"self":[{"href":"http:\/\/blogdalucianaoliveira.com.br\/blog\/wp-json\/wp\/v2\/posts\/30942","targetHints":{"allow":["GET"]}}],"collection":[{"href":"http:\/\/blogdalucianaoliveira.com.br\/blog\/wp-json\/wp\/v2\/posts"}],"about":[{"href":"http:\/\/blogdalucianaoliveira.com.br\/blog\/wp-json\/wp\/v2\/types\/post"}],"author":[{"embeddable":true,"href":"http:\/\/blogdalucianaoliveira.com.br\/blog\/wp-json\/wp\/v2\/users\/1"}],"replies":[{"embeddable":true,"href":"http:\/\/blogdalucianaoliveira.com.br\/blog\/wp-json\/wp\/v2\/comments?post=30942"}],"version-history":[{"count":1,"href":"http:\/\/blogdalucianaoliveira.com.br\/blog\/wp-json\/wp\/v2\/posts\/30942\/revisions"}],"predecessor-version":[{"id":30943,"href":"http:\/\/blogdalucianaoliveira.com.br\/blog\/wp-json\/wp\/v2\/posts\/30942\/revisions\/30943"}],"wp:attachment":[{"href":"http:\/\/blogdalucianaoliveira.com.br\/blog\/wp-json\/wp\/v2\/media?parent=30942"}],"wp:term":[{"taxonomy":"category","embeddable":true,"href":"http:\/\/blogdalucianaoliveira.com.br\/blog\/wp-json\/wp\/v2\/categories?post=30942"},{"taxonomy":"post_tag","embeddable":true,"href":"http:\/\/blogdalucianaoliveira.com.br\/blog\/wp-json\/wp\/v2\/tags?post=30942"}],"curies":[{"name":"wp","href":"https:\/\/api.w.org\/{rel}","templated":true}]}}