{"id":30944,"date":"2021-02-18T11:12:13","date_gmt":"2021-02-18T15:12:13","guid":{"rendered":"http:\/\/blogdalucianaoliveira.com.br\/blog\/?p=30944"},"modified":"2021-02-18T11:12:17","modified_gmt":"2021-02-18T15:12:17","slug":"a-devastadora-e-irreparavel-morte-de-aruka-juma","status":"publish","type":"post","link":"http:\/\/blogdalucianaoliveira.com.br\/blog\/2021\/02\/18\/a-devastadora-e-irreparavel-morte-de-aruka-juma\/","title":{"rendered":"A devastadora e irrepar\u00e1vel morte de Aruk\u00e1 Juma"},"content":{"rendered":"\n<figure class=\"wp-block-image\"><img data-recalc-dims=\"1\" decoding=\"async\" src=\"https:\/\/i0.wp.com\/d1muf25xaso8hp.cloudfront.net\/https%253A%252F%252Fs3.amazonaws.com%252Fappforest_uf%252Ff1613596295338x522959170622240960%252Fdestaque%252520site%252520%2525282%252529%252520-%252520co%2525CC%252581pia%2525202.png?w=600&#038;ssl=1\" alt=\"Resultado de imagem para A devastadora e irrepar\u00e1vel morte de Aruk\u00e1 Juma\"\/><\/figure>\n\n\n\n<p>\u00c9 desoladora a morte por complica\u00e7\u00f5es de&nbsp;<a href=\"http:\/\/www.ihu.unisinos.br\/78-noticias\/601527-covid-19-e-os-povos-indigenas-no-brasil-entrevista-com-lideranca-indigena-alvaro-tukano\" target=\"_blank\" rel=\"noreferrer noopener\">Covid-19<\/a>&nbsp;do \u00faltimo homem do&nbsp;<a href=\"http:\/\/www.ihu.unisinos.br\/169-noticias\/noticias-2015\/539576-indios-juma-uma-historia-de-abandono-e-sobrevivencia-na-amazonia\" target=\"_blank\" rel=\"noreferrer noopener\">povo Juma<\/a>, o guerreiro&nbsp;<strong>Amoim Aruk\u00e1<\/strong>. O povo Juma sofreu in\u00fameros massacres ao longo de sua hist\u00f3ria. De 15 mil pessoas no in\u00edcio do s\u00e9culo XX, foi reduzido a cinco pessoas em 2002. Um genoc\u00eddio comprovado, mas nunca punido, que levou seu povo quase ao completo&nbsp;<strong>exterm\u00ednio<\/strong>.<\/p>\n\n\n\n<!--more-->\n\n\n\n<p>A reportagem \u00e9 publicada por&nbsp;<strong>Coordena\u00e7\u00e3o das Organiza\u00e7\u00f5es Ind\u00edgenas da Amaz\u00f4nia Brasileira<\/strong>&nbsp;(<strong>COIAB<\/strong>), 17-02-2021.<\/p>\n\n\n\n<p>O \u00faltimo massacre ocorreu em&nbsp;<a href=\"http:\/\/www.ihu.unisinos.br\/78-noticias\/587996-1-de-abril-de-1964-golpe-de-estado-e-golpe-ditadura-e-ditadura\">1964<\/a>&nbsp;no rio&nbsp;<strong>Assu\u00e3<\/strong>, na bacia do rio&nbsp;<strong>Purus<\/strong>, perpetrado por comerciantes de&nbsp;<strong>Tapau\u00e1<\/strong>&nbsp;interessados pela sorva e castanha existente no territ\u00f3rio&nbsp;<strong>Juma<\/strong>. No massacre foram assassinadas mais de 60 pessoas, apenas sete sobreviveram. Integrantes do grupo de exterm\u00ednio contratados pelos comerciantes relataram atirar nos&nbsp;<strong>Juma<\/strong>&nbsp;como se atirassem em macacos. Os&nbsp;<a href=\"http:\/\/www.ihu.unisinos.br\/186-noticias\/noticias-2017\/570229-corpos-de-indigenas-sao-encontrados-enterrados-em-fazenda-de-ms\">corpos ind\u00edgenas<\/a>&nbsp;foram vistos por ribeirinhos da regi\u00e3o, ap\u00f3s o&nbsp;<a href=\"http:\/\/www.ihu.unisinos.br\/78-noticias\/588453-17-de-abril-as-marcas-de-um-massacre\">massacre<\/a>, servindo de comida para porcos do mato, in\u00fameras cabe\u00e7as decapitadas espalhadas pelo ch\u00e3o da floresta. O mandante do crime, ciente do ocorrido, se vangloriou por ter sido o respons\u00e1vel de livrar \u201cTapau\u00e1 dessas bestas ferozes\u201d. Essa hist\u00f3ria<strong>&nbsp;jamais<\/strong>&nbsp;deve ser esquecida.<\/p>\n\n\n\n<p><strong>Aruk\u00e1<\/strong>, um dos sobreviventes, continuou sua&nbsp;<a href=\"http:\/\/www.ihu.unisinos.br\/78-noticias\/578433-1-de-maio-dia-de-resistencia-e-luta\">luta de resist\u00eancia<\/a>, vendo seu povo beirar o desaparecimento. Lutou pela demarca\u00e7\u00e3o do territ\u00f3rio&nbsp;<a href=\"http:\/\/www.ihu.unisinos.br\/78-noticias\/601208-juma-xipaya-indigena-e-ativista-nao-quero-ser-a-proxima-dorothy-stang\">Juma<\/a>, que foi homologado apenas em 2004, a&nbsp;<strong>Terra Ind\u00edgena (TI) Juma<\/strong>. Os sobreviventes&nbsp;<strong>Juma<\/strong>, apesar do risco de desaparecimento, viram seu povo crescer novamente na d\u00e9cada de 2000, por meio de casamentos com&nbsp;<a href=\"http:\/\/www.ihu.unisinos.br\/78-noticias\/585657-com-certeza-de-impunidade-grileiros-intensificam-invasao-na-terra-indigena-uru-eu-wau-wau\" target=\"_blank\" rel=\"noreferrer noopener\">ind\u00edgenas Uru Eu Wau Wau<\/a>, povo ind\u00edgena tamb\u00e9m de l\u00edngua&nbsp;<strong>Tupi-Kagwahiva<\/strong>.<\/p>\n\n\n\n<p>Por estarem sujeitos a uma imensa&nbsp;<a href=\"http:\/\/www.ihu.unisinos.br\/78-noticias\/598318-vulnerabilidade-social-e-motor-da-pandemia-de-covid-19-em-terras-indigenas-mostra-estudo\" target=\"_blank\" rel=\"noreferrer noopener\">vulnerabilidade e risco de desaparecimento<\/a>, o povo&nbsp;<strong>Juma<\/strong>&nbsp;\u00e9 considerado de recente contato e consta entre os povos a serem protegidos por&nbsp;<a href=\"http:\/\/www.ihu.unisinos.br\/78-noticias\/599548-povos-indigenas-reforcam-barreiras-sanitarias-e-cobram-poder-publico-enquanto-covid-19-avanca-para-aldeias\" target=\"_blank\" rel=\"noreferrer noopener\">Barreiras Sanit\u00e1rias<\/a>, cuja instala\u00e7\u00e3o foi determinada pelo&nbsp;<a href=\"http:\/\/www.ihu.unisinos.br\/78-noticias\/575731-na-pratica-ministros-do-stf-agridem-a-democracia-escreve-professor-da-usp\">Supremo Tribunal Federal<\/a>&nbsp;a pedido dos povos ind\u00edgenas, de representantes da&nbsp;<strong>Coordena\u00e7\u00e3o das Organiza\u00e7\u00f5es Ind\u00edgenas da Amaz\u00f4nia Brasileira<\/strong>&nbsp;(<strong>COIAB<\/strong>), por meio da&nbsp;<strong>Articula\u00e7\u00e3o dos Povos Ind\u00edgenas do Brasil<\/strong>&nbsp;(<strong>APIB<\/strong>), na&nbsp;<a href=\"http:\/\/www.ihu.unisinos.br\/78-noticias\/605973-defesa-judicial-dos-direitos-indigenas-avancou-em-2020\" target=\"_blank\" rel=\"noreferrer noopener\">Argui\u00e7\u00e3o de Descumprimento de Preceito Fundamental n\u00b0 709<\/a>&nbsp;(<strong>ADPF 709<\/strong>). O pedido foi feito em julho de 2020 e o Ministro&nbsp;<a href=\"http:\/\/www.ihu.unisinos.br\/78-noticias\/600818-entenda-a-determinacao-do-stf-de-que-governo-aja-contra-covid-19-entre-indigenas-e-evite-exterminio-de-etnias\" target=\"_blank\" rel=\"noreferrer noopener\">Lu\u00eds Roberto Barroso<\/a>&nbsp;deferiu. Por\u00e9m, diante das dificuldades alegadas pelo&nbsp;<a href=\"http:\/\/www.ihu.unisinos.br\/78-noticias\/600868-vetos-de-bolsonaro-a-medidas-emergenciais-para-indigenas-na-pandemia-sao-denunciados\" target=\"_blank\" rel=\"noreferrer noopener\">Governo Bolsonaro<\/a>, o ministro deu o prazo de at\u00e9 setembro de 2020 para que as Barreiras na&nbsp;<strong>TI Juma<\/strong>&nbsp;fossem instaladas. Em agosto de 2020 o Governo Bolsonaro disse que iria fazer a Barreira no rio&nbsp;<strong>Assu\u00e3<\/strong>, na&nbsp;<strong>REBIO<\/strong>&nbsp;<strong>Tufari<\/strong>, fora da&nbsp;<strong>TI<\/strong>&nbsp;<strong>Juma<\/strong>, seria uma&nbsp;<a href=\"http:\/\/www.ihu.unisinos.br\/78-noticias\/603771-apos-periodo-sem-barreiras-sanitarias-covid-19-faz-vitimas-entre-os-satere-mawe\" target=\"_blank\" rel=\"noreferrer noopener\">Barreira Sanit\u00e1ria<\/a>&nbsp;composta pela Pol\u00edcia Militar e&nbsp;<strong>DSEI-Humait\u00e1<\/strong>. No entanto, em dezembro do mesmo ano, afirmou que faria apenas um posto de controle de acesso na&nbsp;<strong>BR 230 &#8211; Rodovia Transamaz\u00f4nica<\/strong>, mas n\u00e3o comprovou o seu efetivo funcionamento.<\/p>\n\n\n\n<p>Se o posto de acesso funcionou ou n\u00e3o, como vinha representantes da&nbsp;<strong>COIAB<\/strong>&nbsp;e&nbsp;<strong>APIB<\/strong>&nbsp;cobrando h\u00e1 meses nas Salas de Situa\u00e7\u00e3o com o&nbsp;<a href=\"http:\/\/www.ihu.unisinos.br\/78-noticias\/606298-governo-bolsonaro-vai-deixar-quase-400-mil-indigenas-fora-da-primeira-etapa-de-imunizacao\" target=\"_blank\" rel=\"noreferrer noopener\">Governo Bolsonaro<\/a>, j\u00e1 n\u00e3o importa mais para&nbsp;<strong>Aruk\u00e1<\/strong>. O que se sabe, comprovadamente, \u00e9 que ele agora est\u00e1 morto. \u00c9 tristemente com seus mortos que os&nbsp;<a href=\"http:\/\/www.ihu.unisinos.br\/78-noticias\/601527-covid-19-e-os-povos-indigenas-no-brasil-entrevista-com-lideranca-indigena-alvaro-tukano\">povos ind\u00edgenas<\/a>&nbsp;comprovam seus apelos. A&nbsp;<strong>COIAB<\/strong>&nbsp;e&nbsp;<strong>APIB<\/strong>&nbsp;avisaram que os povos ind\u00edgenas de recente contato estavam em extremo risco. O \u00faltimo homem sobrevivente do povo&nbsp;<strong>Juma<\/strong>&nbsp;est\u00e1 morto. Novamente, o&nbsp;<a href=\"http:\/\/www.ihu.unisinos.br\/78-noticias\/606496-um-governo-que-mata-por-asfixia-fora-bolsonaro\">governo brasileiro<\/a>&nbsp;se mostrou criminosamente omisso e incompetente. O governo assassinou&nbsp;<strong>Aruk\u00e1<\/strong>. Assim como assassinou seus antepassados, \u00e9 uma perda ind\u00edgena devastadora e irrepar\u00e1vel.<br><\/p>\n","protected":false},"excerpt":{"rendered":"<p>\u00c9 desoladora a morte por complica\u00e7\u00f5es de&nbsp;Covid-19&nbsp;do \u00faltimo homem do&nbsp;povo Juma, o guerreiro&nbsp;Amoim Aruk\u00e1. O povo Juma sofreu in\u00fameros massacres ao longo de sua hist\u00f3ria. De 15 mil pessoas no in\u00edcio do s\u00e9culo XX, foi reduzido a cinco pessoas em 2002. Um genoc\u00eddio comprovado, mas nunca punido, que levou seu povo quase ao completo&nbsp;exterm\u00ednio.<\/p>\n","protected":false},"author":1,"featured_media":0,"comment_status":"closed","ping_status":"open","sticky":false,"template":"","format":"standard","meta":{"_exactmetrics_skip_tracking":false,"_exactmetrics_sitenote_active":false,"_exactmetrics_sitenote_note":"","_exactmetrics_sitenote_category":0,"jetpack_post_was_ever_published":false,"_jetpack_newsletter_access":"","_jetpack_dont_email_post_to_subs":false,"_jetpack_newsletter_tier_id":0,"_jetpack_memberships_contains_paywalled_content":false,"_jetpack_memberships_contains_paid_content":false,"footnotes":"","jetpack_publicize_message":"","jetpack_publicize_feature_enabled":true,"jetpack_social_post_already_shared":true,"jetpack_social_options":{"image_generator_settings":{"template":"highway","enabled":false},"version":2}},"categories":[1],"tags":[],"class_list":["post-30944","post","type-post","status-publish","format-standard","hentry","category-notas"],"jetpack_publicize_connections":[],"jetpack_sharing_enabled":true,"jetpack_featured_media_url":"","jetpack_shortlink":"https:\/\/wp.me\/p7wKYW-836","jetpack-related-posts":[],"_links":{"self":[{"href":"http:\/\/blogdalucianaoliveira.com.br\/blog\/wp-json\/wp\/v2\/posts\/30944","targetHints":{"allow":["GET"]}}],"collection":[{"href":"http:\/\/blogdalucianaoliveira.com.br\/blog\/wp-json\/wp\/v2\/posts"}],"about":[{"href":"http:\/\/blogdalucianaoliveira.com.br\/blog\/wp-json\/wp\/v2\/types\/post"}],"author":[{"embeddable":true,"href":"http:\/\/blogdalucianaoliveira.com.br\/blog\/wp-json\/wp\/v2\/users\/1"}],"replies":[{"embeddable":true,"href":"http:\/\/blogdalucianaoliveira.com.br\/blog\/wp-json\/wp\/v2\/comments?post=30944"}],"version-history":[{"count":1,"href":"http:\/\/blogdalucianaoliveira.com.br\/blog\/wp-json\/wp\/v2\/posts\/30944\/revisions"}],"predecessor-version":[{"id":30945,"href":"http:\/\/blogdalucianaoliveira.com.br\/blog\/wp-json\/wp\/v2\/posts\/30944\/revisions\/30945"}],"wp:attachment":[{"href":"http:\/\/blogdalucianaoliveira.com.br\/blog\/wp-json\/wp\/v2\/media?parent=30944"}],"wp:term":[{"taxonomy":"category","embeddable":true,"href":"http:\/\/blogdalucianaoliveira.com.br\/blog\/wp-json\/wp\/v2\/categories?post=30944"},{"taxonomy":"post_tag","embeddable":true,"href":"http:\/\/blogdalucianaoliveira.com.br\/blog\/wp-json\/wp\/v2\/tags?post=30944"}],"curies":[{"name":"wp","href":"https:\/\/api.w.org\/{rel}","templated":true}]}}