{"id":30946,"date":"2021-02-18T13:38:13","date_gmt":"2021-02-18T17:38:13","guid":{"rendered":"http:\/\/blogdalucianaoliveira.com.br\/blog\/?p=30946"},"modified":"2021-02-18T13:38:17","modified_gmt":"2021-02-18T17:38:17","slug":"71-dos-indigenas-aldeados-da-amazonia-nao-foram-vacinados-contra-covid-indicam-dados-do-governo","status":"publish","type":"post","link":"http:\/\/blogdalucianaoliveira.com.br\/blog\/2021\/02\/18\/71-dos-indigenas-aldeados-da-amazonia-nao-foram-vacinados-contra-covid-indicam-dados-do-governo\/","title":{"rendered":"71% dos ind\u00edgenas aldeados da Amaz\u00f4nia n\u00e3o foram vacinados contra Covid, indicam dados do governo"},"content":{"rendered":"\n<figure class=\"wp-block-image size-large\"><img data-recalc-dims=\"1\" loading=\"lazy\" decoding=\"async\" width=\"600\" height=\"387\" data-attachment-id=\"30947\" data-permalink=\"http:\/\/blogdalucianaoliveira.com.br\/blog\/2021\/02\/18\/71-dos-indigenas-aldeados-da-amazonia-nao-foram-vacinados-contra-covid-indicam-dados-do-governo\/de93c469-8f72-4244-8a29-ee3e780e68a2\/\" data-orig-file=\"https:\/\/i0.wp.com\/blogdalucianaoliveira.com.br\/blog\/wp-content\/uploads\/2021\/02\/DE93C469-8F72-4244-8A29-EE3E780E68A2.jpeg?fit=934%2C603\" data-orig-size=\"934,603\" data-comments-opened=\"0\" data-image-meta=\"{&quot;aperture&quot;:&quot;0&quot;,&quot;credit&quot;:&quot;&quot;,&quot;camera&quot;:&quot;&quot;,&quot;caption&quot;:&quot;&quot;,&quot;created_timestamp&quot;:&quot;0&quot;,&quot;copyright&quot;:&quot;&quot;,&quot;focal_length&quot;:&quot;0&quot;,&quot;iso&quot;:&quot;0&quot;,&quot;shutter_speed&quot;:&quot;0&quot;,&quot;title&quot;:&quot;&quot;,&quot;orientation&quot;:&quot;0&quot;}\" data-image-title=\"DE93C469-8F72-4244-8A29-EE3E780E68A2\" data-image-description=\"\" data-image-caption=\"\" data-medium-file=\"https:\/\/i0.wp.com\/blogdalucianaoliveira.com.br\/blog\/wp-content\/uploads\/2021\/02\/DE93C469-8F72-4244-8A29-EE3E780E68A2.jpeg?fit=300%2C194\" data-large-file=\"https:\/\/i0.wp.com\/blogdalucianaoliveira.com.br\/blog\/wp-content\/uploads\/2021\/02\/DE93C469-8F72-4244-8A29-EE3E780E68A2.jpeg?fit=600%2C387\" src=\"https:\/\/i0.wp.com\/blogdalucianaoliveira.com.br\/blog\/wp-content\/uploads\/2021\/02\/DE93C469-8F72-4244-8A29-EE3E780E68A2.jpeg?resize=600%2C387\" alt=\"\" class=\"wp-image-30947\" srcset=\"https:\/\/i0.wp.com\/blogdalucianaoliveira.com.br\/blog\/wp-content\/uploads\/2021\/02\/DE93C469-8F72-4244-8A29-EE3E780E68A2.jpeg?w=934 934w, https:\/\/i0.wp.com\/blogdalucianaoliveira.com.br\/blog\/wp-content\/uploads\/2021\/02\/DE93C469-8F72-4244-8A29-EE3E780E68A2.jpeg?resize=300%2C194 300w, https:\/\/i0.wp.com\/blogdalucianaoliveira.com.br\/blog\/wp-content\/uploads\/2021\/02\/DE93C469-8F72-4244-8A29-EE3E780E68A2.jpeg?resize=768%2C496 768w, https:\/\/i0.wp.com\/blogdalucianaoliveira.com.br\/blog\/wp-content\/uploads\/2021\/02\/DE93C469-8F72-4244-8A29-EE3E780E68A2.jpeg?resize=465%2C300 465w\" sizes=\"auto, (max-width: 600px) 100vw, 600px\" \/><\/figure>\n\n\n\n<p>Relatos com informa\u00e7\u00f5es falsas sobre vacinas s\u00e3o disseminados entre as aldeias. Em documento enviado ao Supremo Tribunal Federal, a AGU omite \u00edndice de imuniza\u00e7\u00e3o\u00a0<\/p>\n\n\n\n<!--more-->\n\n\n\n<p>No G1<\/p>\n\n\n\n<p>O Brasil j\u00e1 deveria ter imunizado 431.983 ind\u00edgenas contra a&nbsp;<a href=\"https:\/\/g1.globo.com\/bemestar\/coronavirus\/\">Covid-19<\/a>. Mesmo com a inclus\u00e3o dos aldeados entre os quatro primeiros grupos priorit\u00e1rios, apenas 164.592 foram vacinados no primeiro m\u00eas da campanha, de acordo com dados do governo consolidados at\u00e9 as 13h de quarta-feira (17).&nbsp;<\/p>\n\n\n\n<p>O baixo percentual de vacina\u00e7\u00e3o no Brasil (62% ainda n\u00e3o tomaram nenhuma dose) \u00e9 ainda maior entre os estados da Amaz\u00f4nia (71%). \u00c9 nesta regi\u00e3o do pa\u00eds que mais lideran\u00e7as relatam a difus\u00e3o de fake news que alertam os povos ind\u00edgenas contra o que chamam de &#8220;vacina com chip da besta fera&#8221;&nbsp;<em>(leia mais a seguir).&nbsp;<\/em><\/p>\n\n\n\n<p>Os dados foram contabilizados pelo&nbsp;<strong>G1<\/strong>&nbsp;com base nas informa\u00e7\u00f5es disponibilizadas pelo Minist\u00e9rio da Sa\u00fade na ferramenta LocalizaSUS. Os estados de Roraima, Paran\u00e1, Tocantins e Rio de Janeiro t\u00eam a menor taxa de aplica\u00e7\u00e3o da primeira dose (<em>veja gr\u00e1fico abaixo<\/em>).&nbsp;Todos os nove estados da Amaz\u00f4nia vacinaram menos de 50% da popula\u00e7\u00e3o ind\u00edgena.<\/p>\n\n\n\n<h2 class=\"wp-block-heading\">Ind\u00edgenas fora da presta\u00e7\u00e3o de contas ao STF<\/h2>\n\n\n\n<p>Em meio aos relatos de not\u00edcias falsas e a baixa taxa entre os aldeados, a Advocacia-Geral da Uni\u00e3o (AGU) informou, em documento enviado ao Supremo Tribunal Federal (STF), o status da vacina\u00e7\u00e3o entre quatro grupos de idosos e profissionais de sa\u00fade. Os n\u00fameros apresentados indicam que\u00a0<a href=\"https:\/\/g1.globo.com\/bemestar\/vacina\/noticia\/2021\/02\/18\/governo-diz-que-ja-vacinou-todos-os-idosos-com-mais-de-90-anos-e-73percent-dos-profissionais-de-saude-do-pais.ghtml\">foram vacinados todos os idosos com mais de 90 anos e 73% dos profissionais de sa\u00fade<\/a>. Entretanto, os dados dos povos ind\u00edgenas brasileiros, grupo priorit\u00e1rio na Fase 1, foram omitidos.<\/p>\n\n\n\n<p>A baixa cobertura vacinal dos ind\u00edgenas \u00e9 o mais novo\u00a0<a href=\"https:\/\/g1.globo.com\/bemestar\/coronavirus\/noticia\/2020\/07\/11\/por-que-bolsonaro-esta-sendo-acusado-de-colocar-indigenas-em-risco-em-meio-a-pandemia-de-covid-19.ghtml\">cap\u00edtulo negativo na gest\u00e3o federal da pandemia entre os ind\u00edgenas<\/a>. Ainda em julho, o\u00a0<a href=\"https:\/\/g1.globo.com\/politica\/noticia\/2020\/07\/08\/barroso-determina-medidas-que-governo-deve-adotar-para-evitar-morte-de-indigenas-por-coronavirus.ghtml\">STF determinou que o governo adotasse medidas<\/a>\u00a0para proteger as comunidades ind\u00edgenas e evitar a mortalidade pela Covid-19. Na primeira tentativa de a\u00e7\u00e3o conjunta,\u00a0<a href=\"https:\/\/g1.globo.com\/politica\/noticia\/2020\/07\/20\/entidade-de-indigenas-diz-ao-stf-que-reuniao-com-governo-sobre-a-pandemia-foi-humilhante.ghtml\">entidades ind\u00edgenas relataram humilha\u00e7\u00e3o<\/a>. Pouco mais de um m\u00eas ap\u00f3s a determina\u00e7\u00e3o, o\u00a0<a href=\"https:\/\/g1.globo.com\/politica\/noticia\/2020\/08\/21\/barroso-manda-governo-fazer-nova-versao-de-plano-contra-coronavirus-entre-indigenas.ghtml\">STF ordenou que o plano fosse refeito<\/a>.<\/p>\n\n\n\n<h2 class=\"wp-block-heading\">Informa\u00e7\u00f5es falsas sobre a vacina&nbsp;<\/h2>\n\n\n\n<p>Diferentes representantes ind\u00edgenas e funcion\u00e1rios de sa\u00fade denunciam que as fake news sobre a vacina chegaram \u00e0s comunidades por mission\u00e1rios evang\u00e9licos. Eles associam a baixa vacinal a essa campanha negativa, e avaliam que as dificuldades log\u00edsticas n\u00e3o s\u00e3o o principal entrave.&nbsp;<\/p>\n\n\n\n<p>Cleidiane Carvalho, respons\u00e1vel pelo Distrito Sanit\u00e1rio Especial Ind\u00edgena do Tapaj\u00f3s, no Par\u00e1, diz que as dificuldades tradicionais, as estruturais, foram resolvidas.&nbsp;<\/p>\n\n\n\n<p>&#8220;N\u00f3s estamos conseguindo superar. Tem todo o suporte, tanto a\u00e9reo, tanto terrestre, quanto fluvial, as equipes tamb\u00e9m est\u00e3o com os EPIs [equipamentos de prote\u00e7\u00e3o individual], que \u00e9 uma dificuldade de v\u00e1rias outras unidades. A quest\u00e3o da dist\u00e2ncia tamb\u00e9m conseguimos superar. Agora, a das fake news n\u00f3s n\u00e3o estamos conseguindo superar&#8221;, disse.<\/p>\n\n\n\n<p>Cleidiane est\u00e1 recebendo cartas e documentos de agentes de sa\u00fade. Eles relatam que chegam \u00e0s comunidades e recebem uma negativa dos ind\u00edgenas sobre a vacina\u00e7\u00e3o.&nbsp;<\/p>\n\n\n\n<p>&#8220;Em miss\u00e3o S\u00e3o Francisco, que tem mais de 1.800 pessoas, n\u00f3s conseguimos fazer 59 doses. O problema maior, por exemplo, no polo base de Itaituba,&nbsp;n\u00f3s tivemos relatos por parte da equipe de que o pastor da Assembleia de Deus dizia que n\u00e3o era para se vacinar porque seria implantado o chip da besta fera com a vacina. Dificulta&#8221;, disse ao&nbsp;<strong>G1<\/strong>. Segundo ela, os ind\u00edgenas acabam acreditando nessas informa\u00e7\u00f5es, que chegam tamb\u00e9m pelas redes sociais.&nbsp;<\/p>\n\n\n\n<h2 class=\"wp-block-heading\">Caciques confirmam a recusa<\/h2>\n\n\n\n<p>O cacique Mobu odo Arara, da terra ind\u00edgena Cachoeira Seca, no Par\u00e1, historicamente a mais desmatada do pa\u00eds, diz que tem &#8220;muitas pessoas falando mentira&#8221; e que o &#8220;pessoal fica com medo de tomar a vacina&#8221;.&nbsp;<\/p>\n\n\n\n<p>&#8220;As mentiras chegam nas redes sociais para n\u00f3s, na verdade, todas as aldeias, n\u00e3o \u00e9 s\u00f3 pra n\u00f3s n\u00e3o. Nos Yanomami [Roraima] aconteceu a mesma coisa e chegaram a denunciar essas pessoas que estavam mandando \u00e1udio. Tamb\u00e9m est\u00e1 acontecendo com os Munduruku [Par\u00e1]&#8221;, contou.&nbsp;<\/p>\n\n\n\n<p>O cacique diz, ainda, que a informa\u00e7\u00e3o que receberam \u00e9 de que a pessoa vacinada &#8220;fica amarela&#8221; depois da primeira dose.&nbsp;<\/p>\n\n\n\n<blockquote class=\"wp-block-quote is-layout-flow wp-block-quote-is-layout-flow\"><p>&#8220;Dizem que viram em um hospital de S\u00e3o Paulo um &#8216;horror de gente&#8217; amarela, ficaram com cor diferente. E a\u00ed eles falam no \u00e1udio que s\u00e3o as pessoas que tomaram a vacina&#8221; &#8211; cacique Mobu odo Arara.&nbsp;<\/p><\/blockquote>\n\n\n\n<p>H\u00e1 relatos, ainda, entre os Kayap\u00f3 Xikrin, no Par\u00e1, e em comunidades do Amazonas. O&nbsp;<strong>G1<\/strong>entrou em contato com os nove estados do Brasil com a menor taxa de vacina\u00e7\u00e3o entre os ind\u00edgenas aldeados e perguntou sobre outras dificuldades para a aplica\u00e7\u00e3o das doses, al\u00e9m dos problemas com as &#8220;fake news&#8221;.&nbsp;<\/p>\n\n\n\n<p>O estado de Santa Catarina confirmou a rejei\u00e7\u00e3o \u00e0 vacina em alguns povos, &#8220;principalmente, nas unidades descentralizadas de Vigil\u00e2ncia Epidemiol\u00f3gica (UDVES) de Rio do Sul e Xanxer\u00ea&#8221;. Al\u00e9m disso, a secretaria tamb\u00e9m confirma que o motivo mais comum de recusa \u00e0s doses \u00e9 o recebimento de informa\u00e7\u00f5es falsas.&nbsp;<\/p>\n\n\n\n<p>Os estados do Paran\u00e1 e do Tocantins chegaram a responder, mas disseram que apenas os Distritos Sanit\u00e1rios Especiais Ind\u00edgenas podem detalhar os problemas. As outras secretarias de sa\u00fade estaduais, do Rio de Janeiro, Amazonas, Roraima, Acre, Mato Grosso e Mato Grosso do Sul n\u00e3o responderam at\u00e9 a publica\u00e7\u00e3o desta reportagem.&nbsp;<\/p>\n\n\n\n<p>Questionado sobre a baixa taxa de vacina\u00e7\u00e3o e as mensagens falsas sobre as vacinas disseminadas entre os povos ind\u00edgenas, o Minist\u00e9rio da Sa\u00fade respondeu que equipes &#8220;dos 34 Distritos Sanit\u00e1rios Especiais Ind\u00edgenas (DSEI) t\u00eam realizado constante conscientiza\u00e7\u00e3o sobre a imuniza\u00e7\u00e3o contra a Covid-19&#8221;.&nbsp;<\/p>\n\n\n\n<p>Al\u00e9m disso, o governo afirma que &#8220;presidentes dos Conselhos Distritais de Sa\u00fade Ind\u00edgena (CONDISI) e lideran\u00e7as ind\u00edgenas t\u00eam apoiado a SESAI refor\u00e7ando a campanha de imuniza\u00e7\u00e3o nos Distritos. &#8221;&nbsp;<\/p>\n\n\n\n<p>O&nbsp;<strong>G1<\/strong>&nbsp;tamb\u00e9m entrou em contato com a Secretaria de Sa\u00fade Ind\u00edgena (Sesai), vinculada \u00e0 pasta, e n\u00e3o recebeu uma resposta.<\/p>\n","protected":false},"excerpt":{"rendered":"<p>Relatos com informa\u00e7\u00f5es falsas sobre vacinas s\u00e3o disseminados entre as aldeias. Em documento enviado ao Supremo Tribunal Federal, a AGU omite \u00edndice de imuniza\u00e7\u00e3o\u00a0<\/p>\n","protected":false},"author":1,"featured_media":0,"comment_status":"closed","ping_status":"open","sticky":false,"template":"","format":"standard","meta":{"_exactmetrics_skip_tracking":false,"_exactmetrics_sitenote_active":false,"_exactmetrics_sitenote_note":"","_exactmetrics_sitenote_category":0,"jetpack_post_was_ever_published":false,"_jetpack_newsletter_access":"","_jetpack_dont_email_post_to_subs":false,"_jetpack_newsletter_tier_id":0,"_jetpack_memberships_contains_paywalled_content":false,"_jetpack_memberships_contains_paid_content":false,"footnotes":"","jetpack_publicize_message":"","jetpack_publicize_feature_enabled":true,"jetpack_social_post_already_shared":true,"jetpack_social_options":{"image_generator_settings":{"template":"highway","enabled":false},"version":2}},"categories":[1],"tags":[],"class_list":["post-30946","post","type-post","status-publish","format-standard","hentry","category-notas"],"jetpack_publicize_connections":[],"jetpack_sharing_enabled":true,"jetpack_featured_media_url":"","jetpack_shortlink":"https:\/\/wp.me\/p7wKYW-838","jetpack-related-posts":[],"_links":{"self":[{"href":"http:\/\/blogdalucianaoliveira.com.br\/blog\/wp-json\/wp\/v2\/posts\/30946","targetHints":{"allow":["GET"]}}],"collection":[{"href":"http:\/\/blogdalucianaoliveira.com.br\/blog\/wp-json\/wp\/v2\/posts"}],"about":[{"href":"http:\/\/blogdalucianaoliveira.com.br\/blog\/wp-json\/wp\/v2\/types\/post"}],"author":[{"embeddable":true,"href":"http:\/\/blogdalucianaoliveira.com.br\/blog\/wp-json\/wp\/v2\/users\/1"}],"replies":[{"embeddable":true,"href":"http:\/\/blogdalucianaoliveira.com.br\/blog\/wp-json\/wp\/v2\/comments?post=30946"}],"version-history":[{"count":1,"href":"http:\/\/blogdalucianaoliveira.com.br\/blog\/wp-json\/wp\/v2\/posts\/30946\/revisions"}],"predecessor-version":[{"id":30948,"href":"http:\/\/blogdalucianaoliveira.com.br\/blog\/wp-json\/wp\/v2\/posts\/30946\/revisions\/30948"}],"wp:attachment":[{"href":"http:\/\/blogdalucianaoliveira.com.br\/blog\/wp-json\/wp\/v2\/media?parent=30946"}],"wp:term":[{"taxonomy":"category","embeddable":true,"href":"http:\/\/blogdalucianaoliveira.com.br\/blog\/wp-json\/wp\/v2\/categories?post=30946"},{"taxonomy":"post_tag","embeddable":true,"href":"http:\/\/blogdalucianaoliveira.com.br\/blog\/wp-json\/wp\/v2\/tags?post=30946"}],"curies":[{"name":"wp","href":"https:\/\/api.w.org\/{rel}","templated":true}]}}