{"id":30949,"date":"2021-02-18T21:54:47","date_gmt":"2021-02-19T01:54:47","guid":{"rendered":"http:\/\/blogdalucianaoliveira.com.br\/blog\/?p=30949"},"modified":"2021-02-18T21:55:14","modified_gmt":"2021-02-19T01:55:14","slug":"bolsonarista-defensor-do-eletrochoque-tera-cargo-no-ministerio-da-saude","status":"publish","type":"post","link":"http:\/\/blogdalucianaoliveira.com.br\/blog\/2021\/02\/18\/bolsonarista-defensor-do-eletrochoque-tera-cargo-no-ministerio-da-saude\/","title":{"rendered":"Bolsonarista defensor do eletrochoque ter\u00e1 cargo no Minist\u00e9rio da Sa\u00fade"},"content":{"rendered":"\n<figure class=\"wp-block-image size-large\"><img data-recalc-dims=\"1\" loading=\"lazy\" decoding=\"async\" width=\"300\" height=\"180\" data-attachment-id=\"30950\" data-permalink=\"http:\/\/blogdalucianaoliveira.com.br\/blog\/2021\/02\/18\/bolsonarista-defensor-do-eletrochoque-tera-cargo-no-ministerio-da-saude\/e4c06c6f-dad0-4bcc-8da7-a76d12b4f404\/\" data-orig-file=\"https:\/\/i0.wp.com\/blogdalucianaoliveira.com.br\/blog\/wp-content\/uploads\/2021\/02\/E4C06C6F-DAD0-4BCC-8DA7-A76D12B4F404.png?fit=300%2C180\" data-orig-size=\"300,180\" data-comments-opened=\"0\" data-image-meta=\"{&quot;aperture&quot;:&quot;0&quot;,&quot;credit&quot;:&quot;&quot;,&quot;camera&quot;:&quot;&quot;,&quot;caption&quot;:&quot;&quot;,&quot;created_timestamp&quot;:&quot;0&quot;,&quot;copyright&quot;:&quot;&quot;,&quot;focal_length&quot;:&quot;0&quot;,&quot;iso&quot;:&quot;0&quot;,&quot;shutter_speed&quot;:&quot;0&quot;,&quot;title&quot;:&quot;&quot;,&quot;orientation&quot;:&quot;0&quot;}\" data-image-title=\"E4C06C6F-DAD0-4BCC-8DA7-A76D12B4F404\" data-image-description=\"\" data-image-caption=\"\" data-medium-file=\"https:\/\/i0.wp.com\/blogdalucianaoliveira.com.br\/blog\/wp-content\/uploads\/2021\/02\/E4C06C6F-DAD0-4BCC-8DA7-A76D12B4F404.png?fit=300%2C180\" data-large-file=\"https:\/\/i0.wp.com\/blogdalucianaoliveira.com.br\/blog\/wp-content\/uploads\/2021\/02\/E4C06C6F-DAD0-4BCC-8DA7-A76D12B4F404.png?fit=300%2C180\" src=\"https:\/\/i0.wp.com\/blogdalucianaoliveira.com.br\/blog\/wp-content\/uploads\/2021\/02\/E4C06C6F-DAD0-4BCC-8DA7-A76D12B4F404.png?resize=300%2C180\" alt=\"\" class=\"wp-image-30950\"\/><\/figure>\n\n\n\n<p>Carta Capital &#8211; O psiquiatra Rafael Bernadon Ribeiro \u00e9 autor de diversas pesquisas a respeito do controverso tratamento.<\/p>\n\n\n\n<!--more-->\n\n\n\n<p>O Minist\u00e9rio da Sa\u00fade ter\u00e1 um defensor do eletrochoque como novo coordenador-geral de Sa\u00fade Mental, \u00c1lcool e Outras Drogas.<\/p>\n\n\n\n<p>A nomea\u00e7\u00e3o do\u00a0psiquiatra Rafael Bernardon Ribeiro foi publicada no Di\u00e1rio Oficial da Uni\u00e3o nesta quinta-feira 18, e \u00e9\u00a0assinada pelo ministro Eduardo Pazuello. A \u00e1rea \u00e9 ligada ao Departamento de A\u00e7\u00f5es Program\u00e1ticas Estrat\u00e9gicas, da Secretaria de Aten\u00e7\u00e3o Prim\u00e1ria \u00e0 Sa\u00fade.<\/p>\n\n\n\n<p>Ele substitui&nbsp;Maria Dilma Alves Teodoro, que pediu demiss\u00e3o depois que o&nbsp;Minist\u00e9rio da Sa\u00fade foi pego&nbsp;preparando a revoga\u00e7\u00e3o de 99 portarias sobre sa\u00fade mental. Maria Dilma era autora da planilha que, em linhas gerais, diminuia investimentos nos Caps e aumentava a verba destinada a hospitais psiqui\u00e1tricos.<\/p>\n\n\n\n<p>Ribeiro \u00e9 pr\u00f3ximo de Quirino Cordeiro Junior, atual&nbsp;secret\u00e1rio de Drogas do Minist\u00e9rio da Cidadania. Ambos defendem a populariza\u00e7\u00e3o da eletroconvulsoterapia, conhecida no passado como eletrochoque. Embora j\u00e1 distante das era dos manic\u00f4mios \u2013 a ECT hoje&nbsp;\u00e9 indolor e segue um protocolo r\u00edgido -,&nbsp;a terapia ainda provoca controv\u00e9rsias.<\/p>\n\n\n\n<p>Estudos com a ECT mostram resultados positivos em casos de depress\u00e3o profunda e outras doen\u00e7as graves que resistem a outros tratamentos, mas a ci\u00eancia ainda n\u00e3o o porqu\u00ea o choque funciona. \u201cProvoca-se uma esp\u00e9cie de \u2018reset\u2019 no c\u00e9rebro\u201d, resume, reservadamente, uma profissional da \u00e1rea a CartaCapital.<\/p>\n\n\n\n<p>H\u00e1 alguns anos, a dupla aprovou junto ao CNPq, um projeto de desenvolvimento de um aparelho port\u00e1til de estimula\u00e7\u00e3o transcraniana, uma esp\u00e9cie de \u2018irm\u00e3o ca\u00e7ula\u2019 da ECT. O aparelho est\u00e1 \u00e0 venda.&nbsp;Bernardon e a esposa D\u00e9bora Melzer, tamb\u00e9m psiquiatra, aparecem em folhetos de propaganda como os respons\u00e1veis t\u00e9cnicos.<\/p>\n\n\n\n<p>No in\u00edcio do ano passado, Cordeiro foi criticado por elaborar um documento interno na Sa\u00fade em que defendia a compra de equipamentos de eletroconvulsoterapia.&nbsp;A proposta n\u00e3o saiu do papel.<\/p>\n\n\n\n<p>Ribeiro \u00e9 tamb\u00e9m um enf\u00e1tico defensor de Jair Bolsonaro nas redes sociais. Declarou voto no no ex-capit\u00e3o e fez cr\u00edticas diversas ao STF e aos governos petistas. As postagens, contudo, n\u00e3o est\u00e3o mais dispon\u00edveis ao p\u00fablico.<\/p>\n\n\n\n<p><\/p>\n\n\n\n<p><\/p>\n\n\n\n<p><\/p>\n\n\n\n<p><\/p>\n\n\n\n<p><\/p>\n","protected":false},"excerpt":{"rendered":"<p>Carta Capital &#8211; O psiquiatra Rafael Bernadon Ribeiro \u00e9 autor de diversas pesquisas a respeito do controverso tratamento.<\/p>\n","protected":false},"author":1,"featured_media":0,"comment_status":"closed","ping_status":"open","sticky":false,"template":"","format":"standard","meta":{"_exactmetrics_skip_tracking":false,"_exactmetrics_sitenote_active":false,"_exactmetrics_sitenote_note":"","_exactmetrics_sitenote_category":0,"jetpack_post_was_ever_published":false,"_jetpack_newsletter_access":"","_jetpack_dont_email_post_to_subs":false,"_jetpack_newsletter_tier_id":0,"_jetpack_memberships_contains_paywalled_content":false,"_jetpack_memberships_contains_paid_content":false,"footnotes":"","jetpack_publicize_message":"","jetpack_publicize_feature_enabled":true,"jetpack_social_post_already_shared":true,"jetpack_social_options":{"image_generator_settings":{"template":"highway","enabled":false},"version":2}},"categories":[1],"tags":[],"class_list":["post-30949","post","type-post","status-publish","format-standard","hentry","category-notas"],"jetpack_publicize_connections":[],"jetpack_sharing_enabled":true,"jetpack_featured_media_url":"","jetpack_shortlink":"https:\/\/wp.me\/p7wKYW-83b","jetpack-related-posts":[],"_links":{"self":[{"href":"http:\/\/blogdalucianaoliveira.com.br\/blog\/wp-json\/wp\/v2\/posts\/30949","targetHints":{"allow":["GET"]}}],"collection":[{"href":"http:\/\/blogdalucianaoliveira.com.br\/blog\/wp-json\/wp\/v2\/posts"}],"about":[{"href":"http:\/\/blogdalucianaoliveira.com.br\/blog\/wp-json\/wp\/v2\/types\/post"}],"author":[{"embeddable":true,"href":"http:\/\/blogdalucianaoliveira.com.br\/blog\/wp-json\/wp\/v2\/users\/1"}],"replies":[{"embeddable":true,"href":"http:\/\/blogdalucianaoliveira.com.br\/blog\/wp-json\/wp\/v2\/comments?post=30949"}],"version-history":[{"count":2,"href":"http:\/\/blogdalucianaoliveira.com.br\/blog\/wp-json\/wp\/v2\/posts\/30949\/revisions"}],"predecessor-version":[{"id":30952,"href":"http:\/\/blogdalucianaoliveira.com.br\/blog\/wp-json\/wp\/v2\/posts\/30949\/revisions\/30952"}],"wp:attachment":[{"href":"http:\/\/blogdalucianaoliveira.com.br\/blog\/wp-json\/wp\/v2\/media?parent=30949"}],"wp:term":[{"taxonomy":"category","embeddable":true,"href":"http:\/\/blogdalucianaoliveira.com.br\/blog\/wp-json\/wp\/v2\/categories?post=30949"},{"taxonomy":"post_tag","embeddable":true,"href":"http:\/\/blogdalucianaoliveira.com.br\/blog\/wp-json\/wp\/v2\/tags?post=30949"}],"curies":[{"name":"wp","href":"https:\/\/api.w.org\/{rel}","templated":true}]}}