{"id":30953,"date":"2021-02-19T09:35:18","date_gmt":"2021-02-19T13:35:18","guid":{"rendered":"http:\/\/blogdalucianaoliveira.com.br\/blog\/?p=30953"},"modified":"2021-02-19T09:35:25","modified_gmt":"2021-02-19T13:35:25","slug":"pandemia-e-pistolagem-marcam-o-inicio-do-ano-de-2021-no-campo-brasileiro","status":"publish","type":"post","link":"http:\/\/blogdalucianaoliveira.com.br\/blog\/2021\/02\/19\/pandemia-e-pistolagem-marcam-o-inicio-do-ano-de-2021-no-campo-brasileiro\/","title":{"rendered":"PANDEMIA E PISTOLAGEM MARCAM O IN\u00cdCIO DO ANO DE 2021 NO CAMPO BRASILEIRO"},"content":{"rendered":"\n<figure class=\"wp-block-image size-large\"><img data-recalc-dims=\"1\" loading=\"lazy\" decoding=\"async\" width=\"431\" height=\"237\" data-attachment-id=\"30954\" data-permalink=\"http:\/\/blogdalucianaoliveira.com.br\/blog\/2021\/02\/19\/pandemia-e-pistolagem-marcam-o-inicio-do-ano-de-2021-no-campo-brasileiro\/d7221df8-04f0-4cbe-9742-fb94602bbcc5\/\" data-orig-file=\"https:\/\/i0.wp.com\/blogdalucianaoliveira.com.br\/blog\/wp-content\/uploads\/2021\/02\/D7221DF8-04F0-4CBE-9742-FB94602BBCC5.png?fit=431%2C237\" data-orig-size=\"431,237\" data-comments-opened=\"0\" data-image-meta=\"{&quot;aperture&quot;:&quot;0&quot;,&quot;credit&quot;:&quot;&quot;,&quot;camera&quot;:&quot;&quot;,&quot;caption&quot;:&quot;&quot;,&quot;created_timestamp&quot;:&quot;0&quot;,&quot;copyright&quot;:&quot;&quot;,&quot;focal_length&quot;:&quot;0&quot;,&quot;iso&quot;:&quot;0&quot;,&quot;shutter_speed&quot;:&quot;0&quot;,&quot;title&quot;:&quot;&quot;,&quot;orientation&quot;:&quot;0&quot;}\" data-image-title=\"D7221DF8-04F0-4CBE-9742-FB94602BBCC5\" data-image-description=\"\" data-image-caption=\"\" data-medium-file=\"https:\/\/i0.wp.com\/blogdalucianaoliveira.com.br\/blog\/wp-content\/uploads\/2021\/02\/D7221DF8-04F0-4CBE-9742-FB94602BBCC5.png?fit=300%2C165\" data-large-file=\"https:\/\/i0.wp.com\/blogdalucianaoliveira.com.br\/blog\/wp-content\/uploads\/2021\/02\/D7221DF8-04F0-4CBE-9742-FB94602BBCC5.png?fit=431%2C237\" src=\"https:\/\/i0.wp.com\/blogdalucianaoliveira.com.br\/blog\/wp-content\/uploads\/2021\/02\/D7221DF8-04F0-4CBE-9742-FB94602BBCC5.png?resize=431%2C237\" alt=\"\" class=\"wp-image-30954\" srcset=\"https:\/\/i0.wp.com\/blogdalucianaoliveira.com.br\/blog\/wp-content\/uploads\/2021\/02\/D7221DF8-04F0-4CBE-9742-FB94602BBCC5.png?w=431 431w, https:\/\/i0.wp.com\/blogdalucianaoliveira.com.br\/blog\/wp-content\/uploads\/2021\/02\/D7221DF8-04F0-4CBE-9742-FB94602BBCC5.png?resize=300%2C165 300w\" sizes=\"auto, (max-width: 431px) 100vw, 431px\" \/><\/figure>\n\n\n\n<p>Estamos chegando ao final do segundo m\u00eas do ano de 2021, e percebemos a necessidade de fazer mem\u00f3ria das injusti\u00e7as que assolam o povo do campo, da cidade e da floresta.&nbsp;<\/p>\n\n\n\n<!--more-->\n\n\n\n<p>O ano de 2020 terminou, e com ele renovou-se a esperan\u00e7a de um novo ano atulhado de boas energias. O que n\u00e3o aconteceu, infelizmente. Em janeiro tivemos uma m\u00e9dia de 140% de aumento de novos casos de covid em todo territ\u00f3rio brasileiro. Per\u00edodo em que as medidas restritivas e sanit\u00e1rias foram praticamente deixadas de lado, por conta das festas de final de ano e que, lamentavelmente, levou o estado de Rond\u00f4nia a alcan\u00e7ar mais de 2 mil mortes e o Brasil ultrapassar&nbsp; 200 mil vidas perdidas por conta da COVID-19.&nbsp;<\/p>\n\n\n\n<p>Em meio a esperan\u00e7a da chegada da vacina, as injusti\u00e7as sociais continuam e ganham ainda mais refor\u00e7o, tendo em vista que \u201c<a href=\"https:\/\/www.oxfam.org.br\/justica-social-e-economica\/forum-economico-de-davos\/o-virus-da-desigualdade\/\">O v\u00edrus da desigualdade\u201d, como designado no relat\u00f3rio apresentado pela Oxfam<\/a>, escancara o contraste social em todo o mundo, atingindo principalmente mulheres, a popula\u00e7\u00e3o negra e integrantes de grupos \u00e9tnicos minorit\u00e1rios, assim como, o povo campon\u00eas.<\/p>\n\n\n\n<p>A conjuntura em s\u00edntese \u00e9 essa. O aumento da desigualdade ressalta tamb\u00e9m a injusti\u00e7a do poder judici\u00e1rio no trato aos movimentos sociais e dos sujeitos envolvidos na luta pela terra. Em Rond\u00f4nia, iniciamos 2021, mais especificamente no dia 29 de janeiro, com nova a\u00e7\u00e3o de pistolagem contra o povo do Acampamento Manoel Ribeiro, localizado na \u00e1rea rural do munic\u00edpio de Chupinguaia, em que armas foram apontadas para crian\u00e7as, mulheres e jovens que integram o grupo de camponeses vinculados a&nbsp;<em>\u201cLiga dos Camponeses Pobres &#8211; LCP\u201d,&nbsp;<\/em>em uma tentativa de despejo for\u00e7ado e ilegal. O que n\u00e3o se concretizou, sendo isso m\u00e9rito dos acampados, que mesmo diante todas as dificuldades, seguem em busca de seus direitos e do fim do latif\u00fandio.&nbsp;<\/p>\n\n\n\n<p>Em uma \u00e1rea da fazenda Nossa Senhora Aparecida, desmembrada da antiga Fazenda Santa Elina, palco do massacre de Corumbiara, os acampados sofrem com os vest\u00edgios de agrot\u00f3xico, causando-lhes perdas produtivas e processos al\u00e9rgicos que afetam os moradores.<\/p>\n\n\n\n<p>Ainda no horizonte rondoniense, o m\u00eas de fevereiro trouxe novo ataque ao povo do campo. O fato apresentado refere-se ao dia 5\/02\/2021, dia em que 200 das 380 fam\u00edlias moradoras do Projeto de Assentamento Nova Floresta, localizado nos munic\u00edpios de Governador Jorge Teixeira e Campo Novo de Rond\u00f4nia, foram despejadas e tiveram suas casas e lavouras destru\u00eddas. \u00c0 m\u00eddia e \u00e0s organiza\u00e7\u00f5es e movimentos sociais, a Pol\u00edcia Militar afirmava que a reintegra\u00e7\u00e3o havia sido suspensa por 30 dias por conta da pandemia, mas, na verdade, estava organizando toda a for\u00e7a tarefa para a efetiva\u00e7\u00e3o do despejo.<\/p>\n\n\n\n<figure class=\"wp-block-image size-large\"><img data-recalc-dims=\"1\" loading=\"lazy\" decoding=\"async\" width=\"404\" height=\"239\" data-attachment-id=\"30955\" data-permalink=\"http:\/\/blogdalucianaoliveira.com.br\/blog\/2021\/02\/19\/pandemia-e-pistolagem-marcam-o-inicio-do-ano-de-2021-no-campo-brasileiro\/ea4827cb-f6a2-42fb-a8c4-dcd1ca9c0df8\/\" data-orig-file=\"https:\/\/i0.wp.com\/blogdalucianaoliveira.com.br\/blog\/wp-content\/uploads\/2021\/02\/EA4827CB-F6A2-42FB-A8C4-DCD1CA9C0DF8.jpeg?fit=404%2C239\" data-orig-size=\"404,239\" data-comments-opened=\"0\" data-image-meta=\"{&quot;aperture&quot;:&quot;0&quot;,&quot;credit&quot;:&quot;&quot;,&quot;camera&quot;:&quot;&quot;,&quot;caption&quot;:&quot;&quot;,&quot;created_timestamp&quot;:&quot;0&quot;,&quot;copyright&quot;:&quot;&quot;,&quot;focal_length&quot;:&quot;0&quot;,&quot;iso&quot;:&quot;0&quot;,&quot;shutter_speed&quot;:&quot;0&quot;,&quot;title&quot;:&quot;&quot;,&quot;orientation&quot;:&quot;0&quot;}\" data-image-title=\"EA4827CB-F6A2-42FB-A8C4-DCD1CA9C0DF8\" data-image-description=\"\" data-image-caption=\"\" data-medium-file=\"https:\/\/i0.wp.com\/blogdalucianaoliveira.com.br\/blog\/wp-content\/uploads\/2021\/02\/EA4827CB-F6A2-42FB-A8C4-DCD1CA9C0DF8.jpeg?fit=300%2C177\" data-large-file=\"https:\/\/i0.wp.com\/blogdalucianaoliveira.com.br\/blog\/wp-content\/uploads\/2021\/02\/EA4827CB-F6A2-42FB-A8C4-DCD1CA9C0DF8.jpeg?fit=404%2C239\" src=\"https:\/\/i0.wp.com\/blogdalucianaoliveira.com.br\/blog\/wp-content\/uploads\/2021\/02\/EA4827CB-F6A2-42FB-A8C4-DCD1CA9C0DF8.jpeg?resize=404%2C239\" alt=\"\" class=\"wp-image-30955\" srcset=\"https:\/\/i0.wp.com\/blogdalucianaoliveira.com.br\/blog\/wp-content\/uploads\/2021\/02\/EA4827CB-F6A2-42FB-A8C4-DCD1CA9C0DF8.jpeg?w=404 404w, https:\/\/i0.wp.com\/blogdalucianaoliveira.com.br\/blog\/wp-content\/uploads\/2021\/02\/EA4827CB-F6A2-42FB-A8C4-DCD1CA9C0DF8.jpeg?resize=300%2C177 300w\" sizes=\"auto, (max-width: 404px) 100vw, 404px\" \/><\/figure>\n\n\n\n<p>Um dia antes, no dia 4 de fevereiro, a quest\u00e3o ambiental volta a entrar na pauta do projeto em curso de acumula\u00e7\u00e3o do capital no territ\u00f3rio rondoniense. Modelo que expropria, que nega e visa o fim da heterogeneidade social, principalmente na Amaz\u00f4nia. Neste dia, deputados estaduais e a Sedam voltaram a discutir acerca do Projeto de Lei Complementar 080, que prop\u00f5e a redu\u00e7\u00e3o da Reserva Extrativista Jacy-Paran\u00e1 e do Parque Estadual de Guajar\u00e1-Mirim.<\/p>\n\n\n\n<p>Devemos compreender esse ataque como sendo um projeto do Estado Neoliberalista que visa a regulariza\u00e7\u00e3o fundi\u00e1ria voltada a facilita\u00e7\u00e3o da financeiriza\u00e7\u00e3o da terra, favorecendo ainda mais a fluidez do mercado de terras, tratando-a como commodities. Deixando de ser terra de trabalho, para ser, apenas, terra de recurso. Possibilitando ao m\u00e1ximo a explora\u00e7\u00e3o dos recursos florestais, minerais e h\u00eddricos, expressando-se no aumento da destrui\u00e7\u00e3o ambiental.&nbsp;<\/p>\n\n\n\n<p>N\u00e3o poder\u00edamos deixar de incluir neste resgate, as a\u00e7\u00f5es contra a luta pela terra e contra os povos ind\u00edgenas nessas e em outras paragens do poente de nossa p\u00e1tria m\u00e3e gentil. A exemplo do frio assassinato de Fernando dos Santos Ara\u00fajo, \u00fanico sobrevivente da chacina de Pau D\u2019Arco, epis\u00f3dio que ceifou a vida de dez camponeses no sul do estado do Par\u00e1. Assim como o assassinato do jovem ind\u00edgena Isak Temb\u00e9, no dia 12 de fevereiro, no munic\u00edpio de Capit\u00e3o Po\u00e7o no noroeste do Par\u00e1.&nbsp;<\/p>\n\n\n\n<p>Outra a\u00e7\u00e3o de pistolagem foi denunciada contra os povos da Terra Ind\u00edgena Uru Eu Wau Wau. Diante do fato, os ind\u00edgenas est\u00e3o com o acesso comprometido a aldeia Alto Jamari prejudicando as a\u00e7\u00f5es das equipes de vacina\u00e7\u00e3o, que agora precisam de escolta para chegar at\u00e9 o local de vacina\u00e7\u00e3o.&nbsp;<\/p>\n\n\n\n<p>Al\u00e9m disso, apresenta-se tamb\u00e9m a tentativa, por meio do Estado, de fechamento da Escola do campo Manoel Francisco de Oliveira, do munic\u00edpio de Nova Uni\u00e3o, em que os pais pedem o apoio da sociedade contra o fechamento da institui\u00e7\u00e3o. Neste caso, os movimentos sociais: MST, MPA, MAB, assim como partidos pol\u00edticos e os sindicatos: SINTERO, STTR, SINDNOV e FETAGRO, convidam toda a sociedade a se posicionar e participar contra mais essa a\u00e7\u00e3o em detrimento do povo do campo, por meio de um tuita\u00e7o no dia 19 de fevereiro entre \u00e0s 11 e 12 horas, usando a&nbsp;<strong>#FecharEscola\u00c9crime<\/strong>.<\/p>\n\n\n\n<figure class=\"wp-block-image\"><a href=\"https:\/\/i0.wp.com\/1.bp.blogspot.com\/-3CN6l-jvS0Y\/YC808Cgdn6I\/AAAAAAAASSk\/AVf3fFAMNLsQdeEPRqA147s32Hsi52e3wCLcBGAsYHQ\/s1080\/WhatsApp%252BImage%252B2021-02-17%252Bat%252B21.06.25.jpeg?ssl=1\"><img data-recalc-dims=\"1\" decoding=\"async\" src=\"https:\/\/i0.wp.com\/1.bp.blogspot.com\/-3CN6l-jvS0Y\/YC808Cgdn6I\/AAAAAAAASSk\/AVf3fFAMNLsQdeEPRqA147s32Hsi52e3wCLcBGAsYHQ\/w367-h367\/WhatsApp%252BImage%252B2021-02-17%252Bat%252B21.06.25.jpeg?w=600&#038;ssl=1\" alt=\"\"\/><\/a><\/figure>\n\n\n\n<p>Diante do que foi exposto, percebemos a imperativa necessidade de fortalecimento dos movimentos e organiza\u00e7\u00f5es sociais, junto aos sujeitos envolvidos na busca pela garantia dos Direitos Humanos e Sociais, que nos remetam a uma sociedade que zele por sua democracia representativa onde todos os envolvidos compreendam a import\u00e2ncia do coletivo, da comunidade, sendo ela maior que os anseios de uma classe, de um modelo econ\u00f4mico.&nbsp;<\/p>\n\n\n\n<p>Dessa maneira, podemos perceber que 2021 se iniciou com um ano de luta, que tender\u00e1 a perdas e ganhos. Seja pela pandemia da COVID-19, seja pela criminaliza\u00e7\u00e3o dos movimentos e organismos sociais e dos sujeitos envolvidos na luta por direitos sociais. A CPT-RO se compromete, como sempre o fez, de tentar ser um dos apoios dos povos do campo e floresta, mas tamb\u00e9m conclama \u00e0 sociedade que se una em prol de um movimento de um compromisso com a democracia voltada a solu\u00e7\u00e3o dos desequil\u00edbrios sociais. E que possamos ent\u00e3o assumir um compromisso fraternal regidos pelo lema da campanha da fraternidade&nbsp;<strong><em>\u201cCristo \u00e9 a nossa paz: do que era dividido, fez uma unidade\u201d<\/em><\/strong><\/p>\n\n\n\n<p>Fonte: CPT-RO<\/p>\n","protected":false},"excerpt":{"rendered":"<p>Estamos chegando ao final do segundo m\u00eas do ano de 2021, e percebemos a necessidade de fazer mem\u00f3ria das injusti\u00e7as que assolam o povo do campo, da cidade e da floresta.&nbsp;<\/p>\n","protected":false},"author":1,"featured_media":0,"comment_status":"closed","ping_status":"open","sticky":false,"template":"","format":"standard","meta":{"_exactmetrics_skip_tracking":false,"_exactmetrics_sitenote_active":false,"_exactmetrics_sitenote_note":"","_exactmetrics_sitenote_category":0,"jetpack_post_was_ever_published":false,"_jetpack_newsletter_access":"","_jetpack_dont_email_post_to_subs":false,"_jetpack_newsletter_tier_id":0,"_jetpack_memberships_contains_paywalled_content":false,"_jetpack_memberships_contains_paid_content":false,"footnotes":"","jetpack_publicize_message":"","jetpack_publicize_feature_enabled":true,"jetpack_social_post_already_shared":true,"jetpack_social_options":{"image_generator_settings":{"template":"highway","enabled":false},"version":2}},"categories":[1],"tags":[],"class_list":["post-30953","post","type-post","status-publish","format-standard","hentry","category-notas"],"jetpack_publicize_connections":[],"jetpack_sharing_enabled":true,"jetpack_featured_media_url":"","jetpack_shortlink":"https:\/\/wp.me\/p7wKYW-83f","jetpack-related-posts":[],"_links":{"self":[{"href":"http:\/\/blogdalucianaoliveira.com.br\/blog\/wp-json\/wp\/v2\/posts\/30953","targetHints":{"allow":["GET"]}}],"collection":[{"href":"http:\/\/blogdalucianaoliveira.com.br\/blog\/wp-json\/wp\/v2\/posts"}],"about":[{"href":"http:\/\/blogdalucianaoliveira.com.br\/blog\/wp-json\/wp\/v2\/types\/post"}],"author":[{"embeddable":true,"href":"http:\/\/blogdalucianaoliveira.com.br\/blog\/wp-json\/wp\/v2\/users\/1"}],"replies":[{"embeddable":true,"href":"http:\/\/blogdalucianaoliveira.com.br\/blog\/wp-json\/wp\/v2\/comments?post=30953"}],"version-history":[{"count":1,"href":"http:\/\/blogdalucianaoliveira.com.br\/blog\/wp-json\/wp\/v2\/posts\/30953\/revisions"}],"predecessor-version":[{"id":30956,"href":"http:\/\/blogdalucianaoliveira.com.br\/blog\/wp-json\/wp\/v2\/posts\/30953\/revisions\/30956"}],"wp:attachment":[{"href":"http:\/\/blogdalucianaoliveira.com.br\/blog\/wp-json\/wp\/v2\/media?parent=30953"}],"wp:term":[{"taxonomy":"category","embeddable":true,"href":"http:\/\/blogdalucianaoliveira.com.br\/blog\/wp-json\/wp\/v2\/categories?post=30953"},{"taxonomy":"post_tag","embeddable":true,"href":"http:\/\/blogdalucianaoliveira.com.br\/blog\/wp-json\/wp\/v2\/tags?post=30953"}],"curies":[{"name":"wp","href":"https:\/\/api.w.org\/{rel}","templated":true}]}}