{"id":30957,"date":"2021-02-19T11:57:01","date_gmt":"2021-02-19T15:57:01","guid":{"rendered":"http:\/\/blogdalucianaoliveira.com.br\/blog\/?p=30957"},"modified":"2021-02-19T11:57:05","modified_gmt":"2021-02-19T15:57:05","slug":"este-ano-nao-temos-carnaval-mas-temos-joao-roberto-kelly","status":"publish","type":"post","link":"http:\/\/blogdalucianaoliveira.com.br\/blog\/2021\/02\/19\/este-ano-nao-temos-carnaval-mas-temos-joao-roberto-kelly\/","title":{"rendered":"Este ano n\u00e3o temos Carnaval, mas temos Jo\u00e3o Roberto Kelly"},"content":{"rendered":"\n<figure class=\"wp-block-image\"><img data-recalc-dims=\"1\" decoding=\"async\" src=\"https:\/\/i0.wp.com\/jornalggn.com.br\/wp-content\/uploads\/2021\/02\/jornalggn.com.br-kelly1.jpg?w=600&#038;ssl=1\" alt=\"\"\/><\/figure>\n\n\n\n<p>Quase todo mundo algum dia j\u00e1 cantou uma das dezenas de marchinhas do Kelly, at\u00e9 as crian\u00e7as e os adolescentes de hoje.<br><\/p>\n\n\n\n<!--more-->\n\n\n\n<p><strong>por Rog\u00e9rio Marques<\/strong>, no GGN<\/p>\n\n\n\n<p>Muita gente n\u00e3o sabe que o autor das famosas marchinhas \u00e9 um dos respons\u00e1veis pelo primeiro grande show de transexuais no Brasil, que lan\u00e7ou a atriz Rog\u00e9ria.<\/p>\n\n\n\n<p>Neste ano sem Carnaval n\u00e3o temos o povo cantando nas ruas, por causa da pandemia, mas temos entre n\u00f3s, saud\u00e1vel e produzindo, aos 82 anos, aquele que \u00e9 um dos grandes animadores da festa h\u00e1 mais de meio s\u00e9culo: Jo\u00e3o Roberto Kelly, o Rei das Marchinhas.\u00a0<br><\/p>\n\n\n\n<p>Quase todo mundo algum dia j\u00e1 cantou uma das dezenas de marchinhas do Kelly, at\u00e9 as crian\u00e7as e os adolescentes de hoje. Essas marchinhas s\u00e3o obrigat\u00f3rias nos blocos e bailes de clubes desde o meu tempo de menino que j\u00e1 vai bem longe. Marchinhas como \u201cCabeleira do Zez\u00e9\u201d (parceria com Roberto Faissal), \u201cJoga a chave meu amor\u201d (com J. Ruy), \u201cColombina Ye Ye Ye\u201d (com David Nasser), \u201cMulata Ye Ye Ye\u201d (mais conhecida como \u201cMulata Bossa Nova\u201d) e tantas outras que at\u00e9 hoje est\u00e3o entre as mais cantadas, em todo Carnaval.<\/p>\n\n\n\n<p>Os mais jovens n\u00e3o sabem que esse mesmo Jo\u00e3o Roberto Kelly antes da fase carnavalesca teve uma outra, igualmente de sucesso, quando ajudou a lan\u00e7ar grandes artistas como Elza Soares, com a m\u00fasica \u201cBoato\u201d. Teve tamb\u00e9m composi\u00e7\u00f5es que se eternizaram nas vozes de Dalva de Oliveira, Elizete Cardoso, Cauby Peixoto, Em\u00edlio Santiago, Ciro Monteiro, Alcione. Duas m\u00fasicas de Kelly foram gravadas por Elis Regina, ainda adolescente, no in\u00edcio da carreira.<\/p>\n\n\n\n<p>A partir de 1964 as marchinhas de Jo\u00e3o Roberto Kelly conquistaram definitivamente os blocos carnavalescos e os sal\u00f5es de bailes. Essas marchinhas s\u00e3o cr\u00f4nicas de uma \u00e9poca. O famoso Zez\u00e9 da cabeleira era gar\u00e7om de um bar em Copacabana que se vestia num estilo modernoso para a \u00e9poca e acabou virando amigo do Kelly. A mulata bossa nova \u00e9 Vera L\u00facia Couto, primeira mulher negra a participar de um concurso de Miss Brasil. Eleita Miss Estado da Guanabara, Vera L\u00facia enfrentou preconceitos at\u00e9 na passarela, na hora do desfile, \u00e9 bom lembrar.<\/p>\n\n\n\n<p>Al\u00e9m de grande artista, Jo\u00e3o Roberto Kelly sempre foi um homem simples e, acima de tudo, generoso. Nasceu em uma fam\u00edlia da classe m\u00e9dia, filho do professor, jornalista, cr\u00edtico de arte Celso Kelly e neto do ministro do STF Octavio Kelly. Chegou a se formar em Direito, mas na faculdade o amor pela m\u00fasica j\u00e1 havia tra\u00e7ado seus caminhos.<\/p>\n\n\n\n<p>Eu gostaria de lembrar aqui um epis\u00f3dio da vida de Jo\u00e3o Roberto Kelly que muitos desconhecem. Ele foi um dos&nbsp; respons\u00e1veis pelo primeiro grande espet\u00e1culo de transexuais do Brasil, Les Girls. Este show lan\u00e7ou para uma carreira de sucesso a atriz Rog\u00e9ria (1943-2017), que nasceu Astolfo Barroso Pinto.<\/p>\n\n\n\n<p>Foi em 1964, ano do golpe militar. Kelly trabalhava na TV Rio, em Copacabana, na equipe respons\u00e1vel pelos musicais. Astolfo era&nbsp; ent\u00e3o um jovem maquiador da emissora, que naquela \u00e9poca estava, aos poucos, se transformando em Rog\u00e9ria.<\/p>\n\n\n\n<p>Um dia Astolfo pediu ao Kelly para fazer as m\u00fasicas de um show que ele estava preparando com um grupo de amigos, ou amigas. Um musical como aqueles da TV Rio, com um elenco s\u00f3 de travestis. Kelly concordou e fez todas as m\u00fasicas do musical Les Girls, sem cobrar nada por isso.<\/p>\n\n\n\n<p>O show estreou na boate S\u00f3t\u00e3o, da famosa Galeria Alaska, em Copacabana. Era uma galeria com algumas boates gays, hoje substitu\u00eddas por igrejas neopentecostais. Les Girls fez tanto sucesso que, durante anos, o elenco se apresentou em v\u00e1rias cidades brasileiras e tamb\u00e9m em Buenos Aires. Com o tempo, outras atrizes transexuais em come\u00e7o de carreira foram se incorporando ao elenco, como Jane Di Castro (1947-2020), que tamb\u00e9m ficou famosa como atriz e cantora.<\/p>\n\n\n\n<p>Jo\u00e3o Roberto Kelly diz que um dos grandes orgulhos de sua carreira profissional foi ter feito todas as m\u00fasicas de Les Girls. Mas lembra que enfrentou preconceitos, naquele tempo muito mais preconceituoso do que atualmente.<\/p>\n\n\n\n<p>O compositor conta que um dia foi chamado para uma conversa por um diretor da TV Rio que j\u00e1 n\u00e3o est\u00e1 mais entre n\u00f3s, e ouviu dele: \u201cPensa bem, voc\u00ea tem um bom emprego aqui e vai se meter em show de viados?\u201d Kelly respondeu: \u201cVou sim. Os meninos t\u00eam talento e isso j\u00e1 est\u00e1 decidido.\u201d<\/p>\n\n\n\n<p>Assim \u00e9 o Kelly, que mesmo na quarentena da pandemia, nesses tempos dif\u00edceis, continua produzindo em casa, e se cuidando, se preparando para 2022.<\/p>\n\n\n\n<p>Este ano o Brasil n\u00e3o tem Carnaval, mas tem Jo\u00e3o Roberto Kelly, o grande artista que h\u00e1 mais de 50 anos \u00e9 um dos respons\u00e1veis pela anima\u00e7\u00e3o da maior festa popular brasileira.<\/p>\n\n\n\n<p>(Foto: Marcos Michael \u2013 05\/01\/2018)<\/p>\n\n\n\n<p>Neste ano sem Carnaval n\u00e3o temos o povo cantando nas ruas, por causa da pandemia, mas temos entre n\u00f3s, saud\u00e1vel e produzindo, aos 82 anos, aquele que \u00e9 um dos grandes animadores da festa h\u00e1 mais de meio s\u00e9culo: Jo\u00e3o Roberto Kelly, o Rei das Marchinhas.<\/p>\n","protected":false},"excerpt":{"rendered":"<p>Quase todo mundo algum dia j\u00e1 cantou uma das dezenas de marchinhas do Kelly, at\u00e9 as crian\u00e7as e os adolescentes de hoje.<\/p>\n","protected":false},"author":1,"featured_media":0,"comment_status":"closed","ping_status":"open","sticky":false,"template":"","format":"standard","meta":{"_exactmetrics_skip_tracking":false,"_exactmetrics_sitenote_active":false,"_exactmetrics_sitenote_note":"","_exactmetrics_sitenote_category":0,"jetpack_post_was_ever_published":false,"_jetpack_newsletter_access":"","_jetpack_dont_email_post_to_subs":false,"_jetpack_newsletter_tier_id":0,"_jetpack_memberships_contains_paywalled_content":false,"_jetpack_memberships_contains_paid_content":false,"footnotes":"","jetpack_publicize_message":"","jetpack_publicize_feature_enabled":true,"jetpack_social_post_already_shared":true,"jetpack_social_options":{"image_generator_settings":{"template":"highway","enabled":false},"version":2}},"categories":[1],"tags":[],"class_list":["post-30957","post","type-post","status-publish","format-standard","hentry","category-notas"],"jetpack_publicize_connections":[],"jetpack_sharing_enabled":true,"jetpack_featured_media_url":"","jetpack_shortlink":"https:\/\/wp.me\/p7wKYW-83j","jetpack-related-posts":[],"_links":{"self":[{"href":"http:\/\/blogdalucianaoliveira.com.br\/blog\/wp-json\/wp\/v2\/posts\/30957","targetHints":{"allow":["GET"]}}],"collection":[{"href":"http:\/\/blogdalucianaoliveira.com.br\/blog\/wp-json\/wp\/v2\/posts"}],"about":[{"href":"http:\/\/blogdalucianaoliveira.com.br\/blog\/wp-json\/wp\/v2\/types\/post"}],"author":[{"embeddable":true,"href":"http:\/\/blogdalucianaoliveira.com.br\/blog\/wp-json\/wp\/v2\/users\/1"}],"replies":[{"embeddable":true,"href":"http:\/\/blogdalucianaoliveira.com.br\/blog\/wp-json\/wp\/v2\/comments?post=30957"}],"version-history":[{"count":1,"href":"http:\/\/blogdalucianaoliveira.com.br\/blog\/wp-json\/wp\/v2\/posts\/30957\/revisions"}],"predecessor-version":[{"id":30958,"href":"http:\/\/blogdalucianaoliveira.com.br\/blog\/wp-json\/wp\/v2\/posts\/30957\/revisions\/30958"}],"wp:attachment":[{"href":"http:\/\/blogdalucianaoliveira.com.br\/blog\/wp-json\/wp\/v2\/media?parent=30957"}],"wp:term":[{"taxonomy":"category","embeddable":true,"href":"http:\/\/blogdalucianaoliveira.com.br\/blog\/wp-json\/wp\/v2\/categories?post=30957"},{"taxonomy":"post_tag","embeddable":true,"href":"http:\/\/blogdalucianaoliveira.com.br\/blog\/wp-json\/wp\/v2\/tags?post=30957"}],"curies":[{"name":"wp","href":"https:\/\/api.w.org\/{rel}","templated":true}]}}