{"id":30961,"date":"2021-02-19T19:28:18","date_gmt":"2021-02-19T23:28:18","guid":{"rendered":"http:\/\/blogdalucianaoliveira.com.br\/blog\/?p=30961"},"modified":"2021-02-19T19:30:32","modified_gmt":"2021-02-19T23:30:32","slug":"por-364-votos-a-130camara-decide-manter-na-prisao-o-deputado-daniel-silveira","status":"publish","type":"post","link":"http:\/\/blogdalucianaoliveira.com.br\/blog\/2021\/02\/19\/por-364-votos-a-130camara-decide-manter-na-prisao-o-deputado-daniel-silveira\/","title":{"rendered":"Por 364 votos a 130,C\u00e2mara decide manter na pris\u00e3o o deputado Daniel Silveira"},"content":{"rendered":"\n<figure class=\"wp-block-image\"><img data-recalc-dims=\"1\" height=\"400\" width=\"600\" decoding=\"async\" src=\"https:\/\/i0.wp.com\/uploads.metropoles.com\/wp-content\/uploads\/2021\/02\/19190155\/WhatsApp-Image-2021-02-19-at-18.32.35-600x400.jpeg?resize=600%2C400&#038;ssl=1\" alt=\"Resultado de imagem para Por 364 votos a 130,C\u00e2mara decide manter na pris\u00e3o o deputado Daniel Silveira\"\/><\/figure>\n\n\n\n<h4 class=\"wp-block-heading\">Deputado foi preso em flagrante por ordem do STF porque divulgou v\u00eddeo no qual defendeu o AI-5, mais duro ato da ditadura militar, e atacou com ofensas e amea\u00e7as ministros do tribunal.<\/h4>\n\n\n\n<!--more-->\n\n\n\n<p>Por Fernanda Calgaro, Gustavo Garcia e Elisa Clavery, G1 e TV Globo&nbsp;\u2014 Bras\u00edlia<\/p>\n\n\n\n<p>A&nbsp;<a href=\"https:\/\/g1.globo.com\/tudo-sobre\/camara-dos-deputados\/\">C\u00e2mara dos Deputados<\/a>&nbsp;decidiu nesta sexta-feira (19) manter a pris\u00e3o do deputado Daniel Silveira (PSL-RJ), preso por decis\u00e3o do&nbsp;<a href=\"https:\/\/g1.globo.com\/tudo-sobre\/supremo-tribunal-federal\/\">Supremo Tribunal Federal<\/a>&nbsp;(STF).<\/p>\n\n\n\n<p>Foram 364 votos a favor da manuten\u00e7\u00e3o da pris\u00e3o, 130 contra e 3 absten\u00e7\u00f5es \u2014 eram necess\u00e1rios pelo menos 257 votos (maioria absoluta; metade mais um) dos 513 deputados.<\/p>\n\n\n\n<p>Silveira foi&nbsp;<a href=\"https:\/\/g1.globo.com\/politica\/noticia\/2021\/02\/16\/moraes-determina-prisao-imediata-de-deputado-que-fez-video-atacando-ministros-do-stf.ghtml\">preso em flagrante&nbsp;<\/a>na noite de ter\u00e7a-feira (16) no Rio de Janeiro pela Pol\u00edcia Federal ap\u00f3s divulgar um v\u00eddeo no qual fez apologia ao AI-5, instrumento de repress\u00e3o mais duro da ditadura militar, e defendeu a destitui\u00e7\u00e3o de ministros do STF. As reivindica\u00e7\u00f5es s\u00e3o inconstitucionais.<\/p>\n\n\n\n<p>A pris\u00e3o determinada pelo ministro&nbsp;<a href=\"https:\/\/g1.globo.com\/tudo-sobre\/alexandre-de-moraes\/\">Alexandre de Moraes<\/a>, do STF, foi confirmada por unanimidade pelo plen\u00e1rio da Corte e mantida ap\u00f3s audi\u00eancia de cust\u00f3dia.<\/p>\n\n\n\n<p>A Constitui\u00e7\u00e3o prev\u00ea, no entanto, que a pris\u00e3o em flagrante de parlamentar deve ser submetida ao plen\u00e1rio da C\u00e2mara para que decida se a mant\u00e9m ou n\u00e3o.<\/p>\n\n\n\n<figure class=\"wp-block-image\"><img data-recalc-dims=\"1\" decoding=\"async\" src=\"https:\/\/i0.wp.com\/s01.video.glbimg.com\/x240\/9284652.jpg?w=600&#038;ssl=1\" alt=\"\u2018Daniel Silveira transformou o mandato em plataforma de discurso de \u00f3dio\u2019, diz relatora\"\/><\/figure>\n\n\n\n<p>\u2018Daniel Silveira transformou o mandato em plataforma de discurso de \u00f3dio\u2019, diz relatora<\/p>\n\n\n\n<h2 class=\"wp-block-heading\">Relatora<\/h2>\n\n\n\n<p>Em seu parecer, a&nbsp;<a href=\"https:\/\/g1.globo.com\/politica\/noticia\/2021\/02\/19\/relatora-da-parecer-a-favor-da-manutencao-da-prisao-de-daniel-silveira.ghtml\">relatora do caso, deputada Magda Mofatto (PSL-GO), defendeu a manuten\u00e7\u00e3o da pris\u00e3o<\/a>&nbsp;do parlamentar. &#8220;Meu voto \u00e9 pela preserva\u00e7\u00e3o da efic\u00e1cia da decis\u00e3o proferida pelo ministro Alexandre de Moraes [&#8230;] e confirmada \u00e0 unanimidade pelo plen\u00e1rio do STF&#8221;, afirmou.<\/p>\n\n\n\n<p>Na avalia\u00e7\u00e3o dela, Silveira usa o mandato como &#8220;plataforma para propaga\u00e7\u00e3o do discurso do \u00f3dio&#8221;.<\/p>\n\n\n\n<p>&#8220;Temos entre n\u00f3s um deputado que vive a atacar a democracia e as institui\u00e7\u00f5es e transformou o exerc\u00edcio do seu mandato em uma plataforma para propaga\u00e7\u00e3o do discurso do \u00f3dio, de ataques a minorias, de defesa dos golpes de estado e de incita\u00e7\u00e3o \u00e0 viol\u00eancia contra autoridades p\u00fablicas&#8221;, disse.<\/p>\n\n\n\n<p>Ela destacou que nenhuma autoridade est\u00e1 &#8220;imune \u00e0 cr\u00edtica&#8221;, mas que \u00e9 preciso separar a cr\u00edtica contundente do &#8220;verdadeiro ataque \u00e0s institui\u00e7\u00f5es democr\u00e1ticas&#8221;.<\/p>\n\n\n\n<p>&#8220;Nenhuma autoridade, \u00e9 preciso deixar claro, est\u00e1 imune \u00e0 cr\u00edtica, seja ela o presidente da Rep\u00fablica, os presidentes das casas dos poderes legislativos, os parlamentares, os ministros do STF, os magistrados ou os membros do Minist\u00e9rio P\u00fablico, mas \u00e9 preciso tra\u00e7ar uma linha e deixar clara a diferen\u00e7a entre a cr\u00edtica contundente e o verdadeiro ataque \u00e0s institui\u00e7\u00f5es democr\u00e1ticas&#8221;, afirmou a deputada.<\/p>\n\n\n\n<figure class=\"wp-block-image\"><img data-recalc-dims=\"1\" decoding=\"async\" src=\"https:\/\/i0.wp.com\/s01.video.glbimg.com\/x240\/9284656.jpg?w=600&#038;ssl=1\" alt=\"&quot;Pe\u00e7o desculpas a todo Brasil. Um momento passional&quot;, diz deputado Daniel Silveira\"\/><\/figure>\n\n\n\n<p>&#8220;Pe\u00e7o desculpas a todo Brasil. Um momento passional&#8221;, diz deputado Daniel Silveira<\/p>\n\n\n\n<h2 class=\"wp-block-heading\">Defesa<\/h2>\n\n\n\n<p>Em sua defesa,&nbsp;<a href=\"https:\/\/g1.globo.com\/politica\/noticia\/2021\/02\/19\/em-discurso-na-camara-silveira-diz-que-se-excedeu-ao-atacar-stf-e-pede-desculpas.ghtml\">Daniel Silveira pediu desculpas pelo ato diversas vezes e afirmou estar arrependido<\/a>.<\/p>\n\n\n\n<p>&#8220;J\u00e1 disse que me arrependi. E me arrependi, de fato. N\u00e3o estou sendo demagogo ou hip\u00f3crita. J\u00e1 solicitei aos pares a desculpa, a quem se sentiu ofendido. E tamb\u00e9m pedi desculpas a todo o povo brasileiro, que assim se sentiu ofendido&#8221;, disse o deputado por v\u00eddeo&nbsp;<a href=\"https:\/\/g1.globo.com\/rj\/rio-de-janeiro\/noticia\/2021\/02\/18\/daniel-silveira-recebe-apoiadores-no-portao-de-unidade-prisional-da-pm-e-faz-novo-ataque-ao-stf.ghtml\">da pris\u00e3o onde se encontra, no Rio de Janeiro<\/a>.<\/p>\n\n\n\n<p>Ele tamb\u00e9m apelou aos colegas que &#8220;n\u00e3o relativizem&#8221; a imunidade parlamentar. &#8220;Pode abrir preced\u00eancias catastr\u00f3ficas&#8221;, disse Silveira.<\/p>\n\n\n\n<h2 class=\"wp-block-heading\">Pr\u00f3 e contra<\/h2>\n\n\n\n<p>Durante a sess\u00e3o, v\u00e1rios deputados se manifestaram sobre a situa\u00e7\u00e3o de Daniel Silveira.<\/p>\n\n\n\n<p>Fernanda Melchionna (PSOL-RS) defendeu a manuten\u00e7\u00e3o da pris\u00e3o do deputado.<\/p>\n\n\n\n<p>\u201cEu acho que o relat\u00f3rio da deputada Magda apontou bem v\u00e1rios ataques \u00e0s liberdades democr\u00e1ticas cometidos pelo Daniel Silveira. Portanto, n\u00f3s do PSOL votaremos e lutaremos pela manuten\u00e7\u00e3o da pris\u00e3o desse criminoso delinquente. Votaremos tamb\u00e9m no Conselho de \u00c9tica. Ali\u00e1s, representamos j\u00e1 pela cassa\u00e7\u00e3o do seu mandato\u201d, disse a parlamentar ga\u00facha.<\/p>\n\n\n\n<p>Bibo Nunes (PSL-RS) discursou favoravelmente \u00e0 soltura do colega de partido.<\/p>\n\n\n\n<p>\u201cN\u00e3o estamos julgando o que ele falou. Ele mesmo disse que errou. Estamos aqui para dizer se a pris\u00e3o \u00e9 certa ou errada. Na minha opini\u00e3o, essa pris\u00e3o \u00e9 totalmente desp\u00f3tica, autorit\u00e1ria\u201d, disse Nunes.<br><\/p>\n\n\n\n<p><br><\/p>\n","protected":false},"excerpt":{"rendered":"<p>Deputado foi preso em flagrante por ordem do STF porque divulgou v\u00eddeo no qual defendeu o AI-5, mais duro ato da ditadura militar, e atacou com ofensas e amea\u00e7as ministros do tribunal.<\/p>\n","protected":false},"author":1,"featured_media":0,"comment_status":"closed","ping_status":"open","sticky":false,"template":"","format":"standard","meta":{"_exactmetrics_skip_tracking":false,"_exactmetrics_sitenote_active":false,"_exactmetrics_sitenote_note":"","_exactmetrics_sitenote_category":0,"jetpack_post_was_ever_published":false,"_jetpack_newsletter_access":"","_jetpack_dont_email_post_to_subs":false,"_jetpack_newsletter_tier_id":0,"_jetpack_memberships_contains_paywalled_content":false,"_jetpack_memberships_contains_paid_content":false,"footnotes":"","jetpack_publicize_message":"","jetpack_publicize_feature_enabled":true,"jetpack_social_post_already_shared":true,"jetpack_social_options":{"image_generator_settings":{"template":"highway","enabled":false},"version":2}},"categories":[1],"tags":[],"class_list":["post-30961","post","type-post","status-publish","format-standard","hentry","category-notas"],"jetpack_publicize_connections":[],"jetpack_sharing_enabled":true,"jetpack_featured_media_url":"","jetpack_shortlink":"https:\/\/wp.me\/p7wKYW-83n","jetpack-related-posts":[],"_links":{"self":[{"href":"http:\/\/blogdalucianaoliveira.com.br\/blog\/wp-json\/wp\/v2\/posts\/30961","targetHints":{"allow":["GET"]}}],"collection":[{"href":"http:\/\/blogdalucianaoliveira.com.br\/blog\/wp-json\/wp\/v2\/posts"}],"about":[{"href":"http:\/\/blogdalucianaoliveira.com.br\/blog\/wp-json\/wp\/v2\/types\/post"}],"author":[{"embeddable":true,"href":"http:\/\/blogdalucianaoliveira.com.br\/blog\/wp-json\/wp\/v2\/users\/1"}],"replies":[{"embeddable":true,"href":"http:\/\/blogdalucianaoliveira.com.br\/blog\/wp-json\/wp\/v2\/comments?post=30961"}],"version-history":[{"count":2,"href":"http:\/\/blogdalucianaoliveira.com.br\/blog\/wp-json\/wp\/v2\/posts\/30961\/revisions"}],"predecessor-version":[{"id":30963,"href":"http:\/\/blogdalucianaoliveira.com.br\/blog\/wp-json\/wp\/v2\/posts\/30961\/revisions\/30963"}],"wp:attachment":[{"href":"http:\/\/blogdalucianaoliveira.com.br\/blog\/wp-json\/wp\/v2\/media?parent=30961"}],"wp:term":[{"taxonomy":"category","embeddable":true,"href":"http:\/\/blogdalucianaoliveira.com.br\/blog\/wp-json\/wp\/v2\/categories?post=30961"},{"taxonomy":"post_tag","embeddable":true,"href":"http:\/\/blogdalucianaoliveira.com.br\/blog\/wp-json\/wp\/v2\/tags?post=30961"}],"curies":[{"name":"wp","href":"https:\/\/api.w.org\/{rel}","templated":true}]}}