{"id":30964,"date":"2021-02-20T08:02:54","date_gmt":"2021-02-20T12:02:54","guid":{"rendered":"http:\/\/blogdalucianaoliveira.com.br\/blog\/?p=30964"},"modified":"2021-02-20T08:02:59","modified_gmt":"2021-02-20T12:02:59","slug":"jovem-espanhola-viraliza-com-discurso-de-odio","status":"publish","type":"post","link":"http:\/\/blogdalucianaoliveira.com.br\/blog\/2021\/02\/20\/jovem-espanhola-viraliza-com-discurso-de-odio\/","title":{"rendered":"Jovem espanhola viraliza com discurso de \u00f3dio"},"content":{"rendered":"\n<figure class=\"wp-block-image size-large\"><img data-recalc-dims=\"1\" loading=\"lazy\" decoding=\"async\" width=\"600\" height=\"338\" data-attachment-id=\"30965\" data-permalink=\"http:\/\/blogdalucianaoliveira.com.br\/blog\/2021\/02\/20\/jovem-espanhola-viraliza-com-discurso-de-odio\/3e103a88-6d9b-4a2f-915f-d01235c6e25e\/\" data-orig-file=\"https:\/\/i0.wp.com\/blogdalucianaoliveira.com.br\/blog\/wp-content\/uploads\/2021\/02\/3E103A88-6D9B-4A2F-915F-D01235C6E25E.jpeg?fit=640%2C360\" data-orig-size=\"640,360\" data-comments-opened=\"0\" data-image-meta=\"{&quot;aperture&quot;:&quot;0&quot;,&quot;credit&quot;:&quot;&quot;,&quot;camera&quot;:&quot;&quot;,&quot;caption&quot;:&quot;&quot;,&quot;created_timestamp&quot;:&quot;0&quot;,&quot;copyright&quot;:&quot;&quot;,&quot;focal_length&quot;:&quot;0&quot;,&quot;iso&quot;:&quot;0&quot;,&quot;shutter_speed&quot;:&quot;0&quot;,&quot;title&quot;:&quot;&quot;,&quot;orientation&quot;:&quot;0&quot;}\" data-image-title=\"3E103A88-6D9B-4A2F-915F-D01235C6E25E\" data-image-description=\"\" data-image-caption=\"\" data-medium-file=\"https:\/\/i0.wp.com\/blogdalucianaoliveira.com.br\/blog\/wp-content\/uploads\/2021\/02\/3E103A88-6D9B-4A2F-915F-D01235C6E25E.jpeg?fit=300%2C169\" data-large-file=\"https:\/\/i0.wp.com\/blogdalucianaoliveira.com.br\/blog\/wp-content\/uploads\/2021\/02\/3E103A88-6D9B-4A2F-915F-D01235C6E25E.jpeg?fit=600%2C338\" src=\"https:\/\/i0.wp.com\/blogdalucianaoliveira.com.br\/blog\/wp-content\/uploads\/2021\/02\/3E103A88-6D9B-4A2F-915F-D01235C6E25E.jpeg?resize=600%2C338\" alt=\"\" class=\"wp-image-30965\" srcset=\"https:\/\/i0.wp.com\/blogdalucianaoliveira.com.br\/blog\/wp-content\/uploads\/2021\/02\/3E103A88-6D9B-4A2F-915F-D01235C6E25E.jpeg?w=640 640w, https:\/\/i0.wp.com\/blogdalucianaoliveira.com.br\/blog\/wp-content\/uploads\/2021\/02\/3E103A88-6D9B-4A2F-915F-D01235C6E25E.jpeg?resize=300%2C169 300w, https:\/\/i0.wp.com\/blogdalucianaoliveira.com.br\/blog\/wp-content\/uploads\/2021\/02\/3E103A88-6D9B-4A2F-915F-D01235C6E25E.jpeg?resize=533%2C300 533w\" sizes=\"auto, (max-width: 600px) 100vw, 600px\" \/><\/figure>\n\n\n\n<p>Espanha, ano do boi de metal do calend\u00e1rio chin\u00eas.&nbsp;<a href=\"https:\/\/www1.folha.uol.com.br\/mundo\/2021\/02\/prisao-de-rapper-reacende-debate-sobre-liberdade-de-expressao-e-leva-milhares-as-ruas-na-espanha.shtml\" target=\"_blank\" rel=\"noreferrer noopener\">No mesmo dia em que o rapper Pablo Has\u00e9l foi preso<\/a>, provocando uma s\u00e9rie de manifesta\u00e7\u00f5es pela liberdade de express\u00e3o em todo o pa\u00eds, outro \u201c\u00edcone\u201d jovem ascendeu ao p\u00f3dio midi\u00e1tico e vir\u00f3tico das redes.<\/p>\n\n\n\n<p>Mas por motivos bastante diversos.<\/p>\n\n\n\n<!--more-->\n\n\n\n<p><strong>Susana Bragatto<\/strong>, na Folha<\/p>\n\n\n\n<p>Foi no \u00faltimo s\u00e1bado (12), em Madri, durante um evento de umas 300 pessoas convocado pela organiza\u00e7\u00e3o neonazista Juventude Patriota.<\/p>\n\n\n\n<p>Durante o ato \u2013uma homenagem \u00e0 Divis\u00e3o Azul, formada por volunt\u00e1rios espanh\u00f3is que lutaram na Segunda Guerra Mundial sob as ordens de Adolf Hitler \u2013, assume o microfone uma mo\u00e7oila.<\/p>\n\n\n\n<p>Entre outras p\u00e9rolas, ela mandou esta: \u201cO inimigo sempre vai ser o mesmo, ainda que com distintas m\u00e1scaras: o judeu. Porque n\u00e3o h\u00e1 nada mais certeiro do que esta afirma\u00e7\u00e3o: o judeu \u00e9 o culpado.\u201d<\/p>\n\n\n\n<p>Ora, que loucura, um cara preso por cantar contra a monarquia e uma adolescente solta fazendo Heil Hitler de rouge allure.<\/p>\n\n\n\n<p>Pera. Antes de seguir, contemplem:<\/p>\n\n\n\n<figure class=\"wp-block-image\"><img data-recalc-dims=\"1\" decoding=\"async\" data-attachment-id=\"555\" data-permalink=\"http:\/\/blogdalucianaoliveira.com.br\/blog\/2016\/05\/11\/mordomo-gotico-da-casa-do-terror-segundo-o-financial-times\/image-103\/\" data-orig-file=\"https:\/\/i0.wp.com\/blogdalucianaoliveira.com.br\/blog\/wp-content\/uploads\/2016\/05\/image-94.jpeg?fit=640%2C766\" data-orig-size=\"640,766\" data-comments-opened=\"0\" data-image-meta=\"{&quot;aperture&quot;:&quot;0&quot;,&quot;credit&quot;:&quot;&quot;,&quot;camera&quot;:&quot;&quot;,&quot;caption&quot;:&quot;&quot;,&quot;created_timestamp&quot;:&quot;0&quot;,&quot;copyright&quot;:&quot;&quot;,&quot;focal_length&quot;:&quot;0&quot;,&quot;iso&quot;:&quot;0&quot;,&quot;shutter_speed&quot;:&quot;0&quot;,&quot;title&quot;:&quot;&quot;,&quot;orientation&quot;:&quot;0&quot;}\" data-image-title=\"image\" data-image-description=\"\" data-image-caption=\"\" data-medium-file=\"https:\/\/i0.wp.com\/blogdalucianaoliveira.com.br\/blog\/wp-content\/uploads\/2016\/05\/image-94.jpeg?fit=251%2C300\" data-large-file=\"https:\/\/i0.wp.com\/blogdalucianaoliveira.com.br\/blog\/wp-content\/uploads\/2016\/05\/image-94.jpeg?fit=600%2C718\" src=\"https:\/\/i0.wp.com\/normalitas.blogfolha.uol.com.br\/files\/2021\/02\/gesto-nazi-isabel-peralta-1129395.jpeg?w=600&#038;ssl=1\" alt=\"\" class=\"wp-image-555\"\/><\/figure>\n\n\n\n<p>Vejam a foto e&nbsp;me digam se a carinha de influencer do Instagram n\u00e3o \u00e9, infelizmente,&nbsp;parte inapel\u00e1vel do show.<\/p>\n\n\n\n<p>Junto com a apar\u00eancia, as caras e bocas com que pontua seu discurso viraram meme, coment\u00e1rio, presen\u00e7a replicada por&nbsp;<a href=\"tel:1308741708\">1308741708<\/a>&nbsp;em nossas retinas cansadas de tanta not\u00edcia.<\/p>\n\n\n\n<p>(e\u00a0por mim aqui tamb\u00e9m, porque, n\u00e3o, a gente n\u00e3o pode deixar quieto)<\/p>\n\n\n\n<figure class=\"wp-block-embed-twitter wp-block-embed is-type-rich is-provider-twitter\"><div class=\"wp-block-embed__wrapper\">\nhttps:\/\/twitter.com\/LukaBanjah\/status\/1361780082449203202?s=20\n<\/div><\/figure>\n\n\n\n<p>Claro que viralizou, a desgra\u00e7ada.<\/p>\n\n\n\n<p>***<\/p>\n\n\n\n<p>Isabel Medina Peralta, 18, estudante de Hist\u00f3ria, \u00e9 filha de Juan Manuel Medina,\u00a0atual membro do Partido Popular. Trata-se de um direitista de carteiri\u00f1a, com passado vinculado \u00e0 Alian\u00e7a Nacional, partido neonazista espanhol.<\/p>\n\n\n\n<p>Pois, pasme, esse pai ultraconservador (e \u00e9 ela quem conta em uma das muitas entrevistas que \u2018ganhou\u2019 nos \u00faltimos dias) a expulsou de casa, alarmado e farto de tentar tirar os nazilivros de suas m\u00e3os. \u201cMeus pais n\u00e3o me dirigem a palavra\u201d, disse.<\/p>\n\n\n\n<p>Com a imediata viraliza\u00e7\u00e3o do discurso antissemita da jovem esta semana, alguns foram logo conectando a nazitrupe ao Vox, partido de ultradireita espanhol, afeito a discursos&nbsp;xen\u00f3fobos, homof\u00f3bicos e racistas.<\/p>\n\n\n\n<p>Em uma conta do Twitter que desde ent\u00e3o foi encerrada pela plataforma, Peralta retrucou: nananina. \u201cEles [Vox] s\u00e3o sionistas, capitalistas, democratas e constitucionais. N\u00f3s, n\u00e3o\u201d. Aht\u00e1.<\/p>\n\n\n\n<p>O baile contradit\u00f3rio de -ismos e outros supersuprainfraconceitos nas falas da xovem me d\u00e3o c\u00f3cegas. Tristeza. Histeria. Horror.<\/p>\n\n\n\n<p>A menina se declara \u201cfascista\u201d, mas partid\u00e1ria de um \u201cregime socialista\u201d.<\/p>\n\n\n\n<p>Ela nega, no entanto, a alcunha de \u201cinfluencer nazi\u201d que algum \u00f3rg\u00e3o de imprensa lhe deu. \u201cNunca me definiria como nazista\u201d, disse, em entrevista ao jornal El Espa\u00f1ol, que a apelidou de \u201cmusa falangista\u201d. \u201cMe considero nacional-socialista e fascista, mas, pra mim, nazi \u00e9 s\u00f3 um rapado que aparece nos filme de Hollywood\u201d.<\/p>\n\n\n\n<p>Hmm.<\/p>\n\n\n\n<p>Anote, que vem ent\u00e3o a receita infal\u00edvel pra ser um bom nacional-socialista-n\u00e3o-nazi: \u201cnele, impera a eleg\u00e2ncia, escuta Wagner (sic), n\u00e3o se dedica a bancar o malandro ou ao vandalismo, mas luta por uns ideais e segue firme com eles\u201d.<\/p>\n\n\n\n<p>Antes de ser justamente expelida das redes sociais, Peralta chegou a brindar o universo com outras atrocidades. \u201cNossa civiliza\u00e7\u00e3o se afunda no ocaso de um arco-\u00edris nauseabundo\u201d, tuitou, numa wagneriana trovinha homof\u00f3bica.<\/p>\n\n\n\n<p>Em outros momentos, chamou imigrantes de \u201cbaz\u00f3fia (lixo, resto)\u201d que se dedica a \u201cviolar e roubar\u201d, declarou ser racista (\u201cn\u00e3o estou a favor da mesti\u00e7agem\u201d\u2026..<code>\u0ca0_\u0ca0!!)<\/code>, contra o feminismo (\u201cdesvirtua a mulher e a manipula\u201d), e por a\u00ed vai, porque chega de dar ibope pra tanta mierda.<\/p>\n\n\n\n<p>N\u00e3o, n\u00e3o podemos trat\u00e1-la simplesmente como uma jovem ensandecida de batonzinho vermelho. Infelizmente, \u00e9 muito mais do que isto. Atr\u00e1s de uma \u2018influencer\u2019 dessa vem gente bailando com a flautinha de Hamelin.<\/p>\n\n\n\n<p>A Federa\u00e7\u00e3o de Comunidades Judaicas da Espanha (FCJE) condenou o discurso de Peralta e demandou uma investiga\u00e7\u00e3o p\u00fablica por crime de \u00f3dio.<\/p>\n\n\n\n<p>Isabel, do hebreu Elisheba. Peralta, de Pedralta, zona alta de Navarra, e Medina (cidade, em \u00e1rabe) \u2013ambos, sobrenomes topon\u00edmicos adotados por muitos judeus sefarditas ao longo dos s\u00e9culos.<\/p>\n","protected":false},"excerpt":{"rendered":"<p>Espanha, ano do boi de metal do calend\u00e1rio chin\u00eas.&nbsp;No mesmo dia em que o rapper Pablo Has\u00e9l foi preso, provocando uma s\u00e9rie de manifesta\u00e7\u00f5es pela liberdade de express\u00e3o em todo o pa\u00eds, outro \u201c\u00edcone\u201d jovem ascendeu ao p\u00f3dio midi\u00e1tico e vir\u00f3tico das redes. Mas por motivos bastante diversos.<\/p>\n","protected":false},"author":1,"featured_media":0,"comment_status":"closed","ping_status":"open","sticky":false,"template":"","format":"standard","meta":{"_exactmetrics_skip_tracking":false,"_exactmetrics_sitenote_active":false,"_exactmetrics_sitenote_note":"","_exactmetrics_sitenote_category":0,"jetpack_post_was_ever_published":false,"_jetpack_newsletter_access":"","_jetpack_dont_email_post_to_subs":false,"_jetpack_newsletter_tier_id":0,"_jetpack_memberships_contains_paywalled_content":false,"_jetpack_memberships_contains_paid_content":false,"footnotes":"","jetpack_publicize_message":"","jetpack_publicize_feature_enabled":true,"jetpack_social_post_already_shared":true,"jetpack_social_options":{"image_generator_settings":{"template":"highway","enabled":false},"version":2}},"categories":[1],"tags":[],"class_list":["post-30964","post","type-post","status-publish","format-standard","hentry","category-notas"],"jetpack_publicize_connections":[],"jetpack_sharing_enabled":true,"jetpack_featured_media_url":"","jetpack_shortlink":"https:\/\/wp.me\/p7wKYW-83q","jetpack-related-posts":[],"_links":{"self":[{"href":"http:\/\/blogdalucianaoliveira.com.br\/blog\/wp-json\/wp\/v2\/posts\/30964","targetHints":{"allow":["GET"]}}],"collection":[{"href":"http:\/\/blogdalucianaoliveira.com.br\/blog\/wp-json\/wp\/v2\/posts"}],"about":[{"href":"http:\/\/blogdalucianaoliveira.com.br\/blog\/wp-json\/wp\/v2\/types\/post"}],"author":[{"embeddable":true,"href":"http:\/\/blogdalucianaoliveira.com.br\/blog\/wp-json\/wp\/v2\/users\/1"}],"replies":[{"embeddable":true,"href":"http:\/\/blogdalucianaoliveira.com.br\/blog\/wp-json\/wp\/v2\/comments?post=30964"}],"version-history":[{"count":1,"href":"http:\/\/blogdalucianaoliveira.com.br\/blog\/wp-json\/wp\/v2\/posts\/30964\/revisions"}],"predecessor-version":[{"id":30966,"href":"http:\/\/blogdalucianaoliveira.com.br\/blog\/wp-json\/wp\/v2\/posts\/30964\/revisions\/30966"}],"wp:attachment":[{"href":"http:\/\/blogdalucianaoliveira.com.br\/blog\/wp-json\/wp\/v2\/media?parent=30964"}],"wp:term":[{"taxonomy":"category","embeddable":true,"href":"http:\/\/blogdalucianaoliveira.com.br\/blog\/wp-json\/wp\/v2\/categories?post=30964"},{"taxonomy":"post_tag","embeddable":true,"href":"http:\/\/blogdalucianaoliveira.com.br\/blog\/wp-json\/wp\/v2\/tags?post=30964"}],"curies":[{"name":"wp","href":"https:\/\/api.w.org\/{rel}","templated":true}]}}