{"id":30973,"date":"2021-02-22T11:19:15","date_gmt":"2021-02-22T15:19:15","guid":{"rendered":"http:\/\/blogdalucianaoliveira.com.br\/blog\/?p=30973"},"modified":"2021-02-22T11:19:20","modified_gmt":"2021-02-22T15:19:20","slug":"acoes-da-petrobras-desabam-apos-ingerencia-de-bolsonaro","status":"publish","type":"post","link":"http:\/\/blogdalucianaoliveira.com.br\/blog\/2021\/02\/22\/acoes-da-petrobras-desabam-apos-ingerencia-de-bolsonaro\/","title":{"rendered":"A\u00e7\u00f5es da Petrobras desabam ap\u00f3s inger\u00eancia de Bolsonaro"},"content":{"rendered":"\n<figure class=\"wp-block-image\"><img data-recalc-dims=\"1\" decoding=\"async\" src=\"https:\/\/i0.wp.com\/imagens.brasil.elpais.com\/resizer\/9Ur-XaS85_9dvDj9RNt6yYP7_n4%3D\/1500x0\/cloudfront-eu-central-1.images.arcpublishing.com\/prisa\/XKR4IPA2YRA6NFM6L3HZFLRISA.jpg?w=600&#038;ssl=1\" alt=\"Jair Bolsonaro, durante evento em Bras\u00edlia, em 9 de fevereiro.\"\/><\/figure>\n\n\n\n<p>Mandat\u00e1rio brasileiro decidiu na semana passada trocar o presidente da estatal ap\u00f3s seguidas altas no pre\u00e7o do diesel para agradar a categoria dos caminhoneiros, uma de suas principais bases.<\/p>\n\n\n\n<!--more-->\n\n\n\n<p><a href=\"https:\/\/brasil.elpais.com\/autor\/regiane-oliveira\/\">REGIANE OLIVEIRA<\/a><a rel=\"noreferrer noopener\" href=\"https:\/\/twitter.com\/reoliv\" target=\"_blank\"><\/a>|<a href=\"https:\/\/brasil.elpais.com\/autor\/rodolfo-lira-prado-borges\/\">RODOLFO BORGES<\/a>, El Pa\u00eds<\/p>\n\n\n\n<p>A&nbsp;<a href=\"https:\/\/brasil.elpais.com\/noticias\/bolsa-sao-paulo\/\" target=\"_blank\" rel=\"noreferrer noopener\">Bolsa de S\u00e3o Paulo&nbsp;<\/a>come\u00e7a nesta segunda-feira um preg\u00e3o nervoso, ap\u00f3s a interven\u00e7\u00e3o do presidente Jair Bolsonaro na&nbsp;<a href=\"https:\/\/brasil.elpais.com\/noticias\/petrobras\/\" target=\"_blank\" rel=\"noreferrer noopener\"><strong>Petrobras<\/strong><\/a>. Os papeis da empresa ca\u00edram mais de 15% na abertura dos mercados na expectativa da reuni\u00e3o do conselho de administra\u00e7\u00e3o desta ter\u00e7a-feira, que deve confirmar ou n\u00e3o a troca na dire\u00e7\u00e3o determinada pelo presidente. O mandat\u00e1rio brasileiro indicou para o cargo o general<a href=\"https:\/\/brasil.elpais.com\/economia\/2021-02-19\/bolsonaro-indica-general-como-novo-presidente-da-petrobras-e-poe-mercado-em-alerta-por-temor-de-intervencao.html\" target=\"_blank\" rel=\"noreferrer noopener\">&nbsp;Joaquim Silva e Luna<\/a>, ex-ministro da Defesa e atual diretor-geral da hidrel\u00e9trica Itaipu Binacional, em substitui\u00e7\u00e3o a um dos&nbsp;<a href=\"https:\/\/brasil.elpais.com\/brasil\/2018\/10\/30\/politica\/1540925012_110097.html\" target=\"_blank\" rel=\"noreferrer noopener\"><em>chicago boys&nbsp;<\/em>de Paulo Guedes<\/a>, o economista Roberto Castello Branco \u2015ex-diretor do Banco Central e da mineradora Vale. A interfer\u00eancia ocorreu depois da amea\u00e7a de greve de caminhoneiros, grupo base do bolsonarismo, por conta do aumento no pre\u00e7o do diesel. O&nbsp;<a href=\"https:\/\/brasil.elpais.com\/noticias\/bovespa\/\" target=\"_blank\" rel=\"noreferrer noopener\">Ibovespa<\/a>, principal \u00edndice do mercado nacional, teve queda de 4%, para 112.819 pontos, na abertura \u00e0s 10h28. O d\u00f3lar abre em alta e dispara 2,50%, a 5,51 reais para venda, \u00e0s 10h40.<\/p>\n\n\n\n<p>N\u00e3o est\u00e1 claro se haver\u00e1 um div\u00f3rcio entre o mercado financeiro, tamb\u00e9m uma importante base de apoio do presidente, e esse modelo de\u00a0<em>liberalismo\u00a0<\/em>onde as\u00a0<a rel=\"noreferrer noopener\" href=\"https:\/\/brasil.elpais.com\/noticias\/fuerzas-armadas\/\" target=\"_blank\">For\u00e7as Armadas<\/a>\u00a0assumem um papel de regulador para acalmar os \u00e2nimos de Bolsonaro. Mas, neste primeiro momento, os estragos ser\u00e3o sentidos pelos investidores. V\u00e1rios bancos de investimentos mudaram para venda a recomenda\u00e7\u00e3o dos papeis da petroleira, com medo da instabilidade causada pela a\u00e7\u00e3o do Governo na Petrobras. \u201cN\u00e3o h\u00e1 mais como defender; Rebaixamos para VENDA\u201d, afirmou a XP Investimentos em relat\u00f3rio divulgado para seus investidores.<\/p>\n\n\n\n<p>A decis\u00e3o da troca do comando da estatal&nbsp;<a href=\"https:\/\/brasil.elpais.com\/noticias\/petroleo\/\" target=\"_blank\" rel=\"noreferrer noopener\">petrol\u00edfera<\/a>&nbsp;aconteceu na sexta-feira passada, um dia ap\u00f3s o presidente, irritado com os novo aumento dos combust\u00edveis, vinculado \u00e0 varia\u00e7\u00e3o dos pre\u00e7os internacionais, criticar a Petrobras em uma transmiss\u00e3o ao vivo nas redes sociais e informar que, a partir de 1\u00ba de mar\u00e7o, o imposto federal sobre o diesel ser\u00e1 zerado por dois meses. O temor de uma interfer\u00eancia na pol\u00edtica na estatal j\u00e1 havia repercutido no mercado financeiro e fez as a\u00e7\u00f5es da Petrobras despencarem quase 8% no \u00faltimo preg\u00e3o.<\/p>\n\n\n\n<p>A decis\u00e3o de Bolsonaro tem como objetivo acalmar a categoria dos caminhoneiros, que, desde o in\u00edcio do ano&nbsp;<a href=\"https:\/\/brasil.elpais.com\/brasil\/2021-01-31\/ja-recebi-ligacao-de-bolsonaro-no-meu-telefone-agora-ele-nao-quer-nos-escutar.html\" target=\"_blank\" rel=\"noreferrer noopener\">amea\u00e7a convocar uma greve geral<\/a>&nbsp;por causa do aumento no pre\u00e7o do diesel. \u201cParecia exorcismo quando eu falei que n\u00e3o ia prorrogar por mais dois anos o mandato do cara [Castello Branco] l\u00e1. Compromisso zero com o Brasil. Nunca ajudaram em nada. N\u00e3o \u00e9 aumentando pre\u00e7o de acordo com o petr\u00f3leo l\u00e1 fora e o d\u00f3lar aqui dentro. \u00c9 mais do que isso. A preocupa\u00e7\u00e3o \u00e9 ganhar dinheiro em cima do povo. N\u00e3o justifica 32% de reajuste no diesel no corrente ano. Ningu\u00e9m esperava essa covardia desse reajuste agora. Ningu\u00e9m quer interferir, assim como n\u00e3o interferi na Petrobras, mas est\u00e3o abusando\u201d, disse o presidente.<\/p>\n\n\n\n<p>A XP Investimentos considerou a decis\u00e3o de Bolsonaro negativa do ponto de vista de governan\u00e7a, uma vez que amea\u00e7a a independ\u00eancia administrativa da estatal. \u201cVemos a proposta de mudan\u00e7a de gest\u00e3o como um retrato dos riscos para a manuten\u00e7\u00e3o da pol\u00edtica de pre\u00e7os de combust\u00edveis da Petrobras em linha com refer\u00eancias internacionais\u201d, afirmou a empresa.<\/p>\n\n\n\n<p>No final de semana, o presidente amea\u00e7ou ainda intervir no&nbsp;<a href=\"https:\/\/brasil.elpais.com\/noticias\/sector-electrico\/\" target=\"_blank\" rel=\"noreferrer noopener\">setor el\u00e9trico<\/a>. \u201cAssim como querem nos derrubar na pandemia pela economia \u2015fechando tudo\u2015 agora resolveram atacar na energia. Vamos meter o dedo na energia el\u00e9trica, que \u00e9 outro problema\u201d,&nbsp;<a href=\"https:\/\/brasil.elpais.com\/internacional\/2021-02-22\/brasil-se-prepara-para-turbulencia-puxada-por-petrobras-enquanto-mercados-globais-acumulam-alta.html?rel=listapoyo\" target=\"_blank\" rel=\"noreferrer noopener\">afirmou Bolsonaro na noite de s\u00e1bado<\/a>, em conversa com apoiadores na porta do Pal\u00e1cio da Alvorada, sem esclarecer que tipo de ataque ser\u00e1 este. A fala do presidente repercutiu negativamente nos papeis da Eletrobras. As a\u00e7\u00f5es ordin\u00e1rias (com direito a voto) da Eletrobras caiam 9,75%, na manh\u00e3 desta segunda-feira, a 26,27 reais cada. As a\u00e7\u00f5es do Banco do Brasil tamb\u00e9m ca\u00edram mais de 9% na abertura do mercado, j\u00e1 que analistas agora temem interven\u00e7\u00f5es do governo Bolsonaro no banco.<\/p>\n\n\n\n<h3 class=\"wp-block-heading\">Teste para Guedes<\/h3>\n\n\n\n<p>A reuni\u00e3o do conselho de administra\u00e7\u00e3o da Petrobras desta ter\u00e7a ser\u00e1 um teste para real influ\u00eancia do&nbsp;<a href=\"https:\/\/brasil.elpais.com\/noticias\/paulo-roberto-nunes-guedes\/\">ministro da Economia, Paulo Guedes<\/a>, que<a href=\"https:\/\/brasil.elpais.com\/brasil\/2018\/11\/19\/economia\/1542624473_435392.html\" target=\"_blank\" rel=\"noreferrer noopener\">&nbsp;indicou Castello Branco para o comando da estatal.<\/a>&nbsp;O Governo tem maioria no colegiado de 11 membros que vai deliberar sobre a troca do presidente. Bolsonaro defendeu na manh\u00e3 desta segunda-feira sua decis\u00e3o de trocar o comando da Petrobras. \u201cO que eu quero da Petrobras \u00e9 transpar\u00eancia e previsibilidade\u201d, resumiu, ao criticar os aumentos nos&nbsp;<a href=\"https:\/\/brasil.elpais.com\/noticias\/precio-carburantes\/\" target=\"_blank\" rel=\"noreferrer noopener\">pre\u00e7os dos combust\u00edveis<\/a>.<\/p>\n\n\n\n<p>O mandat\u00e1rio destacou que \u00e9 \u201cdireito dele\u201d n\u00e3o reconduzir Castello Branco como presidente da estatal, comentando que \u201calguns do mercado financeiro est\u00e3o muito felizes com a pol\u00edtica que s\u00f3 tem um vi\u00e9s na Petrobras: atender os interesses pr\u00f3prios de alguns grupos no Brasil\u201d. \u201cA Petrobras, num Estado de calamidade, de acordo com a Lei de Responsabilidade Fiscal, tem de olhar para outros objetivos tamb\u00e9m\u201d, disse o presidente, que defendeu a gest\u00e3o do general Joaquim Silva e Luna, indicado para ele para substituir Castello Branco, \u00e0 frente de Itaipu.<\/p>\n\n\n\n<p>\u201cO atual presidente da Petrobras est\u00e1 11 meses em casa, sem trabalhar. Trabalha de forma remota. Agora, o chefe tem de estar na frente, bem como seus diretores. Para mim isso \u00e9 inadmiss\u00edvel. Descobri isso h\u00e1 poucas semanas. Imagine eu, presidente, em casa, ficando aqui o tempo todo, no Alvorada. N\u00e3o justifica isso a\u00ed\u201d, disse Bolsonaro na porta do Alvorada, estendendo suas cr\u00edticas aos servidores da estatal. \u201cAgora o petr\u00f3leo \u00e9 nosso ou \u00e9 de um pequeno grupo no Brasil? Ningu\u00e9m vai interferir na&nbsp;<a href=\"https:\/\/brasil.elpais.com\/noticias\/precio-carburantes\/\" target=\"_blank\" rel=\"noreferrer noopener\">pol\u00edtica de pre\u00e7o<\/a>&nbsp;da Petrobras. Eu n\u00e3o consigo entender, num prazo de duas semanas, tem um reajuste no combust\u00edvel, no diesel, em 15%. Tem coisa a\u00ed que tem de ser explicada. Eu exijo transpar\u00eancia de quem \u00e9 subordinado meu\u201d, disse levantando d\u00favidas sobre \u201ca pol\u00edtica salarial do presidente [da Petrobras] e de seus diretores\u201d.<\/p>\n\n\n\n<p>A expectativa \u00e9 que a interven\u00e7\u00e3o de Bolsonaro ter\u00e1 um efeito parecido com&nbsp;<a href=\"https:\/\/brasil.elpais.com\/brasil\/2017\/05\/18\/politica\/1495072574_653336.html\" target=\"_blank\" rel=\"noreferrer noopener\">o&nbsp;<em>Joesley Day&nbsp;<\/em>no mercado financeiro<\/a><em>.&nbsp;<\/em>Em 17 maio de 2017, quando a dela\u00e7\u00e3o de Joesley Batista, dono da JBS, derreteu o Ibovespa em 8,8%, a maior queda desde 2008. O d\u00f3lar disparou 10%. O empres\u00e1rio apresentou um \u00e1udio em que aparecia Michel Temer, ent\u00e3o presidente da Rep\u00fablica, supostamente dando autoriza\u00e7\u00e3o para a compra do sil\u00eancio do ex-deputado Eduardo Cunha. No m\u00e9dio prazo, no entanto, os efeitos no mercado financeiro foram dilu\u00eddos uma vez que o temor de um impeachment ou ren\u00fancia de Temer n\u00e3o se concretizaram.<br><\/p>\n","protected":false},"excerpt":{"rendered":"<p>Mandat\u00e1rio brasileiro decidiu na semana passada trocar o presidente da estatal ap\u00f3s seguidas altas no pre\u00e7o do diesel para agradar a categoria dos caminhoneiros, uma de suas principais bases.<\/p>\n","protected":false},"author":1,"featured_media":0,"comment_status":"closed","ping_status":"open","sticky":false,"template":"","format":"standard","meta":{"_exactmetrics_skip_tracking":false,"_exactmetrics_sitenote_active":false,"_exactmetrics_sitenote_note":"","_exactmetrics_sitenote_category":0,"jetpack_post_was_ever_published":false,"_jetpack_newsletter_access":"","_jetpack_dont_email_post_to_subs":false,"_jetpack_newsletter_tier_id":0,"_jetpack_memberships_contains_paywalled_content":false,"_jetpack_memberships_contains_paid_content":false,"footnotes":"","jetpack_publicize_message":"","jetpack_publicize_feature_enabled":true,"jetpack_social_post_already_shared":true,"jetpack_social_options":{"image_generator_settings":{"template":"highway","enabled":false},"version":2}},"categories":[1],"tags":[],"class_list":["post-30973","post","type-post","status-publish","format-standard","hentry","category-notas"],"jetpack_publicize_connections":[],"jetpack_sharing_enabled":true,"jetpack_featured_media_url":"","jetpack_shortlink":"https:\/\/wp.me\/p7wKYW-83z","jetpack-related-posts":[],"_links":{"self":[{"href":"http:\/\/blogdalucianaoliveira.com.br\/blog\/wp-json\/wp\/v2\/posts\/30973","targetHints":{"allow":["GET"]}}],"collection":[{"href":"http:\/\/blogdalucianaoliveira.com.br\/blog\/wp-json\/wp\/v2\/posts"}],"about":[{"href":"http:\/\/blogdalucianaoliveira.com.br\/blog\/wp-json\/wp\/v2\/types\/post"}],"author":[{"embeddable":true,"href":"http:\/\/blogdalucianaoliveira.com.br\/blog\/wp-json\/wp\/v2\/users\/1"}],"replies":[{"embeddable":true,"href":"http:\/\/blogdalucianaoliveira.com.br\/blog\/wp-json\/wp\/v2\/comments?post=30973"}],"version-history":[{"count":1,"href":"http:\/\/blogdalucianaoliveira.com.br\/blog\/wp-json\/wp\/v2\/posts\/30973\/revisions"}],"predecessor-version":[{"id":30974,"href":"http:\/\/blogdalucianaoliveira.com.br\/blog\/wp-json\/wp\/v2\/posts\/30973\/revisions\/30974"}],"wp:attachment":[{"href":"http:\/\/blogdalucianaoliveira.com.br\/blog\/wp-json\/wp\/v2\/media?parent=30973"}],"wp:term":[{"taxonomy":"category","embeddable":true,"href":"http:\/\/blogdalucianaoliveira.com.br\/blog\/wp-json\/wp\/v2\/categories?post=30973"},{"taxonomy":"post_tag","embeddable":true,"href":"http:\/\/blogdalucianaoliveira.com.br\/blog\/wp-json\/wp\/v2\/tags?post=30973"}],"curies":[{"name":"wp","href":"https:\/\/api.w.org\/{rel}","templated":true}]}}