{"id":30975,"date":"2021-02-22T11:27:14","date_gmt":"2021-02-22T15:27:14","guid":{"rendered":"http:\/\/blogdalucianaoliveira.com.br\/blog\/?p=30975"},"modified":"2021-02-22T11:27:19","modified_gmt":"2021-02-22T15:27:19","slug":"e-preciso-que-a-velha-logica-extrativista-predatoria-neoliberal-ceda-ao-realismo-da-necessaria-reconstrucao-ecologica","status":"publish","type":"post","link":"http:\/\/blogdalucianaoliveira.com.br\/blog\/2021\/02\/22\/e-preciso-que-a-velha-logica-extrativista-predatoria-neoliberal-ceda-ao-realismo-da-necessaria-reconstrucao-ecologica\/","title":{"rendered":"\u201c\u00c9 preciso que a velha l\u00f3gica extrativista, predat\u00f3ria, neoliberal ceda ao realismo da necess\u00e1ria reconstru\u00e7\u00e3o ecol\u00f3gica\u201d"},"content":{"rendered":"\n<figure class=\"wp-block-image size-large\"><img data-recalc-dims=\"1\" loading=\"lazy\" decoding=\"async\" width=\"389\" height=\"129\" data-attachment-id=\"30976\" data-permalink=\"http:\/\/blogdalucianaoliveira.com.br\/blog\/2021\/02\/22\/e-preciso-que-a-velha-logica-extrativista-predatoria-neoliberal-ceda-ao-realismo-da-necessaria-reconstrucao-ecologica\/image-1164\/\" data-orig-file=\"https:\/\/i0.wp.com\/blogdalucianaoliveira.com.br\/blog\/wp-content\/uploads\/2021\/02\/image.jpeg?fit=389%2C129\" data-orig-size=\"389,129\" data-comments-opened=\"0\" data-image-meta=\"{&quot;aperture&quot;:&quot;0&quot;,&quot;credit&quot;:&quot;&quot;,&quot;camera&quot;:&quot;&quot;,&quot;caption&quot;:&quot;&quot;,&quot;created_timestamp&quot;:&quot;0&quot;,&quot;copyright&quot;:&quot;&quot;,&quot;focal_length&quot;:&quot;0&quot;,&quot;iso&quot;:&quot;0&quot;,&quot;shutter_speed&quot;:&quot;0&quot;,&quot;title&quot;:&quot;&quot;,&quot;orientation&quot;:&quot;0&quot;}\" data-image-title=\"image\" data-image-description=\"\" data-image-caption=\"\" data-medium-file=\"https:\/\/i0.wp.com\/blogdalucianaoliveira.com.br\/blog\/wp-content\/uploads\/2021\/02\/image.jpeg?fit=300%2C99\" data-large-file=\"https:\/\/i0.wp.com\/blogdalucianaoliveira.com.br\/blog\/wp-content\/uploads\/2021\/02\/image.jpeg?fit=389%2C129\" src=\"https:\/\/i0.wp.com\/blogdalucianaoliveira.com.br\/blog\/wp-content\/uploads\/2021\/02\/image.jpeg?resize=389%2C129&#038;ssl=1\" alt=\"\u00c9 preciso que a velha l\u00f3gica extrativista, predat\u00f3ria, neoliberal ceda ao  realismo da necess\u00e1ria reconstru\u00e7\u00e3o ecol\u00f3gica\u201d - Instituto Humanitas  Unisinos - IHU\" class=\"wp-image-30976\" srcset=\"https:\/\/i0.wp.com\/blogdalucianaoliveira.com.br\/blog\/wp-content\/uploads\/2021\/02\/image.jpeg?w=389 389w, https:\/\/i0.wp.com\/blogdalucianaoliveira.com.br\/blog\/wp-content\/uploads\/2021\/02\/image.jpeg?resize=300%2C99 300w\" sizes=\"auto, (max-width: 389px) 100vw, 389px\" \/><\/figure>\n\n\n\n<p>\u201cA cria\u00e7\u00e3o de um\u00a0<a rel=\"noreferrer noopener\" href=\"http:\/\/www.ihu.unisinos.br\/78-noticias\/606768-a-transicao-ecologica-e-a-esperanca-a-transicao-ecologica-e-solidaria-ou-nao-acontece-entrevista-com-nicolas-hulot\" target=\"_blank\">Minist\u00e9rio de Transi\u00e7\u00e3o Ecol\u00f3gica<\/a>\u00a0\u00e9 uma grande not\u00edcia. A\u00a0<strong>It\u00e1lia<\/strong>\u00a0finalmente est\u00e1 aceitando este desafio\u201d.\u00a0<a rel=\"noreferrer noopener\" href=\"http:\/\/www.ihu.unisinos.br\/587866-para-uma-transicao-ecologica-e-feminista-artigo-de-gael-giraud\" target=\"_blank\">Ga\u00ebl Giraud<\/a>\u00a0\u00e9 considerado um dos te\u00f3ricos da express\u00e3o que apadrinha o novo minist\u00e9rio criado por\u00a0<a rel=\"noreferrer noopener\" href=\"http:\/\/www.ihu.unisinos.br\/606901-contra-a-pandemia-draghi-manda-para-a-guerra-a-gramatica-jesuita\" target=\"_blank\">Mario Draghi<\/a>. \u201cNo in\u00edcio da pandemia, eu estava em\u00a0<strong>Roma<\/strong>\u00a0e fiquei impressionado com a inexist\u00eancia da ecologia no debate pol\u00edtico italiano\u201d, conta\u00a0<a rel=\"noreferrer noopener\" href=\"http:\/\/www.ihu.unisinos.br\/159-noticias\/entrevistas\/560926-em-busca-de-uma-nova-humanidade-entrevista-especial-com-gael-giraud\" target=\"_blank\">Giraud<\/a>, 51, famoso economista franc\u00eas, jesu\u00edta, que em 2015 publicou \u201c<em><a rel=\"noreferrer noopener\" href=\"http:\/\/www.ihu.unisinos.br\/185-noticias\/noticias-2016\/554994-uma-qtransicao-ecologicaq-para-salvar-a-europa-artigo-de-gael-giraud\" target=\"_blank\">La Transizione ecologica<\/a><\/em>&#8221; \u201cEnquanto a juventude instru\u00edda e a sociedade civil italiana est\u00e3o muito bem informadas, a classe pol\u00edtica ficou muito atr\u00e1s. O novo governo, espero, vai compensar esse atraso\u201d.<\/p>\n\n\n\n<!--more-->\n\n\n\n<p>Humanitas Unisinos<\/p>\n\n\n\n<p>A entrevista&nbsp;\u00e9 de&nbsp;<strong>Anais<\/strong>&nbsp;<strong>Ginori<\/strong>, publicada por&nbsp;<strong>La Repubblica<\/strong>, 21-02-2021. A tradu\u00e7\u00e3o \u00e9 de&nbsp;<strong>Luisa<\/strong>&nbsp;<strong>Rabolini<\/strong>.<\/p>\n\n\n\n<h3 class=\"wp-block-heading\">Eis a entrevista.<\/h3>\n\n\n\n<p><strong>Quais deveriam ser as caracter\u00edsticas e as prioridades do minist\u00e9rio?<\/strong><\/p>\n\n\n\n<p>Um grande plano para a\u00a0<a rel=\"noreferrer noopener\" href=\"http:\/\/www.ihu.unisinos.br\/78-noticias\/591756-justica-climatica-casos-e-relatos-de-um-mundo-em-reconstrucao\" target=\"_blank\">reconstru\u00e7\u00e3o ecol\u00f3gica<\/a>\u00a0do pa\u00eds \u00e9, na minha opini\u00e3o, a \u00fanica possibilidade de sobreviv\u00eancia pol\u00edtica para\u00a0<a rel=\"noreferrer noopener\" href=\"http:\/\/www.ihu.unisinos.br\/78-noticias\/602884-helen-alford-a-freira-economista-no-think-tank-do-papa-entre-draghi-e-stiglitz-colocar-o-ser-humano-de-volta-no-centro-da-economia-pos-covid\" target=\"_blank\">Draghi<\/a>. Caso contr\u00e1rio, se fizer\u00a0<strong>austeridade<\/strong>, como a\u00a0<a rel=\"noreferrer noopener\" href=\"http:\/\/www.ihu.unisinos.br\/noticias\/507102--e-a-troika-incendiou-a-grecia-\" target=\"_blank\">troika<\/a>\u00a0acabar\u00e1 por lhe pedir, ter\u00e1 o mesmo destino de\u00a0<a rel=\"noreferrer noopener\" href=\"http:\/\/www.ihu.unisinos.br\/noticias\/502842-novo-premie-ganhou-fama-no-combate-a-carteis\" target=\"_blank\">Mario Monti<\/a>. Em uma situa\u00e7\u00e3o deflacion\u00e1ria, a austeridade \u00e9 um rem\u00e9dio pior do que a doen\u00e7a. O mais importante \u00e9 que este novo minist\u00e9rio n\u00e3o est\u00e1 sob o controle do Minist\u00e9rio da Fazenda. Ali\u00e1s, deveria ser o contr\u00e1rio. \u00c9 preciso mudar nosso comportamento econ\u00f4mico e financeiro. Mas isso exige que a velha l\u00f3gica extrativista, predat\u00f3ria, neoliberal ceda ao realismo da necess\u00e1ria\u00a0<strong>reconstru\u00e7\u00e3o ecol\u00f3gica<\/strong>.<br><\/p>\n\n\n\n<p><strong>A Fran\u00e7a \u00e9 um modelo?<\/strong><\/p>\n\n\n\n<p>Em 2015, a\u00a0<strong>Fran\u00e7a<\/strong>\u00a0aprovou uma importante lei de transi\u00e7\u00e3o que, se implementada corretamente, dar\u00e1 frutos. Mas o atual governo de\u00a0<a rel=\"noreferrer noopener\" href=\"http:\/\/www.ihu.unisinos.br\/78-noticias\/582318-franca-nicolas-hulot-ministro-de-macron-para-o-meio-ambiente-saiu-batendo-a-porta\" target=\"_blank\">Macron<\/a>\u00a0n\u00e3o est\u00e1 cumprindo seus compromissos. Ele acaba de ser condenado pela justi\u00e7a francesa, assim como pelo governo da\u00a0<strong>Holanda<\/strong>, por negligenciar seus compromissos no\u00a0<a rel=\"noreferrer noopener\" href=\"http:\/\/www.ihu.unisinos.br\/78-noticias\/585177-quem-vai-salvar-o-acordo-de-paris\" target=\"_blank\">Acordo de Paris<\/a>. A\u00a0<a rel=\"noreferrer noopener\" href=\"http:\/\/www.ihu.unisinos.br\/78-noticias\/590135-os-estados-precisam-implementar-a-transicao-ecologica-antes-que-seja-tarde-demais-entrevista-com-gael-giraud\" target=\"_blank\">transi\u00e7\u00e3o ecol\u00f3gica<\/a>\u00a0exige um estado poderoso e estrat\u00e9gico que invista na infraestrutura verde do amanh\u00e3.<\/p>\n\n\n\n<p><strong>Em que ponto a It\u00e1lia est\u00e1 no processo de transi\u00e7\u00e3o ecol\u00f3gica?<\/strong><\/p>\n\n\n\n<p><strong>It\u00e1lia<\/strong>\u00a0e\u00a0<strong>Espanha<\/strong>\u00a0s\u00e3o os dois pa\u00edses da\u00a0<strong>Europa Ocidental<\/strong>\u00a0mais afetados pelos\u00a0<strong>danos ecol\u00f3gicos<\/strong>. Se n\u00e3o fizermos nada, o risco \u00e9 perder o acesso a mais de 50% da\u00a0<a rel=\"noreferrer noopener\" href=\"http:\/\/www.ihu.unisinos.br\/78-noticias\/577376-agua-27-teses-subversivas\" target=\"_blank\">\u00e1gua pot\u00e1vel<\/a>\u00a0na\u00a0<strong>It\u00e1lia<\/strong>\u00a0at\u00e9 2040. E passaremos fome nas grandes cidades italianas como acontece hoje em\u00a0<strong>Beirute<\/strong>. Mas a\u00a0<strong>It\u00e1lia<\/strong>\u00a0possui um recurso extraordin\u00e1rio na\u00a0<a rel=\"noreferrer noopener\" href=\"http:\/\/www.ihu.unisinos.br\/78-noticias\/600222-a-transicao-ecologica-para-uma-sociedade-biocentrada\" target=\"_blank\">transi\u00e7\u00e3o ecol\u00f3gica<\/a>, ou seja, sua grande tradi\u00e7\u00e3o industrial, capaz de inventar a ind\u00fastria verde e de baixa tecnologia. Existem excelentes cientistas, excelentes engenheiros e uma popula\u00e7\u00e3o instru\u00edda capaz de aprender que \u2018menos \u00e9 mais\u2019, como costuma dizer o Papa Francisco.<br><\/p>\n\n\n\n<p><strong>Como esse desafio se combina com outras prioridades, como desenvolvimento digital, combate \u00e0s desigualdades?<\/strong><\/p>\n\n\n\n<p>O\u00a0<strong>desenvolvimento<\/strong>\u00a0<strong>digital<\/strong>\u00a0\u00e9 em parte uma fic\u00e7\u00e3o: o digital \u00e9 um\u00a0<a rel=\"noreferrer noopener\" href=\"http:\/\/www.ihu.unisinos.br\/78-noticias\/583145-paises-ricos-emitem-mais-co2-mas-as-emissoes-crescem-mais-nos-paises-emergentes\" target=\"_blank\">grande emissor de CO2<\/a>, um consumidor de energia e minerais. O\u00a0<a rel=\"noreferrer noopener\" href=\"http:\/\/www.ihu.unisinos.br\/78-noticias\/589826-por-que-a-tecnologia-5g-representa-um-novo-perigo-para-a-vida\" target=\"_blank\">5G<\/a>, por exemplo, n\u00e3o \u00e9 absolutamente uma prioridade, exceto em alguns setores muito espec\u00edficos, como sa\u00fade e defesa. A transi\u00e7\u00e3o ecol\u00f3gica, portanto, requer um discernimento coletivo sobre a sobriedade digital. Por outro lado, a redu\u00e7\u00e3o das desigualdades \u00e9 fundamental. Na verdade, s\u00e3o os mais ricos que mais poluem. Redistribuir a riqueza \u00e9 uma \u00f3tima maneira de reduzir a pegada ecol\u00f3gica de uma sociedade.<br><\/p>\n\n\n\n<p><strong>Voc\u00ea insiste na responsabilidade do sistema financeiro.<\/strong><\/p>\n\n\n\n<p>Como em todo o&nbsp;<strong>Ocidente<\/strong>, o&nbsp;<a href=\"http:\/\/www.ihu.unisinos.br\/554728-qa-europa-tornou-se-refem-dos-bancos-e-da-austeridade-que-alimentam-populismosq-entrevista-com-gael-giraud\" target=\"_blank\" rel=\"noreferrer noopener\">sistema banc\u00e1rio italiano<\/a>&nbsp;\u00e9 hostil \u00e0&nbsp;<strong>transi\u00e7\u00e3o ecol\u00f3gica<\/strong>&nbsp;e ser\u00e1 tentado a se contentar com o&nbsp;<a href=\"http:\/\/www.ihu.unisinos.br\/78-noticias\/590987-greenwashing-pesquisa-inedita-do-idec-alerta-para-produtos-que-usam-falsas-alegacoes-socioambientais\" target=\"_blank\" rel=\"noreferrer noopener\"><em>green washing<\/em><\/a>. Por qu\u00ea? Porque, como em todos os lugares, os&nbsp;<strong>bancos italianos<\/strong>&nbsp;t\u00eam muitos ativos em f\u00f3sseis em seus balan\u00e7os. Se fizermos a transi\u00e7\u00e3o, esses ativos n\u00e3o valer\u00e3o mais nada e muitos de nossos bancos estar\u00e3o \u00e0 beira da fal\u00eancia.<\/p>\n","protected":false},"excerpt":{"rendered":"<p>\u201cA cria\u00e7\u00e3o de um\u00a0Minist\u00e9rio de Transi\u00e7\u00e3o Ecol\u00f3gica\u00a0\u00e9 uma grande not\u00edcia. A\u00a0It\u00e1lia\u00a0finalmente est\u00e1 aceitando este desafio\u201d.\u00a0Ga\u00ebl Giraud\u00a0\u00e9 considerado um dos te\u00f3ricos da express\u00e3o que apadrinha o novo minist\u00e9rio criado por\u00a0Mario Draghi. \u201cNo in\u00edcio da pandemia, eu estava em\u00a0Roma\u00a0e fiquei impressionado com a inexist\u00eancia da ecologia no debate pol\u00edtico italiano\u201d, conta\u00a0Giraud, 51, famoso economista franc\u00eas, jesu\u00edta, que&#8230;<a class=\"more-link\" href=\"http:\/\/blogdalucianaoliveira.com.br\/blog\/2021\/02\/22\/e-preciso-que-a-velha-logica-extrativista-predatoria-neoliberal-ceda-ao-realismo-da-necessaria-reconstrucao-ecologica\/\">Continue a leitura <span class=\"meta-nav\">&raquo;<\/span><\/a><\/p>\n","protected":false},"author":1,"featured_media":0,"comment_status":"closed","ping_status":"open","sticky":false,"template":"","format":"standard","meta":{"_exactmetrics_skip_tracking":false,"_exactmetrics_sitenote_active":false,"_exactmetrics_sitenote_note":"","_exactmetrics_sitenote_category":0,"jetpack_post_was_ever_published":false,"_jetpack_newsletter_access":"","_jetpack_dont_email_post_to_subs":false,"_jetpack_newsletter_tier_id":0,"_jetpack_memberships_contains_paywalled_content":false,"_jetpack_memberships_contains_paid_content":false,"footnotes":"","jetpack_publicize_message":"","jetpack_publicize_feature_enabled":true,"jetpack_social_post_already_shared":true,"jetpack_social_options":{"image_generator_settings":{"template":"highway","enabled":false},"version":2}},"categories":[1],"tags":[],"class_list":["post-30975","post","type-post","status-publish","format-standard","hentry","category-notas"],"jetpack_publicize_connections":[],"jetpack_sharing_enabled":true,"jetpack_featured_media_url":"","jetpack_shortlink":"https:\/\/wp.me\/p7wKYW-83B","jetpack-related-posts":[],"_links":{"self":[{"href":"http:\/\/blogdalucianaoliveira.com.br\/blog\/wp-json\/wp\/v2\/posts\/30975","targetHints":{"allow":["GET"]}}],"collection":[{"href":"http:\/\/blogdalucianaoliveira.com.br\/blog\/wp-json\/wp\/v2\/posts"}],"about":[{"href":"http:\/\/blogdalucianaoliveira.com.br\/blog\/wp-json\/wp\/v2\/types\/post"}],"author":[{"embeddable":true,"href":"http:\/\/blogdalucianaoliveira.com.br\/blog\/wp-json\/wp\/v2\/users\/1"}],"replies":[{"embeddable":true,"href":"http:\/\/blogdalucianaoliveira.com.br\/blog\/wp-json\/wp\/v2\/comments?post=30975"}],"version-history":[{"count":1,"href":"http:\/\/blogdalucianaoliveira.com.br\/blog\/wp-json\/wp\/v2\/posts\/30975\/revisions"}],"predecessor-version":[{"id":30977,"href":"http:\/\/blogdalucianaoliveira.com.br\/blog\/wp-json\/wp\/v2\/posts\/30975\/revisions\/30977"}],"wp:attachment":[{"href":"http:\/\/blogdalucianaoliveira.com.br\/blog\/wp-json\/wp\/v2\/media?parent=30975"}],"wp:term":[{"taxonomy":"category","embeddable":true,"href":"http:\/\/blogdalucianaoliveira.com.br\/blog\/wp-json\/wp\/v2\/categories?post=30975"},{"taxonomy":"post_tag","embeddable":true,"href":"http:\/\/blogdalucianaoliveira.com.br\/blog\/wp-json\/wp\/v2\/tags?post=30975"}],"curies":[{"name":"wp","href":"https:\/\/api.w.org\/{rel}","templated":true}]}}