{"id":30981,"date":"2021-02-22T21:05:54","date_gmt":"2021-02-23T01:05:54","guid":{"rendered":"http:\/\/blogdalucianaoliveira.com.br\/blog\/?p=30981"},"modified":"2021-02-22T21:05:58","modified_gmt":"2021-02-23T01:05:58","slug":"mais-de-600-animais-morrem-em-4-meses-em-centro-de-tratamento-do-ibama-no-rj","status":"publish","type":"post","link":"http:\/\/blogdalucianaoliveira.com.br\/blog\/2021\/02\/22\/mais-de-600-animais-morrem-em-4-meses-em-centro-de-tratamento-do-ibama-no-rj\/","title":{"rendered":"Mais de 600 animais morrem em 4 meses em centro de tratamento do Ibama no RJ"},"content":{"rendered":"\n<figure class=\"wp-block-image size-large\"><img data-recalc-dims=\"1\" loading=\"lazy\" decoding=\"async\" width=\"600\" height=\"752\" data-attachment-id=\"30983\" data-permalink=\"http:\/\/blogdalucianaoliveira.com.br\/blog\/2021\/02\/22\/mais-de-600-animais-morrem-em-4-meses-em-centro-de-tratamento-do-ibama-no-rj\/50589bf9-0dab-46d1-9e8a-03a7ec68f029\/\" data-orig-file=\"https:\/\/i0.wp.com\/blogdalucianaoliveira.com.br\/blog\/wp-content\/uploads\/2021\/02\/50589BF9-0DAB-46D1-9E8A-03A7EC68F029.jpeg?fit=600%2C752\" data-orig-size=\"600,752\" data-comments-opened=\"0\" data-image-meta=\"{&quot;aperture&quot;:&quot;0&quot;,&quot;credit&quot;:&quot;&quot;,&quot;camera&quot;:&quot;&quot;,&quot;caption&quot;:&quot;&quot;,&quot;created_timestamp&quot;:&quot;0&quot;,&quot;copyright&quot;:&quot;&quot;,&quot;focal_length&quot;:&quot;0&quot;,&quot;iso&quot;:&quot;0&quot;,&quot;shutter_speed&quot;:&quot;0&quot;,&quot;title&quot;:&quot;&quot;,&quot;orientation&quot;:&quot;0&quot;}\" data-image-title=\"50589BF9-0DAB-46D1-9E8A-03A7EC68F029\" data-image-description=\"\" data-image-caption=\"\" data-medium-file=\"https:\/\/i0.wp.com\/blogdalucianaoliveira.com.br\/blog\/wp-content\/uploads\/2021\/02\/50589BF9-0DAB-46D1-9E8A-03A7EC68F029.jpeg?fit=239%2C300\" data-large-file=\"https:\/\/i0.wp.com\/blogdalucianaoliveira.com.br\/blog\/wp-content\/uploads\/2021\/02\/50589BF9-0DAB-46D1-9E8A-03A7EC68F029.jpeg?fit=600%2C752\" src=\"https:\/\/i0.wp.com\/blogdalucianaoliveira.com.br\/blog\/wp-content\/uploads\/2021\/02\/50589BF9-0DAB-46D1-9E8A-03A7EC68F029.jpeg?resize=600%2C752\" alt=\"\" class=\"wp-image-30983\" srcset=\"https:\/\/i0.wp.com\/blogdalucianaoliveira.com.br\/blog\/wp-content\/uploads\/2021\/02\/50589BF9-0DAB-46D1-9E8A-03A7EC68F029.jpeg?w=600 600w, https:\/\/i0.wp.com\/blogdalucianaoliveira.com.br\/blog\/wp-content\/uploads\/2021\/02\/50589BF9-0DAB-46D1-9E8A-03A7EC68F029.jpeg?resize=239%2C300 239w\" sizes=\"auto, (max-width: 600px) 100vw, 600px\" \/><\/figure>\n\n\n\n<h4 class=\"wp-block-heading\">Local, que fica na Baixada Fluminense, n\u00e3o tem tratadores em n\u00famero suficiente para cuidar dos bichos. Contrata\u00e7\u00e3o \u00e9 de responsabilidade superintendente do Ibama no Rio, o contra-almirante da reserva da Marinha Alexandre Dias da Cruz.&nbsp;<\/h4>\n\n\n\n<!--more-->\n\n\n\n<p>Por M\u00e1rcia Brasil e M\u00f4nica Sanches, RJ2<\/p>\n\n\n\n<p><strong>Mais de 600 animais silvestres morreram<\/strong>nos \u00faltimos meses em um centro de tratamento do Ibama (Instituto Brasileiro do Meio Ambiente e dos Recursos Naturais Renov\u00e1veis) que fica<strong>&nbsp;<\/strong>em Serop\u00e9dica, na Baixada Fluminense.&nbsp;A empresa terceirizada que cuidava do espa\u00e7o deixou de prestar o servi\u00e7o no ano passado.&nbsp;<\/p>\n\n\n\n<p>Um outro contrato, de emerg\u00eancia, foi feito, mas tamb\u00e9m foi rompido. Enquanto isso, como mostrou o RJ2 nesta segunda-feira (22),&nbsp;animais vivem no meio de muita sujeira e quase sem alimenta\u00e7\u00e3o.<\/p>\n\n\n\n<p>O local \u00e9\u00a0<strong>um dos maiores centro de tratamento de animais silvestres do pa\u00eds.<\/strong>S\u00e3o\u00a0mais de 1,2 mil animais vivem l\u00e1. Sob a responsabilidade do Ibama, os macacos, as aves e outros bichos deveriam estar se recuperando dos ferimentos causados pelo tr\u00e1fico ilegal destas esp\u00e9cies.<\/p>\n\n\n\n<p>Os animais que conseguem se recuperar, como araras mostradas na reportagem, s\u00e3o devolvidos \u00e0 natureza. E os que est\u00e3o feridos, como \u00e9 a situa\u00e7\u00e3o de uma seriema, que teve uma das asas cortadas, precisam ficar no centro.&nbsp;<\/p>\n\n\n\n<p>S\u00f3 que, sem tratadores,&nbsp;<strong>cerca de 600 animais morreram nos \u00faltimos quatro meses<\/strong>, segundo um levantamento que ainda est\u00e1 sendo feito pelos funcion\u00e1rios do centro.&nbsp;<\/p>\n\n\n\n<p>Atualmente, o centro&nbsp;s\u00f3 tem quatro funcion\u00e1rios, que est\u00e3o fazendo o que podem. Mas como s\u00e3o poucos,&nbsp;eles mal conseguem dar conta de retirar os animais mortos.<\/p>\n\n\n\n<figure class=\"wp-block-image size-large\"><img data-recalc-dims=\"1\" loading=\"lazy\" decoding=\"async\" width=\"581\" height=\"420\" data-attachment-id=\"30982\" data-permalink=\"http:\/\/blogdalucianaoliveira.com.br\/blog\/2021\/02\/22\/mais-de-600-animais-morrem-em-4-meses-em-centro-de-tratamento-do-ibama-no-rj\/08c1ccc6-9e61-42ab-a452-c1381575ec29\/\" data-orig-file=\"https:\/\/i0.wp.com\/blogdalucianaoliveira.com.br\/blog\/wp-content\/uploads\/2021\/02\/08C1CCC6-9E61-42AB-A452-C1381575EC29.jpeg?fit=581%2C420\" data-orig-size=\"581,420\" data-comments-opened=\"0\" data-image-meta=\"{&quot;aperture&quot;:&quot;0&quot;,&quot;credit&quot;:&quot;&quot;,&quot;camera&quot;:&quot;&quot;,&quot;caption&quot;:&quot;&quot;,&quot;created_timestamp&quot;:&quot;0&quot;,&quot;copyright&quot;:&quot;&quot;,&quot;focal_length&quot;:&quot;0&quot;,&quot;iso&quot;:&quot;0&quot;,&quot;shutter_speed&quot;:&quot;0&quot;,&quot;title&quot;:&quot;&quot;,&quot;orientation&quot;:&quot;0&quot;}\" data-image-title=\"08C1CCC6-9E61-42AB-A452-C1381575EC29\" data-image-description=\"\" data-image-caption=\"\" data-medium-file=\"https:\/\/i0.wp.com\/blogdalucianaoliveira.com.br\/blog\/wp-content\/uploads\/2021\/02\/08C1CCC6-9E61-42AB-A452-C1381575EC29.jpeg?fit=300%2C217\" data-large-file=\"https:\/\/i0.wp.com\/blogdalucianaoliveira.com.br\/blog\/wp-content\/uploads\/2021\/02\/08C1CCC6-9E61-42AB-A452-C1381575EC29.jpeg?fit=581%2C420\" src=\"https:\/\/i0.wp.com\/blogdalucianaoliveira.com.br\/blog\/wp-content\/uploads\/2021\/02\/08C1CCC6-9E61-42AB-A452-C1381575EC29.jpeg?resize=581%2C420\" alt=\"\" class=\"wp-image-30982\" srcset=\"https:\/\/i0.wp.com\/blogdalucianaoliveira.com.br\/blog\/wp-content\/uploads\/2021\/02\/08C1CCC6-9E61-42AB-A452-C1381575EC29.jpeg?w=581 581w, https:\/\/i0.wp.com\/blogdalucianaoliveira.com.br\/blog\/wp-content\/uploads\/2021\/02\/08C1CCC6-9E61-42AB-A452-C1381575EC29.jpeg?resize=300%2C217 300w, https:\/\/i0.wp.com\/blogdalucianaoliveira.com.br\/blog\/wp-content\/uploads\/2021\/02\/08C1CCC6-9E61-42AB-A452-C1381575EC29.jpeg?resize=415%2C300 415w\" sizes=\"auto, (max-width: 581px) 100vw, 581px\" \/><figcaption>Centro de tratamento tem poucos tratadores \u2014 Foto: Arquivo Pessoal&nbsp;<\/figcaption><\/figure>\n\n\n\n<p>O centro tem muita sujeira e os animais que ainda est\u00e3o vivos sofrem de fome. A equipe de dez tratadores que fazia a limpeza dos espa\u00e7os, alimentava e cuidava dos bichos, pertencia a uma empresa terceirizada, que n\u00e3o renovou o contrato com o Ibama.<\/p>\n\n\n\n<p>O RJ2 teve acesso a uma troca de e-mails entre a empresa RCA e a Superintend\u00eancia do Rio do Ibama. No dia 30 de julho,&nbsp;a empresa disse que n\u00e3o queria prorrogar o contrato.<\/p>\n\n\n\n<p>No mesmo dia, o N\u00facleo de Compras e Contratos do Ibama informou aos respons\u00e1veis pelo Centro de Serop\u00e9dica que a empresa n\u00e3o renovaria o contrato. De forma an\u00f4nima,&nbsp;funcion\u00e1rios dizem que, depois da suspens\u00e3o desse contrato, os animais ficaram sem tratadores durante 50 dias.<\/p>\n\n\n\n<p>Eles acrescentaram que, depois, outra empresa foi contratada em regime de emerg\u00eancia, mas o servi\u00e7o foi interrompido h\u00e1 cerca de um m\u00eas, no dia 17 de janeiro. Enquanto isso, todo dia chegam novos animais no centro. Hoje, foram sete cobras encontradas em Miguel Pereira.<\/p>\n\n\n\n<p>Gavi\u00f5es, um falc\u00e3o e corujas, aves que j\u00e1 chegaram feridas no centro,&nbsp;est\u00e3o h\u00e1 mais de um m\u00eas sem tratadores, sem a limpeza adequada, correm o risco de piorar, contraindo infec\u00e7\u00f5es.<\/p>\n\n\n\n<p>Uma den\u00fancia chegou at\u00e9 a Pol\u00edcia Federal, que tamb\u00e9m hoje fez uma per\u00edcia no centro de triagem. Os funcion\u00e1rios ser\u00e3o chamados para prestar depoimento.<\/p>\n\n\n\n<p>A contrata\u00e7\u00e3o de uma equipe de tratadores \u00e9 responsabilidade do superintendente do Ibama no Rio, o contra-almirante da reserva da Marinha Alexandre Dias da Cruz, que assumiu o cargo em mar\u00e7o de 2019.<\/p>\n\n\n\n<p>O Ibama informou que a equipe da Corregeoria, a Secretaria de Biodiversidade e a Diretoria do instituto foram acionadas e far\u00e3o a apura\u00e7\u00e3o e ado\u00e7\u00e3o das medidas necess\u00e1rias.<\/p>\n","protected":false},"excerpt":{"rendered":"<p>Local, que fica na Baixada Fluminense, n\u00e3o tem tratadores em n\u00famero suficiente para cuidar dos bichos. Contrata\u00e7\u00e3o \u00e9 de responsabilidade superintendente do Ibama no Rio, o contra-almirante da reserva da Marinha Alexandre Dias da Cruz.&nbsp;<\/p>\n","protected":false},"author":1,"featured_media":0,"comment_status":"closed","ping_status":"open","sticky":false,"template":"","format":"standard","meta":{"_exactmetrics_skip_tracking":false,"_exactmetrics_sitenote_active":false,"_exactmetrics_sitenote_note":"","_exactmetrics_sitenote_category":0,"jetpack_post_was_ever_published":false,"_jetpack_newsletter_access":"","_jetpack_dont_email_post_to_subs":false,"_jetpack_newsletter_tier_id":0,"_jetpack_memberships_contains_paywalled_content":false,"_jetpack_memberships_contains_paid_content":false,"footnotes":"","jetpack_publicize_message":"","jetpack_publicize_feature_enabled":true,"jetpack_social_post_already_shared":true,"jetpack_social_options":{"image_generator_settings":{"template":"highway","enabled":false},"version":2}},"categories":[1],"tags":[],"class_list":["post-30981","post","type-post","status-publish","format-standard","hentry","category-notas"],"jetpack_publicize_connections":[],"jetpack_sharing_enabled":true,"jetpack_featured_media_url":"","jetpack_shortlink":"https:\/\/wp.me\/p7wKYW-83H","jetpack-related-posts":[],"_links":{"self":[{"href":"http:\/\/blogdalucianaoliveira.com.br\/blog\/wp-json\/wp\/v2\/posts\/30981","targetHints":{"allow":["GET"]}}],"collection":[{"href":"http:\/\/blogdalucianaoliveira.com.br\/blog\/wp-json\/wp\/v2\/posts"}],"about":[{"href":"http:\/\/blogdalucianaoliveira.com.br\/blog\/wp-json\/wp\/v2\/types\/post"}],"author":[{"embeddable":true,"href":"http:\/\/blogdalucianaoliveira.com.br\/blog\/wp-json\/wp\/v2\/users\/1"}],"replies":[{"embeddable":true,"href":"http:\/\/blogdalucianaoliveira.com.br\/blog\/wp-json\/wp\/v2\/comments?post=30981"}],"version-history":[{"count":1,"href":"http:\/\/blogdalucianaoliveira.com.br\/blog\/wp-json\/wp\/v2\/posts\/30981\/revisions"}],"predecessor-version":[{"id":30984,"href":"http:\/\/blogdalucianaoliveira.com.br\/blog\/wp-json\/wp\/v2\/posts\/30981\/revisions\/30984"}],"wp:attachment":[{"href":"http:\/\/blogdalucianaoliveira.com.br\/blog\/wp-json\/wp\/v2\/media?parent=30981"}],"wp:term":[{"taxonomy":"category","embeddable":true,"href":"http:\/\/blogdalucianaoliveira.com.br\/blog\/wp-json\/wp\/v2\/categories?post=30981"},{"taxonomy":"post_tag","embeddable":true,"href":"http:\/\/blogdalucianaoliveira.com.br\/blog\/wp-json\/wp\/v2\/tags?post=30981"}],"curies":[{"name":"wp","href":"https:\/\/api.w.org\/{rel}","templated":true}]}}