{"id":30985,"date":"2021-02-22T23:27:31","date_gmt":"2021-02-23T03:27:31","guid":{"rendered":"http:\/\/blogdalucianaoliveira.com.br\/blog\/?p=30985"},"modified":"2021-02-22T23:27:35","modified_gmt":"2021-02-23T03:27:35","slug":"mecenas-de-rodinei-ja-foi-acusado-de-desmatamento-sonegacao-e-trabalho-escravo","status":"publish","type":"post","link":"http:\/\/blogdalucianaoliveira.com.br\/blog\/2021\/02\/22\/mecenas-de-rodinei-ja-foi-acusado-de-desmatamento-sonegacao-e-trabalho-escravo\/","title":{"rendered":"Mecenas de Rodinei j\u00e1 foi acusado de desmatamento, sonega\u00e7\u00e3o e trabalho escravo"},"content":{"rendered":"\n<figure class=\"wp-block-image size-large\"><img data-recalc-dims=\"1\" loading=\"lazy\" decoding=\"async\" width=\"484\" height=\"576\" data-attachment-id=\"30986\" data-permalink=\"http:\/\/blogdalucianaoliveira.com.br\/blog\/2021\/02\/22\/mecenas-de-rodinei-ja-foi-acusado-de-desmatamento-sonegacao-e-trabalho-escravo\/f2b70dee-581a-4a0c-9227-0567b15b8526\/\" data-orig-file=\"https:\/\/i0.wp.com\/blogdalucianaoliveira.com.br\/blog\/wp-content\/uploads\/2021\/02\/F2B70DEE-581A-4A0C-9227-0567B15B8526.jpeg?fit=484%2C576\" data-orig-size=\"484,576\" data-comments-opened=\"0\" data-image-meta=\"{&quot;aperture&quot;:&quot;0&quot;,&quot;credit&quot;:&quot;&quot;,&quot;camera&quot;:&quot;&quot;,&quot;caption&quot;:&quot;&quot;,&quot;created_timestamp&quot;:&quot;0&quot;,&quot;copyright&quot;:&quot;&quot;,&quot;focal_length&quot;:&quot;0&quot;,&quot;iso&quot;:&quot;0&quot;,&quot;shutter_speed&quot;:&quot;0&quot;,&quot;title&quot;:&quot;&quot;,&quot;orientation&quot;:&quot;0&quot;}\" data-image-title=\"F2B70DEE-581A-4A0C-9227-0567B15B8526\" data-image-description=\"\" data-image-caption=\"\" data-medium-file=\"https:\/\/i0.wp.com\/blogdalucianaoliveira.com.br\/blog\/wp-content\/uploads\/2021\/02\/F2B70DEE-581A-4A0C-9227-0567B15B8526.jpeg?fit=252%2C300\" data-large-file=\"https:\/\/i0.wp.com\/blogdalucianaoliveira.com.br\/blog\/wp-content\/uploads\/2021\/02\/F2B70DEE-581A-4A0C-9227-0567B15B8526.jpeg?fit=484%2C576\" src=\"https:\/\/i0.wp.com\/blogdalucianaoliveira.com.br\/blog\/wp-content\/uploads\/2021\/02\/F2B70DEE-581A-4A0C-9227-0567B15B8526.jpeg?resize=484%2C576\" alt=\"\" class=\"wp-image-30986\" srcset=\"https:\/\/i0.wp.com\/blogdalucianaoliveira.com.br\/blog\/wp-content\/uploads\/2021\/02\/F2B70DEE-581A-4A0C-9227-0567B15B8526.jpeg?w=484 484w, https:\/\/i0.wp.com\/blogdalucianaoliveira.com.br\/blog\/wp-content\/uploads\/2021\/02\/F2B70DEE-581A-4A0C-9227-0567B15B8526.jpeg?resize=252%2C300 252w\" sizes=\"auto, (max-width: 484px) 100vw, 484px\" \/><\/figure>\n\n\n\n<p><em><strong>Elusmar Maggi, que doou R$ 1 milh\u00e3o para o Internacional escalar o jogador contra o Flamengo, em partida decisiva do Brasileir\u00e3o, \u00e9 s\u00f3cio do Grupo Bom Futuro, gigante do agroneg\u00f3cio em Mato Grosso; irm\u00e3o e s\u00f3cio \u00e9 suspeito de financiar caixa 2<\/strong><\/em><\/p>\n\n\n\n<!--more-->\n\n\n\n<p>Por&nbsp;<strong>Mariana Franco Ramos<\/strong><\/p>\n\n\n\n<figure class=\"wp-block-image\"><a href=\"https:\/\/deolhonosruralistas.com.br\/de-olho-nos-mil-parceiros\/\"><img data-recalc-dims=\"1\" decoding=\"async\" src=\"https:\/\/i0.wp.com\/deolhonosruralistas.com.br\/wp-content\/uploads\/2017\/03\/DEOLHO2017-chamada-meio-texto.png?w=600&#038;ssl=1\" alt=\"\" class=\"wp-image-3364\"\/><\/a><\/figure>\n\n\n\n<p>O sojeiro Elusmar Maggi Scheffer, que ganhou as manchetes nos \u00faltimos dias ap\u00f3s doar R$ 1 milh\u00e3o para o Internacional escalar o lateral-direito&nbsp;<a href=\"https:\/\/globoesporte.globo.com\/rs\/futebol\/times\/internacional\/noticia\/inter-recebe-doacao-de-r-1-milhao-para-pagar-multa-e-escalar-rodinei-contra-o-flamengo.ghtml\">Rodinei<\/a>&nbsp;contra o Flamengo, acumula d\u00edvidas e processos judiciais, inclusive por desmatamento e trabalho escravo. Apresentado pela imprensa comercial como um mecenas torcedor do clube, ele \u00e9 s\u00f3cio-propriet\u00e1rio, ao lado dos irm\u00e3os Era\u00ed e Fernando Maggi Scheffer, do Grupo Bom Futuro Agr\u00edcola, gigante do agroneg\u00f3cio no Mato Grosso e um dos maiores produtores de commodities do mundo.<\/p>\n\n\n\n<figure class=\"wp-block-image\"><img data-recalc-dims=\"1\" decoding=\"async\" src=\"https:\/\/i0.wp.com\/deolhonosruralistas.com.br\/wp-content\/uploads\/2021\/02\/rodinei.jpeg?w=600&#038;ssl=1\" alt=\"\" class=\"wp-image-20533\"\/><figcaption>Rodinei, lateral do Inter, acabou sendo expulso em jogo decisivo. (Imagem: Reprodu\u00e7\u00e3o)<\/figcaption><\/figure>\n\n\n\n<p>Os agropecuaristas s\u00e3o primos do ex-governador e ex-senador Blairo Maggi, que foi ministro da Agricultura durante o governo de Michel Temer. Em 2014, a&nbsp;<a href=\"https:\/\/veja.abril.com.br\/economia\/senador-blairo-maggi-estreia-na-lista-da-forbes-em-familia\/\">Forbes<\/a>&nbsp;classificou a fam\u00edlia como a s\u00e9tima mais rica do Brasil, com uma fortuna estimada em US$ 4,9 bilh\u00f5es. Os sojeiros atuam em setores diversos: pecu\u00e1ria, piscicultura, sementes, energia, aeroportu\u00e1rio e imobili\u00e1rio. A empresa \u00e9 dona, sozinha, de 14 fazendas de gado e 32 fazendas agr\u00edcolas e tem produ\u00e7\u00e3o estimada de 1,7 milh\u00e3o de toneladas de gr\u00e3os (soja e milho) e fibra (algod\u00e3o) por ano.<\/p>\n\n\n\n<p>Em 2008, Elusmar, Era\u00ed e Fernando foram processados por manter 41 trabalhadores em condi\u00e7\u00f5es an\u00e1logas \u00e0s escravid\u00e3o. De acordo com den\u00fancia formulada pelo Minist\u00e9rio P\u00fablico Federal (MPF), a equipe de fiscaliza\u00e7\u00e3o do Minist\u00e9rio do Trabalho e Emprego (MTE) encontrou na fazenda \u201cVale do Rio Verde\u201d, em Tapurah (a 445 quil\u00f4metros de Cuiab\u00e1), 41 trabalhadores em situa\u00e7\u00e3o irregular.<\/p>\n\n\n\n<p>O MTE constatou as seguintes irregularidades: jornada de trabalho extenuante; alojamentos sem arm\u00e1rios, roupa de cama e extintores e com colch\u00f5es velhos e ventila\u00e7\u00e3o e ilumina\u00e7\u00e3o insuficientes; banheiros sem papel higi\u00eanico, lixeiras e portas; falta de instala\u00e7\u00f5es sanit\u00e1rias na lavoura; manuseio de agrot\u00f3xicos de maneira inadequada; e utiliza\u00e7\u00e3o de equipamentos de prote\u00e7\u00e3o individual deteriorados ou inadequados.<\/p>\n\n\n\n<p>O caso correu at\u00e9 2013, quando o juiz Jeferson Schneider, da 5\u00aa vara da Justi\u00e7a Federal em Mato Grosso, decidiu absolver os sojeiros. Tamb\u00e9m foram inocentados&nbsp;Caetano Polato (dono da fazenda) e Jos\u00e9 Maria Bortoli (cunhado de Era\u00ed). \u201cEmbora as viola\u00e7\u00f5es aos direitos trabalhistas sejam graves, merecendo repara\u00e7\u00e3o por danos econ\u00f4micos e morais, n\u00e3o \u00e9 poss\u00edvel se falar na aniquila\u00e7\u00e3o da liberdade do indiv\u00edduo f\u00edsica ou ps\u00edquica\u201d, escreveu o magistrado. \u201cIsso porque as irregularidades verificadas n\u00e3o ocorreram de forma persistente ou duradoura\u201d.<\/p>\n\n\n\n<p>Segundo a&nbsp;<a href=\"https:\/\/reporterbrasil.org.br\/2010\/04\/rei-da-soja-e-envolvido-em-trabalho-escravo-diz-site\/\">Rep\u00f3rter Brasil<\/a>, especializada no tema, Polato \u00e9 reincidente na pr\u00e1tica do crime. O fazendeiro j\u00e1 havia sido flagrado explorando trabalho escravo na mesma propriedade pelos fiscais e assinou termo de ajustamento de conduta com o Minist\u00e9rio P\u00fablico do Trabalho (MPT) no Mato Grosso em 2001 e em 2005.<\/p>\n\n\n\n<h3 class=\"wp-block-heading\">GRUPO&nbsp;SONEGOU R$ 300 MILH\u00d5ES EM IMPOSTOS E FOI ALVO DE CPI<\/h3>\n\n\n\n<figure class=\"wp-block-image\"><img data-recalc-dims=\"1\" decoding=\"async\" data-attachment-id=\"20527\" data-permalink=\"http:\/\/blogdalucianaoliveira.com.br\/blog\/2019\/02\/15\/marielle-presente-com-wagner-moura-no-festival-de-berlim\/mari-9\/\" data-orig-file=\"https:\/\/i0.wp.com\/blogdalucianaoliveira.com.br\/blog\/wp-content\/uploads\/2019\/02\/mari.jpg?fit=1960%2C1198\" data-orig-size=\"1960,1198\" data-comments-opened=\"0\" data-image-meta=\"{&quot;aperture&quot;:&quot;0&quot;,&quot;credit&quot;:&quot;&quot;,&quot;camera&quot;:&quot;&quot;,&quot;caption&quot;:&quot;&quot;,&quot;created_timestamp&quot;:&quot;0&quot;,&quot;copyright&quot;:&quot;&quot;,&quot;focal_length&quot;:&quot;0&quot;,&quot;iso&quot;:&quot;0&quot;,&quot;shutter_speed&quot;:&quot;0&quot;,&quot;title&quot;:&quot;&quot;,&quot;orientation&quot;:&quot;0&quot;}\" data-image-title=\"mari\" data-image-description=\"\" data-image-caption=\"\" data-medium-file=\"https:\/\/i0.wp.com\/blogdalucianaoliveira.com.br\/blog\/wp-content\/uploads\/2019\/02\/mari.jpg?fit=300%2C183\" data-large-file=\"https:\/\/i0.wp.com\/blogdalucianaoliveira.com.br\/blog\/wp-content\/uploads\/2019\/02\/mari.jpg?fit=600%2C367\" src=\"https:\/\/i0.wp.com\/deolhonosruralistas.com.br\/wp-content\/uploads\/2021\/02\/soja.jpg?w=600&#038;ssl=1\" alt=\"\" class=\"wp-image-20527\"\/><figcaption>Cultivo de soja da Bom Futuro; empresa foi acusada de trabalho escravo. (Foto: Divulga\u00e7\u00e3o)<\/figcaption><\/figure>\n\n\n\n<p>Um ano depois da absolvi\u00e7\u00e3o, em 2014, a Bom Futuro foi autuada por sonega\u00e7\u00e3o de R$ 300 milh\u00f5es em impostos, simulando transa\u00e7\u00f5es comerciais por meio da Cooperativa Agroindustrial de Mato Grosso (Cooamat).&nbsp;As investiga\u00e7\u00f5es motivaram a instala\u00e7\u00e3o de uma&nbsp;<a href=\"https:\/\/www.gazetadigital.com.br\/editorias\/politica-de-mt\/investigacao-contra-erai-maggi-completa-4-anos\/561617\">Comiss\u00e3o Parlamentar de Inqu\u00e9rito<\/a>&nbsp;(CPI) na Assembleia Legislativa. O relat\u00f3rio final acusou Era\u00ed Maggi, conhecido como \u201crei da soja\u201d, de usar cooperados como \u201claranjas\u201d, para se beneficiar pagando menos impostos.<\/p>\n\n\n\n<p>Conforme o texto, dos 30 associados \u00e0 Cooamat, 13 nunca fizeram uma transa\u00e7\u00e3o comercial sequer. O documento tamb\u00e9m apontou que a maioria dos cooperados eram funcion\u00e1rios do Grupo Bom Futuro e que a sede da Cooamat permaneceu dentro da pr\u00f3pria empresa. Desde 2015, inqu\u00e9ritos sigilosos sobre o caso, abertos com base nas&nbsp;<a href=\"https:\/\/www.gazetadigital.com.br\/editorias\/politica-de-mt\/investigacao-contra-erai-maggi-completa-4-anos\/561617\">investiga\u00e7\u00f5es<\/a>&nbsp;do Legislativo, tramitam na Delegacia Fazend\u00e1ria (Defaz) e nos Minist\u00e9rios P\u00fablicos Estadual e Federal.<\/p>\n\n\n\n<p>De acordo com um&nbsp;<a href=\"https:\/\/efile.fara.gov\/docs\/6710-Informational-Materials-20191220-44.pdf?fbclid=IwAR0-lvtFOvfxU8d91OSlkO0TplKWfOqr7qGKJqFeramMar-4nIJQFpcgr6U\">relat\u00f3rio<\/a>&nbsp;sobre soja e gado publicado em dezembro de 2019 pela&nbsp;<a href=\"https:\/\/www.mightyearth.org\/\">Mighty Earth<\/a>, organiza\u00e7\u00e3o de defesa do ambiente, a Bom Futuro possui cerca de 500 mil hectares de planta\u00e7\u00f5es de gr\u00e3os e fibras (soja, milho e algod\u00e3o) e outros 130 mil hectares com pecu\u00e1ria na Fazenda Cocal, em Conarana (MT). O grupo desenvolve atividades de cria\u00e7\u00e3o de peixes e tem uma empresa de energia operando tr\u00eas usinas hidrel\u00e9tricas na Bacia do rio Paraguai.<\/p>\n\n\n\n<p>Reportagem do&nbsp;<a href=\"https:\/\/deolhonosruralistas.com.br\/2019\/02\/18\/usinas-que-destruiram-rios-rendem-r-43-milhoes-a-politicos-e-empresarios-de-mato-grosso\/\">De Olho Nos Ruralistas<\/a>&nbsp;mostrou, em 2019, que a destrui\u00e7\u00e3o de um&nbsp;trecho do Rio Juruena para a constru\u00e7\u00e3o de Pequenas Centrais Hidrel\u00e9tricas (PCH\u2019s) j\u00e1 rendeu R$ 43 milh\u00f5es a pol\u00edticos, como&nbsp;Blairo Maggi, e empres\u00e1rios.&nbsp;O local abriga comunidades tradicionais, organizadas por meio da Rede Juruena Vivo. Elas enviaram uma carta \u00e0 Ag\u00eancia Nacional de Energia El\u00e9trica (Aneel) reivindicando que sejam consultadas antes da autoriza\u00e7\u00e3o de empreendimentos do tipo.<\/p>\n\n\n\n<h3 class=\"wp-block-heading\">IRM\u00c3OS COMPUNHAM ESQUEMA DE DESMATAMENTO NA AMAZ\u00d4NIA, DIZ MPF<\/h3>\n\n\n\n<p>Elusmar e Era\u00ed Maggi Scheffer foram acusados, em 2016, de participar daquele que foi considerado pelo MPF o maior esquema de desmatamento j\u00e1 detectado na Amaz\u00f4nia. Os procuradores investigam a movimenta\u00e7\u00e3o de&nbsp;<a href=\"https:\/\/www.oeco.org.br\/noticias\/mpf-questiona-jbs-e-maggi-sobre-negocios-com-desmatador-da-amazonia\/\">R$1,9 bilh\u00e3o<\/a>, que destruiu 300 quil\u00f4metros quadrados de florestas entre 2012 e 2015. A suspeita \u00e9 de que a Amaggi Exporta\u00e7\u00e3o e Importa\u00e7\u00e3o (de Blairo Maggi) e os dois sojeiros transferiram&nbsp;R$ 10 milh\u00f5es para Ant\u00f4nio Jos\u00e9 Junqueira Vilela Filho, conhecido como AJJ ou Jotinha, e para um cunhado de AJJ, Ricardo Caldeira Viacava.<\/p>\n\n\n\n<p>No mesmo per\u00edodo, pela JBS, foram transferidos R$ 7,4 milh\u00f5es a AJJ e a uma irm\u00e3 dele, a socialite Ana Paula Junqueira Vilela Carneiro. Como esses valores podem ter sido usados para compra de gr\u00e3os ou animais procedentes de \u00e1reas desmatadas ilegalmente, o MPF solicitou esclarecimentos dos compradores, pois pela lei \u201ca responsabiliza\u00e7\u00e3o civil por dano ao meio ambiente pode, em tese, atingir as empresas compradoras\u201d.<\/p>\n\n\n\n<p>Em 2018, um amigo de inf\u00e2ncia de Blairo Maggi, o deputado federal Adilton Sachetti (PRB), autointitulado \u201ccandidato leg\u00edtimo do agro\u201d, contou com o apoio da fam\u00edlia de sojeiros em sua campanha ao Senado. Quatro anos antes, quando foi eleito deputado, recebeu&nbsp;R$ 850 mil em doa\u00e7\u00f5es&nbsp;da Amaggi e da trinca Blairo, Era\u00ed e Elizeu&nbsp;Scheffer (presidente do grupo Scheffer).<\/p>\n\n\n\n<p>Conforme levantamento da Rep\u00f3rter Brasil, o grupo Bom Futuro \u00e9 o principal benefici\u00e1rio de tr\u00eas projetos de decreto parlamentar apresentados por Sachetti em 2015, propondo a cria\u00e7\u00e3o de novas hidrovias, algumas delas a menos de 200 quil\u00f4metros das fazendas do grupo.<\/p>\n\n\n\n<p>Era\u00ed Maggi foi autuado pelo&nbsp;Instituto Brasileiro do Meio Ambiente e dos Recursos Naturais Renov\u00e1veis (<a href=\"https:\/\/deolhonosruralistas.com.br\/2018\/10\/03\/no-mt-sucessor-de-blairo-maggi-acumula-dividas-e-tem-atuacao-anti-indigena\/\">Ibama<\/a>) em R$ 438 mil pelo desmatamento de uma \u00e1rea de 1.463 hectares.<\/p>\n\n\n\n<h3 class=\"wp-block-heading\">SOJEIRO \u00c9 SUSPEITO DE FINANCIAR CAIXA 2 DE PEDRO TAQUES<\/h3>\n\n\n\n<p>Em outubro de 2018, o empres\u00e1rio Alan Malouf, delator de um&nbsp;<a href=\"https:\/\/g1.globo.com\/mt\/mato-grosso\/noticia\/2018\/10\/22\/delator-diz-que-recebeu-r-1-milhao-de-empresario-do-agronegocio-a-pedido-de-governador-de-mt-como-retorno-de-doacao-para-caixa-2.ghtml\">esquema de corrup\u00e7\u00e3o<\/a>&nbsp;na Secretaria Estadual de Educa\u00e7\u00e3o (Seduc), disse que recebeu R$ 1 milh\u00e3o, em abril de 2016, de Era\u00ed Maggi, a pedido do ent\u00e3o governador Pedro Taques (ex-PSDB, hoje SD). Segundo Malouf,&nbsp;o irm\u00e3o de Elusmar pagou a d\u00edvida com recursos pr\u00f3prios. O pol\u00edtico estava sendo cobrado por um grupo de empres\u00e1rios que doaram cerca de R$ 7 milh\u00f5es \u00e0 campanha dele.<\/p>\n\n\n\n<p>O delator contou que o dinheiro do caixa 2 retornaria ap\u00f3s a elei\u00e7\u00e3o.&nbsp;Consta ainda na colabora\u00e7\u00e3o premiada que todas as doa\u00e7\u00f5es feitas por pessoas ligadas ao agroneg\u00f3cio eram fechadas diretamente com Era\u00ed Maggi. A defesa do agropecuarista afirmou que a colabora\u00e7\u00e3o n\u00e3o se fundamenta e que traz um \u201cvazio investigat\u00f3rio\u201d.<\/p>\n\n\n\n<p>Alan Malouf foi condenado a onze anos de pris\u00e3o por integrar uma organiza\u00e7\u00e3o criminosa que desviou verba da Seduc entre 2015 e 2016.&nbsp;Ele chegou a ser preso, mas foi solto logo depois.&nbsp;As fraudes s\u00e3o investigadas na Opera\u00e7\u00e3o R\u00eamora.<\/p>\n\n\n\n<p>|&nbsp;<a href=\"https:\/\/twitter.com\/marifrancoramos\">Mariana Franco Ramos<\/a>&nbsp;\u00e9 rep\u00f3rter do De Olho nos Ruralistas. |<\/p>\n","protected":false},"excerpt":{"rendered":"<p>Elusmar Maggi, que doou R$ 1 milh\u00e3o para o Internacional escalar o jogador contra o Flamengo, em partida decisiva do Brasileir\u00e3o, \u00e9 s\u00f3cio do Grupo Bom Futuro, gigante do agroneg\u00f3cio em Mato Grosso; irm\u00e3o e s\u00f3cio \u00e9 suspeito de financiar caixa 2<\/p>\n","protected":false},"author":1,"featured_media":0,"comment_status":"closed","ping_status":"open","sticky":false,"template":"","format":"standard","meta":{"_exactmetrics_skip_tracking":false,"_exactmetrics_sitenote_active":false,"_exactmetrics_sitenote_note":"","_exactmetrics_sitenote_category":0,"jetpack_post_was_ever_published":false,"_jetpack_newsletter_access":"","_jetpack_dont_email_post_to_subs":false,"_jetpack_newsletter_tier_id":0,"_jetpack_memberships_contains_paywalled_content":false,"_jetpack_memberships_contains_paid_content":false,"footnotes":"","jetpack_publicize_message":"","jetpack_publicize_feature_enabled":true,"jetpack_social_post_already_shared":true,"jetpack_social_options":{"image_generator_settings":{"template":"highway","enabled":false},"version":2}},"categories":[1],"tags":[],"class_list":["post-30985","post","type-post","status-publish","format-standard","hentry","category-notas"],"jetpack_publicize_connections":[],"jetpack_sharing_enabled":true,"jetpack_featured_media_url":"","jetpack_shortlink":"https:\/\/wp.me\/p7wKYW-83L","jetpack-related-posts":[],"_links":{"self":[{"href":"http:\/\/blogdalucianaoliveira.com.br\/blog\/wp-json\/wp\/v2\/posts\/30985","targetHints":{"allow":["GET"]}}],"collection":[{"href":"http:\/\/blogdalucianaoliveira.com.br\/blog\/wp-json\/wp\/v2\/posts"}],"about":[{"href":"http:\/\/blogdalucianaoliveira.com.br\/blog\/wp-json\/wp\/v2\/types\/post"}],"author":[{"embeddable":true,"href":"http:\/\/blogdalucianaoliveira.com.br\/blog\/wp-json\/wp\/v2\/users\/1"}],"replies":[{"embeddable":true,"href":"http:\/\/blogdalucianaoliveira.com.br\/blog\/wp-json\/wp\/v2\/comments?post=30985"}],"version-history":[{"count":1,"href":"http:\/\/blogdalucianaoliveira.com.br\/blog\/wp-json\/wp\/v2\/posts\/30985\/revisions"}],"predecessor-version":[{"id":30987,"href":"http:\/\/blogdalucianaoliveira.com.br\/blog\/wp-json\/wp\/v2\/posts\/30985\/revisions\/30987"}],"wp:attachment":[{"href":"http:\/\/blogdalucianaoliveira.com.br\/blog\/wp-json\/wp\/v2\/media?parent=30985"}],"wp:term":[{"taxonomy":"category","embeddable":true,"href":"http:\/\/blogdalucianaoliveira.com.br\/blog\/wp-json\/wp\/v2\/categories?post=30985"},{"taxonomy":"post_tag","embeddable":true,"href":"http:\/\/blogdalucianaoliveira.com.br\/blog\/wp-json\/wp\/v2\/tags?post=30985"}],"curies":[{"name":"wp","href":"https:\/\/api.w.org\/{rel}","templated":true}]}}