{"id":30999,"date":"2021-02-24T16:36:38","date_gmt":"2021-02-24T20:36:38","guid":{"rendered":"http:\/\/blogdalucianaoliveira.com.br\/blog\/?p=30999"},"modified":"2021-02-24T16:36:43","modified_gmt":"2021-02-24T20:36:43","slug":"conta-de-luz-mais-cara-esse-sera-o-efeito-da-privatizacao-da-eletrobras","status":"publish","type":"post","link":"http:\/\/blogdalucianaoliveira.com.br\/blog\/2021\/02\/24\/conta-de-luz-mais-cara-esse-sera-o-efeito-da-privatizacao-da-eletrobras\/","title":{"rendered":"Conta de luz mais cara: esse ser\u00e1 o efeito da privatiza\u00e7\u00e3o da Eletrobras"},"content":{"rendered":"\n<figure class=\"wp-block-image size-large\"><img data-recalc-dims=\"1\" loading=\"lazy\" decoding=\"async\" width=\"600\" height=\"284\" data-attachment-id=\"31000\" data-permalink=\"http:\/\/blogdalucianaoliveira.com.br\/blog\/2021\/02\/24\/conta-de-luz-mais-cara-esse-sera-o-efeito-da-privatizacao-da-eletrobras\/217db50b-bcc1-4a22-b72f-d5d4269a9b58\/\" data-orig-file=\"https:\/\/i0.wp.com\/blogdalucianaoliveira.com.br\/blog\/wp-content\/uploads\/2021\/02\/217DB50B-BCC1-4A22-B72F-D5D4269A9B58.jpeg?fit=800%2C379\" data-orig-size=\"800,379\" data-comments-opened=\"0\" data-image-meta=\"{&quot;aperture&quot;:&quot;0&quot;,&quot;credit&quot;:&quot;&quot;,&quot;camera&quot;:&quot;&quot;,&quot;caption&quot;:&quot;&quot;,&quot;created_timestamp&quot;:&quot;0&quot;,&quot;copyright&quot;:&quot;&quot;,&quot;focal_length&quot;:&quot;0&quot;,&quot;iso&quot;:&quot;0&quot;,&quot;shutter_speed&quot;:&quot;0&quot;,&quot;title&quot;:&quot;&quot;,&quot;orientation&quot;:&quot;0&quot;}\" data-image-title=\"217DB50B-BCC1-4A22-B72F-D5D4269A9B58\" data-image-description=\"\" data-image-caption=\"\" data-medium-file=\"https:\/\/i0.wp.com\/blogdalucianaoliveira.com.br\/blog\/wp-content\/uploads\/2021\/02\/217DB50B-BCC1-4A22-B72F-D5D4269A9B58.jpeg?fit=300%2C142\" data-large-file=\"https:\/\/i0.wp.com\/blogdalucianaoliveira.com.br\/blog\/wp-content\/uploads\/2021\/02\/217DB50B-BCC1-4A22-B72F-D5D4269A9B58.jpeg?fit=600%2C284\" src=\"https:\/\/i0.wp.com\/blogdalucianaoliveira.com.br\/blog\/wp-content\/uploads\/2021\/02\/217DB50B-BCC1-4A22-B72F-D5D4269A9B58.jpeg?resize=600%2C284\" alt=\"\" class=\"wp-image-31000\" srcset=\"https:\/\/i0.wp.com\/blogdalucianaoliveira.com.br\/blog\/wp-content\/uploads\/2021\/02\/217DB50B-BCC1-4A22-B72F-D5D4269A9B58.jpeg?w=800 800w, https:\/\/i0.wp.com\/blogdalucianaoliveira.com.br\/blog\/wp-content\/uploads\/2021\/02\/217DB50B-BCC1-4A22-B72F-D5D4269A9B58.jpeg?resize=300%2C142 300w, https:\/\/i0.wp.com\/blogdalucianaoliveira.com.br\/blog\/wp-content\/uploads\/2021\/02\/217DB50B-BCC1-4A22-B72F-D5D4269A9B58.jpeg?resize=768%2C364 768w, https:\/\/i0.wp.com\/blogdalucianaoliveira.com.br\/blog\/wp-content\/uploads\/2021\/02\/217DB50B-BCC1-4A22-B72F-D5D4269A9B58.jpeg?resize=633%2C300 633w\" sizes=\"auto, (max-width: 600px) 100vw, 600px\" \/><\/figure>\n\n\n\n<h4 class=\"wp-block-heading\">Eletricit\u00e1rios repudiam MP de Bolsonaro para privatizar estatal; impacto para consumidor pode chegar a R$ 460 bilh\u00f5es<\/h4>\n\n\n\n<!--more-->\n\n\n\n<p>Reda\u00e7\u00e3o\u00a0<a rel=\"noreferrer noopener\" target=\"_blank\" href=\"https:\/\/www.redebrasilatual.com.br\/economia\/2021\/02\/conta-de-luz-mais-cara-esse-sera-o-efeito-da-privatizacao-da-eletrobras\/\">Rede Brasil Atual<\/a><\/p>\n\n\n\n<p>A privatiza\u00e7\u00e3o da Eletrobras, como deseja o governo Jair Bolsonaro, pode ferir a economia popular e causar preju\u00edzos aos trabalhadores do pa\u00eds. Se for realizada de fato, a venda da Eletrobras pode elevar a conta de luz em at\u00e9 16,7% num primeiro momento. E elevar o custo da ind\u00fastria, das fam\u00edlias e de toda a cadeia de produ\u00e7\u00e3o da economia em R$ 460 bilh\u00f5es por 30 anos.<\/p>\n\n\n\n<p>Essa \u00e9 a avalia\u00e7\u00e3o do&nbsp;<a href=\"https:\/\/www.fnucut.org.br\/tag\/cne\/\" rel=\"noreferrer noopener\" target=\"_blank\">Coletivo Nacional dos Eletricit\u00e1rios<\/a>, que nesta ter\u00e7a-feira (23) divulgou nota recha\u00e7ando a Medida Provis\u00f3ria 1031\/21, apresentada pelo governo Bolsonaro ao Congresso para acelerar a privatiza\u00e7\u00e3o da empresa estatal de energia.<\/p>\n\n\n\n<p>O texto da MP prev\u00ea a manuten\u00e7\u00e3o de poder de veto do governo sobre as decis\u00f5es da empresa por meio de a\u00e7\u00f5es preferenciais. Atualmente, a Uni\u00e3o possui 60% das a\u00e7\u00f5es da Eletrobras. \u201cA C\u00e2mara e o Senado v\u00e3o dar a devida urg\u00eancia \u00e0 mat\u00e9ria, at\u00e9 por ser uma medida provis\u00f3ria. E a nossa agenda de privatiza\u00e7\u00e3o, essa MP n\u00e3o trata disso hoje em dia, mas nossa agenda de privatiza\u00e7\u00e3o continua a todo vapor\u201d, disse o presidente Jair Bolsonaro. O presidente da C\u00e2mara,&nbsp;<a href=\"https:\/\/www.redebrasilatual.com.br\/politica\/2021\/02\/novo-presidente-da-camara\/\" rel=\"noreferrer noopener\" target=\"_blank\">Arthur Lira<\/a>&nbsp;(PP-AL) informou que o texto deve entrar na pauta da C\u00e2mara na semana que vem.<\/p>\n\n\n\n<p>O Coletivo Nacional dos Eletricit\u00e1rios manifestou rep\u00fadio e indigna\u00e7\u00e3o com a apresenta\u00e7\u00e3o da medida provis\u00f3ria. &nbsp;\u201cA Medida Provis\u00f3ria 1031\/21, remonta outras iniciativas legislativas recentes de tentativa de privatiza\u00e7\u00e3o da Eletrobras. Todas estas tentativas ca\u00edram por terra\u201d, afirmam os eletricit\u00e1rios.<\/p>\n\n\n\n<p>Energia mais barata<\/p>\n\n\n\n<p>\u201cA privatiza\u00e7\u00e3o da Eletrobras pressup\u00f5e da condi\u00e7\u00e3o de descotiza\u00e7\u00e3o de 15 usinas hidrel\u00e9tricas que vendem energia bem mais barata que o Mercado Livre. Se essas usinas vendem o MWH entre R$ 40,00 e R$ 60,00, o Mercado Livre vende seu MWH por R$ 200,00 a R$ 800,00\u201d, lembram os eletricit\u00e1rios, destacando que esse \u00e9 o fator envolvido na venda da Eletrobras que pode repercutir no aumento da conta de luz para a popula\u00e7\u00e3o.<\/p>\n\n\n\n<p><strong>Leia tamb\u00e9m:<\/strong>&nbsp;<a href=\"https:\/\/www.brasildefato.com.br\/2021\/02\/24\/paraiba-sindicatos-lancam-comite-em-defesa-do-servico-publico-e-contra-privatizacoes\">Para\u00edba: Sindicatos lan\u00e7am Comit\u00ea em Defesa do Servi\u00e7o P\u00fablico e contra privatiza\u00e7\u00f5es<\/a><\/p>\n\n\n\n<p>As recentes privatiza\u00e7\u00f5es de distribuidoras de energia el\u00e9trica no Brasil tiveram sempre dois efeitos colaterais preponderantes: tarifa\u00e7o e apag\u00e3o, destacam ainda os trabalhadores. \u201cAs popula\u00e7\u00f5es dos estados de Goi\u00e1s, Acre, Rond\u00f4nia, Roraima, Amazonas, Piau\u00ed e Alagoas penam com o descaso na presta\u00e7\u00e3o de servi\u00e7o privatizado.\u201d<\/p>\n\n\n\n<p>Ainda sobre apag\u00f5es, como n\u00e3o lembrar do recente epis\u00f3dio sombrio no Amap\u00e1. Quando uma transmissora de energia privada deixou a maior parte do estado sem luz por 20 dias.<\/p>\n\n\n\n<p>Meio ambiente<\/p>\n\n\n\n<p>A privatiza\u00e7\u00e3o da Eletrobras \u00e9 ainda um risco iminente para o meio ambiente, de acordo com a avalia\u00e7\u00e3o dos trabalhadores. \u201cA Eletrobras tem 47 barragens h\u00eddricas, algumas delas sexagen\u00e1rias e por responsabilidade de Estado e expertise em engenharia seguran\u00e7a de barragens, nunca tivemos sequer a amea\u00e7a de epis\u00f3dios degradantes como nas privatizadas barragens de rejeito de&nbsp;<a href=\"https:\/\/www.redebrasilatual.com.br\/ambiente\/2021\/02\/vazamento-de-lama-volta-a-atormentar-familias-do-corrego-do-feijao-em-brumadinho\/\" rel=\"noreferrer noopener\" target=\"_blank\">Brumadinho<\/a>&nbsp;e Mariana (MG)\u201d, afirmam.<\/p>\n\n\n\n<p>A expectativa do governo \u00e9 que pela entrega da Eletrobras a Uni\u00e3o arrecade R$ 16 bilh\u00f5es em b\u00f4nus de outorga. Aqueles que justificam a privatiza\u00e7\u00e3o para efeito fiscal ou social deveriam saber que a d\u00edvida p\u00fablica ronda os R$ 6 trilh\u00f5es e que apenas um m\u00eas de aux\u00edlio emergencial digno de R$ 600,00 custa aos cofres p\u00fablicos R$ 50 bilh\u00f5es, ou seja, tr\u00eas privatiza\u00e7\u00f5es da Eletrobras.<\/p>\n\n\n\n<p>Engodo da MP 1031\/21<\/p>\n\n\n\n<p>Por tudo isso, o engodo no texto da Medida Provis\u00f3ria 1031\/21 \u00e9 um grande absurdo, avaliam os trabalhadores. \u201cA Eletrobras \u00e9 a maior empresa de energia el\u00e9trica da Am\u00e9rica Latina, respons\u00e1vel por 30 % da gera\u00e7\u00e3o e 50% da transmiss\u00e3o de energia das brasileiras e dos brasileiros. \u00c9 lucrativa, teve super\u00e1vit de mais de R$ 30 bilh\u00f5es nos \u00faltimos tr\u00eas anos.\u201d<\/p>\n\n\n\n<p>Nos \u00faltimos 20 anos, a empresa distribuiu mais de R$ 20 bilh\u00f5es para Uni\u00e3o como dividendos. \u201cSe este governo pensasse como Estado, entenderia que a Eletrobras, com baixo endividamento e forte fluxo de caixa, est\u00e1 pronta para investir em obras estruturantes aumentando a capacidade brasileira de gera\u00e7\u00e3o e transmiss\u00e3o de energia de qualidade e gerando empregos para recuperar a nossa economia desta crise sem precedentes.\u201d<\/p>\n\n\n\n<p>Contra a privatiza\u00e7\u00e3o da Eletrobras e os aumentos na conta de luz, os eletricit\u00e1rios conclamam \u201co povo brasileiro, bem como todas entidades que lutam por justi\u00e7a e igualdade social para que se unam a n\u00f3s nesta luta pelo Brasil em defesa da Eletrobras p\u00fablica e como fonte de energia el\u00e9trica acess\u00edvel para a vida dos brasileiros e brasileiras.<\/p>\n","protected":false},"excerpt":{"rendered":"<p>Eletricit\u00e1rios repudiam MP de Bolsonaro para privatizar estatal; impacto para consumidor pode chegar a R$ 460 bilh\u00f5es<\/p>\n","protected":false},"author":1,"featured_media":0,"comment_status":"closed","ping_status":"open","sticky":false,"template":"","format":"standard","meta":{"_exactmetrics_skip_tracking":false,"_exactmetrics_sitenote_active":false,"_exactmetrics_sitenote_note":"","_exactmetrics_sitenote_category":0,"jetpack_post_was_ever_published":false,"_jetpack_newsletter_access":"","_jetpack_dont_email_post_to_subs":false,"_jetpack_newsletter_tier_id":0,"_jetpack_memberships_contains_paywalled_content":false,"_jetpack_memberships_contains_paid_content":false,"footnotes":"","jetpack_publicize_message":"","jetpack_publicize_feature_enabled":true,"jetpack_social_post_already_shared":true,"jetpack_social_options":{"image_generator_settings":{"template":"highway","enabled":false},"version":2}},"categories":[1],"tags":[],"class_list":["post-30999","post","type-post","status-publish","format-standard","hentry","category-notas"],"jetpack_publicize_connections":[],"jetpack_sharing_enabled":true,"jetpack_featured_media_url":"","jetpack_shortlink":"https:\/\/wp.me\/p7wKYW-83Z","jetpack-related-posts":[],"_links":{"self":[{"href":"http:\/\/blogdalucianaoliveira.com.br\/blog\/wp-json\/wp\/v2\/posts\/30999","targetHints":{"allow":["GET"]}}],"collection":[{"href":"http:\/\/blogdalucianaoliveira.com.br\/blog\/wp-json\/wp\/v2\/posts"}],"about":[{"href":"http:\/\/blogdalucianaoliveira.com.br\/blog\/wp-json\/wp\/v2\/types\/post"}],"author":[{"embeddable":true,"href":"http:\/\/blogdalucianaoliveira.com.br\/blog\/wp-json\/wp\/v2\/users\/1"}],"replies":[{"embeddable":true,"href":"http:\/\/blogdalucianaoliveira.com.br\/blog\/wp-json\/wp\/v2\/comments?post=30999"}],"version-history":[{"count":1,"href":"http:\/\/blogdalucianaoliveira.com.br\/blog\/wp-json\/wp\/v2\/posts\/30999\/revisions"}],"predecessor-version":[{"id":31001,"href":"http:\/\/blogdalucianaoliveira.com.br\/blog\/wp-json\/wp\/v2\/posts\/30999\/revisions\/31001"}],"wp:attachment":[{"href":"http:\/\/blogdalucianaoliveira.com.br\/blog\/wp-json\/wp\/v2\/media?parent=30999"}],"wp:term":[{"taxonomy":"category","embeddable":true,"href":"http:\/\/blogdalucianaoliveira.com.br\/blog\/wp-json\/wp\/v2\/categories?post=30999"},{"taxonomy":"post_tag","embeddable":true,"href":"http:\/\/blogdalucianaoliveira.com.br\/blog\/wp-json\/wp\/v2\/tags?post=30999"}],"curies":[{"name":"wp","href":"https:\/\/api.w.org\/{rel}","templated":true}]}}