{"id":31006,"date":"2021-02-25T11:47:46","date_gmt":"2021-02-25T15:47:46","guid":{"rendered":"http:\/\/blogdalucianaoliveira.com.br\/blog\/?p=31006"},"modified":"2021-02-25T15:20:26","modified_gmt":"2021-02-25T19:20:26","slug":"contrassenso","status":"publish","type":"post","link":"http:\/\/blogdalucianaoliveira.com.br\/blog\/2021\/02\/25\/contrassenso\/","title":{"rendered":"Contrassenso"},"content":{"rendered":"\n<figure class=\"wp-block-image size-large\"><img loading=\"lazy\" decoding=\"async\" width=\"2401\" height=\"1204\" data-attachment-id=\"31007\" data-permalink=\"http:\/\/blogdalucianaoliveira.com.br\/blog\/2021\/02\/25\/contrassenso\/081ec8ba-4a5a-4d85-ac8c-479ae53f2714\/\" data-orig-file=\"https:\/\/i0.wp.com\/blogdalucianaoliveira.com.br\/blog\/wp-content\/uploads\/2021\/02\/081EC8BA-4A5A-4D85-AC8C-479AE53F2714.jpeg?fit=2401%2C1204\" data-orig-size=\"2401,1204\" data-comments-opened=\"0\" data-image-meta=\"{&quot;aperture&quot;:&quot;0&quot;,&quot;credit&quot;:&quot;&quot;,&quot;camera&quot;:&quot;&quot;,&quot;caption&quot;:&quot;&quot;,&quot;created_timestamp&quot;:&quot;0&quot;,&quot;copyright&quot;:&quot;&quot;,&quot;focal_length&quot;:&quot;0&quot;,&quot;iso&quot;:&quot;0&quot;,&quot;shutter_speed&quot;:&quot;0&quot;,&quot;title&quot;:&quot;&quot;,&quot;orientation&quot;:&quot;1&quot;}\" data-image-title=\"081EC8BA-4A5A-4D85-AC8C-479AE53F2714\" data-image-description=\"\" data-image-caption=\"\" data-medium-file=\"https:\/\/i0.wp.com\/blogdalucianaoliveira.com.br\/blog\/wp-content\/uploads\/2021\/02\/081EC8BA-4A5A-4D85-AC8C-479AE53F2714.jpeg?fit=300%2C150\" data-large-file=\"https:\/\/i0.wp.com\/blogdalucianaoliveira.com.br\/blog\/wp-content\/uploads\/2021\/02\/081EC8BA-4A5A-4D85-AC8C-479AE53F2714.jpeg?fit=600%2C301\" src=\"https:\/\/i0.wp.com\/blogdalucianaoliveira.com.br\/blog\/wp-content\/uploads\/2021\/02\/081EC8BA-4A5A-4D85-AC8C-479AE53F2714.jpeg?fit=600%2C301\" alt=\"\" class=\"wp-image-31007\" srcset=\"https:\/\/i0.wp.com\/blogdalucianaoliveira.com.br\/blog\/wp-content\/uploads\/2021\/02\/081EC8BA-4A5A-4D85-AC8C-479AE53F2714.jpeg?w=2401 2401w, https:\/\/i0.wp.com\/blogdalucianaoliveira.com.br\/blog\/wp-content\/uploads\/2021\/02\/081EC8BA-4A5A-4D85-AC8C-479AE53F2714.jpeg?resize=300%2C150 300w, https:\/\/i0.wp.com\/blogdalucianaoliveira.com.br\/blog\/wp-content\/uploads\/2021\/02\/081EC8BA-4A5A-4D85-AC8C-479AE53F2714.jpeg?resize=1024%2C513 1024w, https:\/\/i0.wp.com\/blogdalucianaoliveira.com.br\/blog\/wp-content\/uploads\/2021\/02\/081EC8BA-4A5A-4D85-AC8C-479AE53F2714.jpeg?resize=768%2C385 768w, https:\/\/i0.wp.com\/blogdalucianaoliveira.com.br\/blog\/wp-content\/uploads\/2021\/02\/081EC8BA-4A5A-4D85-AC8C-479AE53F2714.jpeg?resize=1536%2C770 1536w, https:\/\/i0.wp.com\/blogdalucianaoliveira.com.br\/blog\/wp-content\/uploads\/2021\/02\/081EC8BA-4A5A-4D85-AC8C-479AE53F2714.jpeg?resize=2048%2C1027 2048w, https:\/\/i0.wp.com\/blogdalucianaoliveira.com.br\/blog\/wp-content\/uploads\/2021\/02\/081EC8BA-4A5A-4D85-AC8C-479AE53F2714.jpeg?resize=598%2C300 598w, https:\/\/i0.wp.com\/blogdalucianaoliveira.com.br\/blog\/wp-content\/uploads\/2021\/02\/081EC8BA-4A5A-4D85-AC8C-479AE53F2714.jpeg?w=1200 1200w, https:\/\/i0.wp.com\/blogdalucianaoliveira.com.br\/blog\/wp-content\/uploads\/2021\/02\/081EC8BA-4A5A-4D85-AC8C-479AE53F2714.jpeg?w=1800 1800w\" sizes=\"auto, (max-width: 600px) 100vw, 600px\" \/><\/figure>\n\n\n\n<p>Um novo v\u00eddeo do secret\u00e1rio estadual de sa\u00fade, Fernando M\u00e1ximo, apavora a popula\u00e7\u00e3o. <\/p>\n\n\n\n<p>E \u00e9 pra apavorar mesmo! <\/p>\n\n\n\n<!--more-->\n\n\n\n<p>Ele diz que todos os leitos de UTI para tratamento da Covid est\u00e3o ocupados e que h\u00e1 fila de espera. <\/p>\n\n\n\n<p>Ele d\u00e1 um baita pux\u00e3o de orelha em quem est\u00e1 quebrando o isolamento social, medida essencial para conter avan\u00e7o de casos e mortes. <\/p>\n\n\n\n<p>A quest\u00e3o \u00e9 que a postura do secret\u00e1rio vai na contram\u00e3o da decis\u00e3o do governo de retomar as aulas presenciais. <\/p>\n\n\n\n<p>E pasme, com aval do TJ, MP, MPC, TCE e Defensoria no tal Gabinete fe Articula\u00e7\u00e3o para Enfrentamento da Pandemia na Educa\u00e7\u00e3o de Rond\u00f4nia (Gaepe\/RO).<\/p>\n\n\n\n<p>\u00c9 um contrassenso o que um fala e outro faz na gest\u00e3o da pandemia. <\/p>\n\n\n\n<p>Nos tratam como idiotas!<\/p>\n\n\n\n<p>A culpa do espalhamento do v\u00edrus \u00e9 do povo que aglomera. <\/p>\n\n\n\n<p>Ora\u2026<\/p>\n\n\n\n<p>Este governo entupiu o povo com kits de \u2018tratamento precoce\u2019 fake, gerando falsa sensa\u00e7\u00e3o de seguran\u00e7a.<\/p>\n\n\n\n<p>Este governo relaxou v\u00e1rios decretos por press\u00e3o dos empres\u00e1rios e em sintonia com a irresponsabilidade do desgra\u00e7ado do presidente Bolsonaro. <\/p>\n\n\n\n<p>Este governo n\u00e3o garantiu o m\u00ednimo do necess\u00e1rio para testagem em massa e vacinas e autorizou a volta \u00e0s escolas com a pandemia em alta. <\/p>\n\n\n\n<p>O novo alerta do secret\u00e1rio \u00e9 muito s\u00e9rio.<\/p>\n\n\n\n<p>Mas, o pr\u00f3prio governador n\u00e3o leva a s\u00e9rio.<\/p>\n","protected":false},"excerpt":{"rendered":"<p>Um novo v\u00eddeo do secret\u00e1rio estadual de sa\u00fade, Fernando M\u00e1ximo, apavora a popula\u00e7\u00e3o. E \u00e9 pra apavorar mesmo!<\/p>\n","protected":false},"author":1,"featured_media":0,"comment_status":"closed","ping_status":"open","sticky":false,"template":"","format":"standard","meta":{"_exactmetrics_skip_tracking":false,"_exactmetrics_sitenote_active":false,"_exactmetrics_sitenote_note":"","_exactmetrics_sitenote_category":0,"jetpack_post_was_ever_published":false,"_jetpack_newsletter_access":"","_jetpack_dont_email_post_to_subs":false,"_jetpack_newsletter_tier_id":0,"_jetpack_memberships_contains_paywalled_content":false,"_jetpack_memberships_contains_paid_content":false,"footnotes":"","jetpack_publicize_message":"","jetpack_publicize_feature_enabled":true,"jetpack_social_post_already_shared":true,"jetpack_social_options":{"image_generator_settings":{"template":"highway","enabled":false},"version":2}},"categories":[1],"tags":[],"class_list":["post-31006","post","type-post","status-publish","format-standard","hentry","category-notas"],"jetpack_publicize_connections":[],"jetpack_sharing_enabled":true,"jetpack_featured_media_url":"","jetpack_shortlink":"https:\/\/wp.me\/p7wKYW-846","jetpack-related-posts":[],"_links":{"self":[{"href":"http:\/\/blogdalucianaoliveira.com.br\/blog\/wp-json\/wp\/v2\/posts\/31006","targetHints":{"allow":["GET"]}}],"collection":[{"href":"http:\/\/blogdalucianaoliveira.com.br\/blog\/wp-json\/wp\/v2\/posts"}],"about":[{"href":"http:\/\/blogdalucianaoliveira.com.br\/blog\/wp-json\/wp\/v2\/types\/post"}],"author":[{"embeddable":true,"href":"http:\/\/blogdalucianaoliveira.com.br\/blog\/wp-json\/wp\/v2\/users\/1"}],"replies":[{"embeddable":true,"href":"http:\/\/blogdalucianaoliveira.com.br\/blog\/wp-json\/wp\/v2\/comments?post=31006"}],"version-history":[{"count":2,"href":"http:\/\/blogdalucianaoliveira.com.br\/blog\/wp-json\/wp\/v2\/posts\/31006\/revisions"}],"predecessor-version":[{"id":31016,"href":"http:\/\/blogdalucianaoliveira.com.br\/blog\/wp-json\/wp\/v2\/posts\/31006\/revisions\/31016"}],"wp:attachment":[{"href":"http:\/\/blogdalucianaoliveira.com.br\/blog\/wp-json\/wp\/v2\/media?parent=31006"}],"wp:term":[{"taxonomy":"category","embeddable":true,"href":"http:\/\/blogdalucianaoliveira.com.br\/blog\/wp-json\/wp\/v2\/categories?post=31006"},{"taxonomy":"post_tag","embeddable":true,"href":"http:\/\/blogdalucianaoliveira.com.br\/blog\/wp-json\/wp\/v2\/tags?post=31006"}],"curies":[{"name":"wp","href":"https:\/\/api.w.org\/{rel}","templated":true}]}}