{"id":31013,"date":"2021-02-25T13:40:24","date_gmt":"2021-02-25T17:40:24","guid":{"rendered":"http:\/\/blogdalucianaoliveira.com.br\/blog\/?p=31013"},"modified":"2021-02-25T13:40:30","modified_gmt":"2021-02-25T17:40:30","slug":"250-mil-mortos-por-covid-grafico-mostra-a-dimensao-da-perda-de-vidas-na-pandemia-no-brasil","status":"publish","type":"post","link":"http:\/\/blogdalucianaoliveira.com.br\/blog\/2021\/02\/25\/250-mil-mortos-por-covid-grafico-mostra-a-dimensao-da-perda-de-vidas-na-pandemia-no-brasil\/","title":{"rendered":"250 mil mortos por covid: gr\u00e1fico mostra a dimens\u00e3o da perda de vidas na pandemia no Brasil"},"content":{"rendered":"\n<figure class=\"wp-block-image size-large\"><img data-recalc-dims=\"1\" loading=\"lazy\" decoding=\"async\" width=\"600\" height=\"338\" data-attachment-id=\"31014\" data-permalink=\"http:\/\/blogdalucianaoliveira.com.br\/blog\/2021\/02\/25\/250-mil-mortos-por-covid-grafico-mostra-a-dimensao-da-perda-de-vidas-na-pandemia-no-brasil\/db6c0c1d-29c9-4195-bb69-0f484ece8908\/\" data-orig-file=\"https:\/\/i0.wp.com\/blogdalucianaoliveira.com.br\/blog\/wp-content\/uploads\/2021\/02\/DB6C0C1D-29C9-4195-BB69-0F484ECE8908.jpeg?fit=800%2C450\" data-orig-size=\"800,450\" data-comments-opened=\"0\" data-image-meta=\"{&quot;aperture&quot;:&quot;0&quot;,&quot;credit&quot;:&quot;&quot;,&quot;camera&quot;:&quot;&quot;,&quot;caption&quot;:&quot;&quot;,&quot;created_timestamp&quot;:&quot;0&quot;,&quot;copyright&quot;:&quot;&quot;,&quot;focal_length&quot;:&quot;0&quot;,&quot;iso&quot;:&quot;0&quot;,&quot;shutter_speed&quot;:&quot;0&quot;,&quot;title&quot;:&quot;&quot;,&quot;orientation&quot;:&quot;0&quot;}\" data-image-title=\"DB6C0C1D-29C9-4195-BB69-0F484ECE8908\" data-image-description=\"\" data-image-caption=\"\" data-medium-file=\"https:\/\/i0.wp.com\/blogdalucianaoliveira.com.br\/blog\/wp-content\/uploads\/2021\/02\/DB6C0C1D-29C9-4195-BB69-0F484ECE8908.jpeg?fit=300%2C169\" data-large-file=\"https:\/\/i0.wp.com\/blogdalucianaoliveira.com.br\/blog\/wp-content\/uploads\/2021\/02\/DB6C0C1D-29C9-4195-BB69-0F484ECE8908.jpeg?fit=600%2C338\" src=\"https:\/\/i0.wp.com\/blogdalucianaoliveira.com.br\/blog\/wp-content\/uploads\/2021\/02\/DB6C0C1D-29C9-4195-BB69-0F484ECE8908.jpeg?resize=600%2C338\" alt=\"\" class=\"wp-image-31014\" srcset=\"https:\/\/i0.wp.com\/blogdalucianaoliveira.com.br\/blog\/wp-content\/uploads\/2021\/02\/DB6C0C1D-29C9-4195-BB69-0F484ECE8908.jpeg?w=800 800w, https:\/\/i0.wp.com\/blogdalucianaoliveira.com.br\/blog\/wp-content\/uploads\/2021\/02\/DB6C0C1D-29C9-4195-BB69-0F484ECE8908.jpeg?resize=300%2C169 300w, https:\/\/i0.wp.com\/blogdalucianaoliveira.com.br\/blog\/wp-content\/uploads\/2021\/02\/DB6C0C1D-29C9-4195-BB69-0F484ECE8908.jpeg?resize=768%2C432 768w, https:\/\/i0.wp.com\/blogdalucianaoliveira.com.br\/blog\/wp-content\/uploads\/2021\/02\/DB6C0C1D-29C9-4195-BB69-0F484ECE8908.jpeg?resize=533%2C300 533w\" sizes=\"auto, (max-width: 600px) 100vw, 600px\" \/><\/figure>\n\n\n\n<p>BBC : <strong>O que representa 250 mil mortes?<\/strong><\/p>\n\n\n\n<!--more-->\n\n\n\n<p>A marca de v\u00edtimas que morreram por covid-19 atingida pelo Brasil na quarta-feira (25\/02) \u00e9 a segunda maior do mundo nesta pandemia \u2014 atr\u00e1s apenas dos Estados Unidos, que nesta semana ultrapassaram o dobro desse n\u00famero.<\/p>\n\n\n\n<p>Mas vislumbrar em termos concretos essa quantidade de pessoa \u00e9 algo dif\u00edcil.<\/p>\n\n\n\n<p>A BBC News Brasil elaborou abaixo um gr\u00e1fico que mostra em termos visuais a dimens\u00e3o de 250 mil pessoas.<\/p>\n\n\n\n<figure class=\"wp-block-image\"><img data-recalc-dims=\"1\" decoding=\"async\" src=\"https:\/\/i0.wp.com\/ichef.bbci.co.uk\/news\/640\/cpsprodpb\/777C\/production\/_117288503_250000_covid_bra_640-nc.png?w=600&#038;ssl=1\" alt=\"Grafico\"\/><\/figure>\n\n\n\n<p>No cotidiano, \u00e9 raro encontrar eventos que re\u00fanam 250 mil pessoas.<\/p>\n\n\n\n<p>\u00c9 como se a pandemia tivesse matado todas as pessoas que assistiram ou desfilaram em duas noites de carnaval no samb\u00f3dromo da Sapuca\u00ed, no Rio de Janeiro. Cada noite atrai cerca de 120 mil pessoas, entre p\u00fablico e aqueles que participam do desfile.<\/p>\n\n\n\n<p>Ou como se todo o p\u00fablico de uma rodada inteira do Campeonato Brasileiro de futebol\u2014 com dez partidas \u2014 tivesse morrido de covid-19. A m\u00e9dia de p\u00fablico do Brasileir\u00e3o foi de 21.237 torcedores por partida em 2019, \u00faltimo torneio antes da pandemia.&nbsp;<\/p>\n\n\n\n<h2 class=\"wp-block-heading\" id=\"80-vezes-o-11-de-Setembro\">80 vezes o 11 de Setembro<\/h2>\n\n\n\n<p>Outros grandes eventos da hist\u00f3ria d\u00e3o a dimens\u00e3o da trag\u00e9dia vivida agora:<\/p>\n\n\n\n<p>&#8211; O maior p\u00fablico da hist\u00f3ria do futebol brasileiro \u2014 a final da Copa de 1950 entre Brasil e Uruguai, no Maracan\u00e3 \u2014 reuniu 199 mil pessoas.<\/p>\n\n\n\n<p>&#8211; Um dos maiores shows de rock realizados no Brasil \u2014 a primeira apresenta\u00e7\u00e3o da banda Queen no festival Rock in Rio de 1985 \u2014 reuniu 300 mil pessoas.<\/p>\n\n\n\n<p>&#8211; Durante as manifesta\u00e7\u00f5es populares de 2013, 300 mil pessoas protestaram na noite de 20 de junho, segundo estimativas oficiais.<\/p>\n\n\n\n<p>J\u00e1 morreram no Brasil mais pessoas do que no tsunami asi\u00e1tico de 2004, um dos eventos recentes mais mortais no mundo, em que morreram 230 mil pessoas.<\/p>\n\n\n\n<p>A covid-19 matou no Brasil 80 vezes mais do que os atentados de 11 de setembro de 2001, em Nova York.<\/p>\n\n\n\n<p>Outra forma de ter a dimens\u00e3o do que representam 250 mil mortes \u00e9 olhar para popula\u00e7\u00f5es em diferentes lugares do Brasil.<\/p>\n\n\n\n<p>Dos 5.565 munic\u00edpios brasileiros, apenas cem possuem popula\u00e7\u00e3o de 250 mil pessoas ou mais. Ou seja, a pandemia matou mais gente do que a popula\u00e7\u00e3o de 5.465 munic\u00edpios em separado.<\/p>\n\n\n\n<p>\u00c9 como se a covid houvesse aniquilado a popula\u00e7\u00e3o inteira de uma cidade como Foz do Igua\u00e7u (PR). Ou como se a doen\u00e7a tivesse matado toda a popula\u00e7\u00e3o dos bairros Copacabana, Ipanema e Leme, na zona sul do Rio de Janeiro. Em uma cidade como S\u00e3o Paulo, 250 mil pessoas equivalem \u00e0s popula\u00e7\u00f5es somadas dos bairros S\u00e9, Liberdade, Rep\u00fablica, Bom Retiro e Consola\u00e7\u00e3o, na regi\u00e3o central.<\/p>\n\n\n\n<p>Outras compara\u00e7\u00f5es poss\u00edveis do n\u00famero s\u00e3o:<\/p>\n\n\n\n<p>&#8211; \u00c9 como se a pandemia tivesse matado tr\u00eas Maracan\u00e3s lotados.<\/p>\n\n\n\n<p>&#8211; A pandemia matou at\u00e9 agora a mesma quantidade total de brasileiros que morreram de qualquer causa nos dois primeiros meses de 2019.<\/p>\n\n\n\n<p>&#8211; O n\u00famero de mortos pela covid na pandemia \u00e9 quase seis vezes maior do que o de mortos por homic\u00eddio no Brasil em todo 2020<\/p>\n\n\n\n<p>&#8211; \u00c9 como se tivessem morrido 680 pessoas por dia desde que o primeiro caso de covid-19 foi registrado no Brasil. Isso equivale a 28 mortes por hora.<\/p>\n\n\n\n<h2 class=\"wp-block-heading\" id=\"Primeiro-caso\">Primeiro caso<\/h2>\n\n\n\n<p>O Brasil acumula um quarto de milh\u00e3o de mortes por covid-19, \u00e0s v\u00e9speras de se completar um ano desde o primeiro caso de coronav\u00edrus ter sido identificado no pa\u00eds.<\/p>\n\n\n\n<figure class=\"wp-block-image\"><img data-recalc-dims=\"1\" decoding=\"async\" src=\"https:\/\/i0.wp.com\/ichef.bbci.co.uk\/news\/640\/cpsprodpb\/C59C\/production\/_117288505_brazil_deaths_area_chart_jh_portuguese_only24feb-nc.png?w=600&#038;ssl=1\" alt=\"Grafico\"\/><figcaption>Legenda da foto,&nbsp;<\/figcaption><\/figure>\n\n\n\n<p>Na compara\u00e7\u00e3o com o tamanho da popula\u00e7\u00e3o, o Brasil fica entre os 30 pa\u00edses com mais mortes por covid-19 para cada 100 mil pessoas de sua popula\u00e7\u00e3o. Em alguns pa\u00edses como Reino Unido, Portugal, It\u00e1lia e Estados Unidos, houve mais mortes do que no Brasil, na propor\u00e7\u00e3o da popula\u00e7\u00e3o.<\/p>\n\n\n\n<p>Tamb\u00e9m na compara\u00e7\u00e3o proporcional, houve mais mortos no Brasil do que na Argentina, Alemanha e R\u00fassia.<\/p>\n","protected":false},"excerpt":{"rendered":"<p>BBC : O que representa 250 mil mortes?<\/p>\n","protected":false},"author":1,"featured_media":0,"comment_status":"closed","ping_status":"open","sticky":false,"template":"","format":"standard","meta":{"_exactmetrics_skip_tracking":false,"_exactmetrics_sitenote_active":false,"_exactmetrics_sitenote_note":"","_exactmetrics_sitenote_category":0,"jetpack_post_was_ever_published":false,"_jetpack_newsletter_access":"","_jetpack_dont_email_post_to_subs":false,"_jetpack_newsletter_tier_id":0,"_jetpack_memberships_contains_paywalled_content":false,"_jetpack_memberships_contains_paid_content":false,"footnotes":"","jetpack_publicize_message":"","jetpack_publicize_feature_enabled":true,"jetpack_social_post_already_shared":true,"jetpack_social_options":{"image_generator_settings":{"template":"highway","enabled":false},"version":2}},"categories":[1],"tags":[],"class_list":["post-31013","post","type-post","status-publish","format-standard","hentry","category-notas"],"jetpack_publicize_connections":[],"jetpack_sharing_enabled":true,"jetpack_featured_media_url":"","jetpack_shortlink":"https:\/\/wp.me\/p7wKYW-84d","jetpack-related-posts":[],"_links":{"self":[{"href":"http:\/\/blogdalucianaoliveira.com.br\/blog\/wp-json\/wp\/v2\/posts\/31013","targetHints":{"allow":["GET"]}}],"collection":[{"href":"http:\/\/blogdalucianaoliveira.com.br\/blog\/wp-json\/wp\/v2\/posts"}],"about":[{"href":"http:\/\/blogdalucianaoliveira.com.br\/blog\/wp-json\/wp\/v2\/types\/post"}],"author":[{"embeddable":true,"href":"http:\/\/blogdalucianaoliveira.com.br\/blog\/wp-json\/wp\/v2\/users\/1"}],"replies":[{"embeddable":true,"href":"http:\/\/blogdalucianaoliveira.com.br\/blog\/wp-json\/wp\/v2\/comments?post=31013"}],"version-history":[{"count":1,"href":"http:\/\/blogdalucianaoliveira.com.br\/blog\/wp-json\/wp\/v2\/posts\/31013\/revisions"}],"predecessor-version":[{"id":31015,"href":"http:\/\/blogdalucianaoliveira.com.br\/blog\/wp-json\/wp\/v2\/posts\/31013\/revisions\/31015"}],"wp:attachment":[{"href":"http:\/\/blogdalucianaoliveira.com.br\/blog\/wp-json\/wp\/v2\/media?parent=31013"}],"wp:term":[{"taxonomy":"category","embeddable":true,"href":"http:\/\/blogdalucianaoliveira.com.br\/blog\/wp-json\/wp\/v2\/categories?post=31013"},{"taxonomy":"post_tag","embeddable":true,"href":"http:\/\/blogdalucianaoliveira.com.br\/blog\/wp-json\/wp\/v2\/tags?post=31013"}],"curies":[{"name":"wp","href":"https:\/\/api.w.org\/{rel}","templated":true}]}}