{"id":31021,"date":"2021-02-27T09:26:31","date_gmt":"2021-02-27T13:26:31","guid":{"rendered":"http:\/\/blogdalucianaoliveira.com.br\/blog\/?p=31021"},"modified":"2021-02-27T10:31:08","modified_gmt":"2021-02-27T14:31:08","slug":"documnmentario-amazonia-a-venda-o-mercado-ilegal-de-areas-protegidas-no-facebook","status":"publish","type":"post","link":"http:\/\/blogdalucianaoliveira.com.br\/blog\/2021\/02\/27\/documnmentario-amazonia-a-venda-o-mercado-ilegal-de-areas-protegidas-no-facebook\/","title":{"rendered":"Document\u00e1rio:  Amaz\u00f4nia \u00e0 venda: o mercado ilegal de \u00e1reas protegidas no Facebook"},"content":{"rendered":"\n<figure class=\"wp-block-embed-youtube wp-block-embed is-type-video is-provider-youtube wp-embed-aspect-16-9 wp-has-aspect-ratio\"><div class=\"wp-block-embed__wrapper\">\n<div class=\"jetpack-video-wrapper\"><iframe loading=\"lazy\" title=\"Document\u00e1rio: BBC revela venda ilegal de terras na Amaz\u00f4nia pelo Facebook\" width=\"600\" height=\"338\" src=\"https:\/\/www.youtube.com\/embed\/QpTMqTo_ycc?feature=oembed\" frameborder=\"0\" allow=\"accelerometer; autoplay; clipboard-write; encrypted-media; gyroscope; picture-in-picture; web-share\" referrerpolicy=\"strict-origin-when-cross-origin\" allowfullscreen><\/iframe><\/div>\n<\/div><\/figure>\n\n\n\n<p><strong>BBC<\/strong> &#8211; Uma investiga\u00e7\u00e3o da BBC encontrou na plataforma dezenas de an\u00fancios em que vendedores negociam peda\u00e7os da floresta ou \u00e1reas rec\u00e9m-desmatadas, que eles n\u00e3o possuem, por valores que chegam \u00e0 casa dos milh\u00f5es de reais.<\/p>\n\n\n\n<!--more-->\n\n\n\n<p>H\u00e1 \u00e1reas \u00e0 venda at\u00e9 mesmo dentro de unidades de conserva\u00e7\u00e3o e de terras ind\u00edgenas. Segundo a lei, \u00e9 proibido vender \u00e1reas que sejam parte de terras ind\u00edgenas ou unidades de conserva\u00e7\u00e3o. S\u00e3o \u00e1reas de dom\u00ednio p\u00fablico que se destinam exclusivamente a popula\u00e7\u00f5es tradicionais.<\/p>\n\n\n\n<p>A investiga\u00e7\u00e3o deu origem ao document\u00e1rio&nbsp;<em>Amaz\u00f4nia \u00e0 venda: o mercado ilegal de \u00e1reas protegidas no Facebook<\/em>, dispon\u00edvel a partir de meio-dia (hora de Bras\u00edlia) desta sexta-feira (26\/02) no canal da BBC News Brasil no YouTube e transmitido mundialmente pela BBC.<\/p>\n\n\n\n<p>O document\u00e1rio mostra que o mercado ilegal de terras na Amaz\u00f4nia est\u00e1 aquecido com a perspectiva de que o Congresso anistie invas\u00f5es recentes e permita que invasores obtenham os t\u00edtulos das \u00e1reas.<\/p>\n\n\n\n<p><\/p>\n","protected":false},"excerpt":{"rendered":"<p>BBC &#8211; Uma investiga\u00e7\u00e3o da BBC encontrou na plataforma dezenas de an\u00fancios em que vendedores negociam peda\u00e7os da floresta ou \u00e1reas rec\u00e9m-desmatadas, que eles n\u00e3o possuem, por valores que chegam \u00e0 casa dos milh\u00f5es de reais.<\/p>\n","protected":false},"author":1,"featured_media":0,"comment_status":"closed","ping_status":"open","sticky":false,"template":"","format":"standard","meta":{"_exactmetrics_skip_tracking":false,"_exactmetrics_sitenote_active":false,"_exactmetrics_sitenote_note":"","_exactmetrics_sitenote_category":0,"jetpack_post_was_ever_published":false,"_jetpack_newsletter_access":"","_jetpack_dont_email_post_to_subs":false,"_jetpack_newsletter_tier_id":0,"_jetpack_memberships_contains_paywalled_content":false,"_jetpack_memberships_contains_paid_content":false,"footnotes":"","jetpack_publicize_message":"","jetpack_publicize_feature_enabled":true,"jetpack_social_post_already_shared":true,"jetpack_social_options":{"image_generator_settings":{"template":"highway","enabled":false},"version":2}},"categories":[1],"tags":[],"class_list":["post-31021","post","type-post","status-publish","format-standard","hentry","category-notas"],"jetpack_publicize_connections":[],"jetpack_sharing_enabled":true,"jetpack_featured_media_url":"","jetpack_shortlink":"https:\/\/wp.me\/p7wKYW-84l","jetpack-related-posts":[],"_links":{"self":[{"href":"http:\/\/blogdalucianaoliveira.com.br\/blog\/wp-json\/wp\/v2\/posts\/31021","targetHints":{"allow":["GET"]}}],"collection":[{"href":"http:\/\/blogdalucianaoliveira.com.br\/blog\/wp-json\/wp\/v2\/posts"}],"about":[{"href":"http:\/\/blogdalucianaoliveira.com.br\/blog\/wp-json\/wp\/v2\/types\/post"}],"author":[{"embeddable":true,"href":"http:\/\/blogdalucianaoliveira.com.br\/blog\/wp-json\/wp\/v2\/users\/1"}],"replies":[{"embeddable":true,"href":"http:\/\/blogdalucianaoliveira.com.br\/blog\/wp-json\/wp\/v2\/comments?post=31021"}],"version-history":[{"count":2,"href":"http:\/\/blogdalucianaoliveira.com.br\/blog\/wp-json\/wp\/v2\/posts\/31021\/revisions"}],"predecessor-version":[{"id":31023,"href":"http:\/\/blogdalucianaoliveira.com.br\/blog\/wp-json\/wp\/v2\/posts\/31021\/revisions\/31023"}],"wp:attachment":[{"href":"http:\/\/blogdalucianaoliveira.com.br\/blog\/wp-json\/wp\/v2\/media?parent=31021"}],"wp:term":[{"taxonomy":"category","embeddable":true,"href":"http:\/\/blogdalucianaoliveira.com.br\/blog\/wp-json\/wp\/v2\/categories?post=31021"},{"taxonomy":"post_tag","embeddable":true,"href":"http:\/\/blogdalucianaoliveira.com.br\/blog\/wp-json\/wp\/v2\/tags?post=31021"}],"curies":[{"name":"wp","href":"https:\/\/api.w.org\/{rel}","templated":true}]}}