{"id":31024,"date":"2021-02-27T22:34:19","date_gmt":"2021-02-28T02:34:19","guid":{"rendered":"http:\/\/blogdalucianaoliveira.com.br\/blog\/?p=31024"},"modified":"2021-02-27T22:34:24","modified_gmt":"2021-02-28T02:34:24","slug":"supercontagios-sao-determinantes-para-a-propagacao-do-coronavirus","status":"publish","type":"post","link":"http:\/\/blogdalucianaoliveira.com.br\/blog\/2021\/02\/27\/supercontagios-sao-determinantes-para-a-propagacao-do-coronavirus\/","title":{"rendered":"Supercont\u00e1gios s\u00e3o determinantes para a propaga\u00e7\u00e3o do coronav\u00edrus"},"content":{"rendered":"\n<figure class=\"wp-block-image size-large\"><img data-recalc-dims=\"1\" loading=\"lazy\" decoding=\"async\" width=\"600\" height=\"400\" data-attachment-id=\"31025\" data-permalink=\"http:\/\/blogdalucianaoliveira.com.br\/blog\/2021\/02\/27\/supercontagios-sao-determinantes-para-a-propagacao-do-coronavirus\/f865544c-b30f-4304-b412-6c9af0b879ef\/\" data-orig-file=\"https:\/\/i0.wp.com\/blogdalucianaoliveira.com.br\/blog\/wp-content\/uploads\/2021\/02\/F865544C-B30F-4304-B412-6C9AF0B879EF.jpeg?fit=640%2C427\" data-orig-size=\"640,427\" data-comments-opened=\"0\" data-image-meta=\"{&quot;aperture&quot;:&quot;0&quot;,&quot;credit&quot;:&quot;&quot;,&quot;camera&quot;:&quot;&quot;,&quot;caption&quot;:&quot;&quot;,&quot;created_timestamp&quot;:&quot;0&quot;,&quot;copyright&quot;:&quot;&quot;,&quot;focal_length&quot;:&quot;0&quot;,&quot;iso&quot;:&quot;0&quot;,&quot;shutter_speed&quot;:&quot;0&quot;,&quot;title&quot;:&quot;&quot;,&quot;orientation&quot;:&quot;0&quot;}\" data-image-title=\"F865544C-B30F-4304-B412-6C9AF0B879EF\" data-image-description=\"\" data-image-caption=\"\" data-medium-file=\"https:\/\/i0.wp.com\/blogdalucianaoliveira.com.br\/blog\/wp-content\/uploads\/2021\/02\/F865544C-B30F-4304-B412-6C9AF0B879EF.jpeg?fit=300%2C200\" data-large-file=\"https:\/\/i0.wp.com\/blogdalucianaoliveira.com.br\/blog\/wp-content\/uploads\/2021\/02\/F865544C-B30F-4304-B412-6C9AF0B879EF.jpeg?fit=600%2C400\" src=\"https:\/\/i0.wp.com\/blogdalucianaoliveira.com.br\/blog\/wp-content\/uploads\/2021\/02\/F865544C-B30F-4304-B412-6C9AF0B879EF.jpeg?resize=600%2C400\" alt=\"\" class=\"wp-image-31025\" srcset=\"https:\/\/i0.wp.com\/blogdalucianaoliveira.com.br\/blog\/wp-content\/uploads\/2021\/02\/F865544C-B30F-4304-B412-6C9AF0B879EF.jpeg?w=640 640w, https:\/\/i0.wp.com\/blogdalucianaoliveira.com.br\/blog\/wp-content\/uploads\/2021\/02\/F865544C-B30F-4304-B412-6C9AF0B879EF.jpeg?resize=300%2C200 300w, https:\/\/i0.wp.com\/blogdalucianaoliveira.com.br\/blog\/wp-content\/uploads\/2021\/02\/F865544C-B30F-4304-B412-6C9AF0B879EF.jpeg?resize=450%2C300 450w\" sizes=\"auto, (max-width: 600px) 100vw, 600px\" \/><\/figure>\n\n\n\n<p>Cerca de 10% dos infectados causam 80% dos casos de covid-19. \u00c9 preciso adaptar as medidas.<\/p>\n\n\n\n<!--more-->\n\n\n\n<p>El Pa\u00eds, por <a href=\"https:\/\/brasil.elpais.com\/autor\/javier-sampedro\/\">JAVIER SAMPEDRO<\/a><br><\/p>\n\n\n\n<p>No conflito entre a Bolsa e a vida em que estamos imersos, uma quest\u00e3o crucial \u00e9 entender a\u00a0<a rel=\"noreferrer noopener\" href=\"https:\/\/brasil.elpais.com\/ciencia\/2020-10-26\/uma-sala-de-estar-um-bar-e-uma-sala-de-aula-assim-o-coronavirus-e-transmitido-pelo-ar.html\" target=\"_blank\">din\u00e2mica da propaga\u00e7\u00e3o do v\u00edrus<\/a>. A\u00a0<a rel=\"noreferrer noopener\" href=\"https:\/\/brasil.elpais.com\/ciencia\/2020-09-29\/como-sei-se-tenho-resfriado-gripe-ou-covid-19.html\" target=\"_blank\">gripe comum<\/a>\u00a0\u00e0 qual estamos acostumados \u2014ou est\u00e1vamos, porque acumula duas temporadas em baixa, como v\u00edtima colateral das restri\u00e7\u00f5es\u2014 \u00e9 bastante democr\u00e1tica em seu modo de transmiss\u00e3o, pois qualquer infectado tem as mesmas chances de passar o v\u00edrus a terceiros. O\u00a0<a rel=\"noreferrer noopener\" href=\"https:\/\/brasil.elpais.com\/brasil\/2020\/05\/26\/eps\/1590517499_245256.html\" target=\"_blank\">SARS-CoV-2<\/a>\u00a0se propaga de uma forma muito diferente. Em cada ciclo de cont\u00e1gio,\u00a0<a rel=\"noreferrer noopener\" href=\"https:\/\/brasil.elpais.com\/sociedade\/2020-10-28\/fator-k-por-que-e-importante-saber-onde-nos-infectamos.html\" target=\"_blank\"><strong>10% dos infectados causam 80% dos casos<\/strong><\/a>. A propaga\u00e7\u00e3o deste\u00a0<a rel=\"noreferrer noopener\" href=\"https:\/\/brasil.elpais.com\/noticias\/coronavirus\/\" target=\"_blank\">coronav\u00edrus<\/a>depende quase por completo dos\u00a0<a rel=\"noreferrer noopener\" href=\"https:\/\/brasil.elpais.com\/ciencia\/2020-05-24\/o-misterio-dos-supercontagiantes-do-coronavirus.html\" target=\"_blank\">eventos de supercont\u00e1gio<\/a>, e \u00e9 a eles que devemos apontar nossos dardos, deixando outros setores funcionarem com certa normalidade. A Bolsa ou a vida, essa foi sempre a quest\u00e3o.<\/p>\n\n\n\n<p>A maneira de lutar contra uma doen\u00e7a democr\u00e1tica como a gripe \u00e9 diferente da que precisa ser aplicada contra a aristocr\u00e1tica\u00a0<a rel=\"noreferrer noopener\" href=\"https:\/\/brasil.elpais.com\/noticias\/covid-19\/\" target=\"_blank\">covid-19<\/a>, onde nem as pessoas nem seus atos s\u00e3o iguais. J\u00e1 faz um ano que o Jap\u00e3o instalou um sistema de rastreamento\u00a0<em>para tr\u00e1s<\/em>\u00a0que teve um sucesso not\u00e1vel. O\u00a0<a rel=\"noreferrer noopener\" href=\"https:\/\/brasil.elpais.com\/internacional\/2020-05-26\/rastreamento-manual-de-infeccoes-em-restaurantes-da-alemanha.html\" target=\"_blank\">rastreamento normal<\/a>, ou\u00a0<em>para frente<\/em>, busca encontrar os contatos de um indiv\u00edduo que deu positivo. O rastreamento para tr\u00e1s procura a pessoa que causou seu cont\u00e1gio, primeiro diretamente, e depois v\u00e1rios ciclos de infec\u00e7\u00e3o antes, at\u00e9 o supercontagiador original. O cientista Akira Endo e seus colegas da Escola de Higiene e Medicina Tropical de Londres mostraram que o rastreamento para tr\u00e1s \u00e9 muito mais eficaz que o padr\u00e3o para controlar a propaga\u00e7\u00e3o deste v\u00edrus. Com o SARS-CoV-2 \u00e9 preciso centrar as a\u00e7\u00f5es em evitar os eventos de supercont\u00e1gio.<\/p>\n\n\n\n<p>Isso \u00e9 em si mesmo uma boa e uma m\u00e1 not\u00edcia, como nas piadas de sal\u00e3o. A m\u00e1 \u00e9 que uma ampla maioria dos casos de supercont\u00e1gio ocorreu em lugares como um&nbsp;<a href=\"https:\/\/brasil.elpais.com\/sociedade\/2020-04-12\/sem-equipamentos-de-protecao-casas-para-idosos-temem-mortes-da-pandemia-usamos-toucas-de-cabelo-na-boca-e-nariz.html\" target=\"_blank\" rel=\"noreferrer noopener\">asilo geri\u00e1trico<\/a>&nbsp;visitado pelo Papai Noel na B\u00e9lgica \u2014onde o pr\u00f3prio bom velhinho transmitiu covid-19 a 40 cuidadores e 100 pacientes, com um balan\u00e7o de 26 mortos\u2014,<a href=\"https:\/\/brasil.elpais.com\/brasil\/2020-12-21\/vai-viajar-ou-encontrar-a-familia-no-final-de-ano-seis-regras-para-blindar-as-festas-e-as-ferias-da-covid-19.html\" target=\"_blank\" rel=\"noreferrer noopener\">reuni\u00f5es de fam\u00edlia<\/a>, funerais e academias de gin\u00e1stica. Portanto, seria preciso restringir essas pr\u00e1ticas, em lugar de afroux\u00e1-las como desejam os governos. A boa not\u00edcia, por outro lado, \u00e9 que os cientistas est\u00e3o come\u00e7ando a entender a que se devem os casos de supercont\u00e1gio.<\/p>\n\n\n\n<p>H\u00e1 uma parte biol\u00f3gica&nbsp;<a href=\"https:\/\/brasil.elpais.com\/internacional\/2020-10-30\/por-que-a-asia-esta-melhor-que-a-europa-na-pandemia-o-segredo-esta-no-civismo.html\" target=\"_blank\" rel=\"noreferrer noopener\">e outra comportamental<\/a>, e se as entendermos poderemos diminu\u00ed-las. Uma medida elementar \u00e9&nbsp;<a href=\"https:\/\/brasil.elpais.com\/ciencia\/2020-08-13\/coronavirus-infecciosos-sao-encontrados-no-ar-a-quase-cinco-metros-de-um-doente.html\" target=\"_blank\" rel=\"noreferrer noopener\">evitar os espa\u00e7os fechados<\/a>, aglomerados e mal ventilados, que \u00e9 onde ocorrem os supercont\u00e1gios. Outra \u00e9 preparar o sistema de sa\u00fade para rastrear os focos&nbsp;<em>para tr\u00e1s<\/em>&nbsp;at\u00e9 encontrar sua origem. Isto, ali\u00e1s, precisaria ser acompanhado na Espanha por um aumento substancial da capacidade de sequenciamento (leitura) do&nbsp;<a href=\"https:\/\/brasil.elpais.com\/brasil\/2020\/05\/13\/ciencia\/1589376940_836113.html\" target=\"_blank\" rel=\"noreferrer noopener\">genoma do v\u00edrus<\/a>, porque \u00e9 a evid\u00eancia decisiva para tra\u00e7ar a cadeia de cont\u00e1gio e tamb\u00e9m a \u00fanica forma de&nbsp;<a href=\"https:\/\/brasil.elpais.com\/brasil\/2021-01-14\/apagao-da-vigilancia-genetica-no-brasil-atrasa-deteccao-de-novas-cepas-que-preocupam-ante-colapso-de-manaus.html\" target=\"_blank\" rel=\"noreferrer noopener\">detectar novas variantes<\/a>&nbsp;do SARS-CoV-2. Nossa confian\u00e7a em que as vacinas nos salvar\u00e3o sozinhas \u00e9 irracional. Ent\u00e3o, tome cuidado com o supercont\u00e1gio.<\/p>\n","protected":false},"excerpt":{"rendered":"<p>Cerca de 10% dos infectados causam 80% dos casos de covid-19. \u00c9 preciso adaptar as medidas.<\/p>\n","protected":false},"author":1,"featured_media":0,"comment_status":"closed","ping_status":"open","sticky":false,"template":"","format":"standard","meta":{"_exactmetrics_skip_tracking":false,"_exactmetrics_sitenote_active":false,"_exactmetrics_sitenote_note":"","_exactmetrics_sitenote_category":0,"jetpack_post_was_ever_published":false,"_jetpack_newsletter_access":"","_jetpack_dont_email_post_to_subs":false,"_jetpack_newsletter_tier_id":0,"_jetpack_memberships_contains_paywalled_content":false,"_jetpack_memberships_contains_paid_content":false,"footnotes":"","jetpack_publicize_message":"","jetpack_publicize_feature_enabled":true,"jetpack_social_post_already_shared":true,"jetpack_social_options":{"image_generator_settings":{"template":"highway","enabled":false},"version":2}},"categories":[1],"tags":[],"class_list":["post-31024","post","type-post","status-publish","format-standard","hentry","category-notas"],"jetpack_publicize_connections":[],"jetpack_sharing_enabled":true,"jetpack_featured_media_url":"","jetpack_shortlink":"https:\/\/wp.me\/p7wKYW-84o","jetpack-related-posts":[],"_links":{"self":[{"href":"http:\/\/blogdalucianaoliveira.com.br\/blog\/wp-json\/wp\/v2\/posts\/31024","targetHints":{"allow":["GET"]}}],"collection":[{"href":"http:\/\/blogdalucianaoliveira.com.br\/blog\/wp-json\/wp\/v2\/posts"}],"about":[{"href":"http:\/\/blogdalucianaoliveira.com.br\/blog\/wp-json\/wp\/v2\/types\/post"}],"author":[{"embeddable":true,"href":"http:\/\/blogdalucianaoliveira.com.br\/blog\/wp-json\/wp\/v2\/users\/1"}],"replies":[{"embeddable":true,"href":"http:\/\/blogdalucianaoliveira.com.br\/blog\/wp-json\/wp\/v2\/comments?post=31024"}],"version-history":[{"count":1,"href":"http:\/\/blogdalucianaoliveira.com.br\/blog\/wp-json\/wp\/v2\/posts\/31024\/revisions"}],"predecessor-version":[{"id":31026,"href":"http:\/\/blogdalucianaoliveira.com.br\/blog\/wp-json\/wp\/v2\/posts\/31024\/revisions\/31026"}],"wp:attachment":[{"href":"http:\/\/blogdalucianaoliveira.com.br\/blog\/wp-json\/wp\/v2\/media?parent=31024"}],"wp:term":[{"taxonomy":"category","embeddable":true,"href":"http:\/\/blogdalucianaoliveira.com.br\/blog\/wp-json\/wp\/v2\/categories?post=31024"},{"taxonomy":"post_tag","embeddable":true,"href":"http:\/\/blogdalucianaoliveira.com.br\/blog\/wp-json\/wp\/v2\/tags?post=31024"}],"curies":[{"name":"wp","href":"https:\/\/api.w.org\/{rel}","templated":true}]}}