{"id":31029,"date":"2021-03-01T07:32:21","date_gmt":"2021-03-01T11:32:21","guid":{"rendered":"http:\/\/blogdalucianaoliveira.com.br\/blog\/?p=31029"},"modified":"2021-03-01T07:32:24","modified_gmt":"2021-03-01T11:32:24","slug":"new-york-times-diz-que-moro-corrompeu-o-sistema-judicial-e-e-responsavel-direto-pelo-caos-que-o-brasil-vive-hoje","status":"publish","type":"post","link":"http:\/\/blogdalucianaoliveira.com.br\/blog\/2021\/03\/01\/new-york-times-diz-que-moro-corrompeu-o-sistema-judicial-e-e-responsavel-direto-pelo-caos-que-o-brasil-vive-hoje\/","title":{"rendered":"New York Times diz que Moro corrompeu o sistema judicial e \u00e9 respons\u00e1vel direto pelo caos que o Brasil vive hoje"},"content":{"rendered":"\n<figure class=\"wp-block-image size-large\"><img loading=\"lazy\" decoding=\"async\" width=\"1250\" height=\"600\" data-attachment-id=\"31030\" data-permalink=\"http:\/\/blogdalucianaoliveira.com.br\/blog\/2021\/03\/01\/new-york-times-diz-que-moro-corrompeu-o-sistema-judicial-e-e-responsavel-direto-pelo-caos-que-o-brasil-vive-hoje\/0bb82b79-1fcf-4167-bb59-bd74c835e12b\/\" data-orig-file=\"https:\/\/i0.wp.com\/blogdalucianaoliveira.com.br\/blog\/wp-content\/uploads\/2021\/03\/0BB82B79-1FCF-4167-BB59-BD74C835E12B.jpeg?fit=1250%2C600\" data-orig-size=\"1250,600\" data-comments-opened=\"0\" data-image-meta=\"{&quot;aperture&quot;:&quot;0&quot;,&quot;credit&quot;:&quot;&quot;,&quot;camera&quot;:&quot;&quot;,&quot;caption&quot;:&quot;&quot;,&quot;created_timestamp&quot;:&quot;0&quot;,&quot;copyright&quot;:&quot;&quot;,&quot;focal_length&quot;:&quot;0&quot;,&quot;iso&quot;:&quot;0&quot;,&quot;shutter_speed&quot;:&quot;0&quot;,&quot;title&quot;:&quot;&quot;,&quot;orientation&quot;:&quot;0&quot;}\" data-image-title=\"0BB82B79-1FCF-4167-BB59-BD74C835E12B\" data-image-description=\"\" data-image-caption=\"\" data-medium-file=\"https:\/\/i0.wp.com\/blogdalucianaoliveira.com.br\/blog\/wp-content\/uploads\/2021\/03\/0BB82B79-1FCF-4167-BB59-BD74C835E12B.jpeg?fit=300%2C144\" data-large-file=\"https:\/\/i0.wp.com\/blogdalucianaoliveira.com.br\/blog\/wp-content\/uploads\/2021\/03\/0BB82B79-1FCF-4167-BB59-BD74C835E12B.jpeg?fit=600%2C288\" src=\"https:\/\/i0.wp.com\/blogdalucianaoliveira.com.br\/blog\/wp-content\/uploads\/2021\/03\/0BB82B79-1FCF-4167-BB59-BD74C835E12B.jpeg?fit=600%2C288\" alt=\"\" class=\"wp-image-31030\" srcset=\"https:\/\/i0.wp.com\/blogdalucianaoliveira.com.br\/blog\/wp-content\/uploads\/2021\/03\/0BB82B79-1FCF-4167-BB59-BD74C835E12B.jpeg?w=1250 1250w, https:\/\/i0.wp.com\/blogdalucianaoliveira.com.br\/blog\/wp-content\/uploads\/2021\/03\/0BB82B79-1FCF-4167-BB59-BD74C835E12B.jpeg?resize=300%2C144 300w, https:\/\/i0.wp.com\/blogdalucianaoliveira.com.br\/blog\/wp-content\/uploads\/2021\/03\/0BB82B79-1FCF-4167-BB59-BD74C835E12B.jpeg?resize=1024%2C492 1024w, https:\/\/i0.wp.com\/blogdalucianaoliveira.com.br\/blog\/wp-content\/uploads\/2021\/03\/0BB82B79-1FCF-4167-BB59-BD74C835E12B.jpeg?resize=768%2C369 768w, https:\/\/i0.wp.com\/blogdalucianaoliveira.com.br\/blog\/wp-content\/uploads\/2021\/03\/0BB82B79-1FCF-4167-BB59-BD74C835E12B.jpeg?resize=625%2C300 625w, https:\/\/i0.wp.com\/blogdalucianaoliveira.com.br\/blog\/wp-content\/uploads\/2021\/03\/0BB82B79-1FCF-4167-BB59-BD74C835E12B.jpeg?w=1200 1200w\" sizes=\"auto, (max-width: 600px) 100vw, 600px\" \/><\/figure>\n\n\n\n<p><strong>247 \u2013&nbsp;<\/strong>O jornal &nbsp;The New York Times, o mais influente do mundo, diz que o ex-juiz S\u00e9rgio Moro \u00e9 respons\u00e1vel direto pelo caos no Brasil, por ter corrompido o sistema de justi\u00e7a no Pa\u00eds. &#8220;O Brasil vive v\u00e1rias crises ao mesmo tempo \u2013 a situa\u00e7\u00e3o catastr\u00f3fica da sa\u00fade, a economia fr\u00e1gil e a polariza\u00e7\u00e3o pol\u00edtica extrema. Agora podemos adicionar a corrup\u00e7\u00e3o do sistema judicial \u00e0 lista. N\u00e3o precisava ser assim. Os brasileiros tinham grandes esperan\u00e7as h\u00e1 sete anos, quando um jovem magistrado chamado S\u00e9rgio Moro lan\u00e7ou uma opera\u00e7\u00e3o anticorrup\u00e7\u00e3o chamada Lava Jato, ou Opera\u00e7\u00e3o Lava Jato&#8221;, diz o&nbsp;<a href=\"https:\/\/www.nytimes.com\/2021\/02\/26\/opinion\/international-world\/car-wash-operation-brazil-bolsonaro.html?smid=tw-nytopinion&amp;smtyp=cur\">artigo<\/a>&nbsp;assinado pelo jornalista Gaspard Estrada<\/p>\n\n\n\n<!--more-->\n\n\n\n<p>&#8220;A Opera\u00e7\u00e3o Lava Jato provou que a justi\u00e7a poderia acabar com a corrup\u00e7\u00e3o end\u00eamica no Brasil ou foi apenas um conto de fadas que velou outros interesses pol\u00edticos? Nas \u00faltimas semanas, o lado negro do Lava Jato foi desnudado, e um sentimento de profundo desencanto com a chamada justi\u00e7a curitibana, que leva o nome da capital do estado do Paran\u00e1, onde a for\u00e7a-tarefa estava sediada, se espalhou por todo o pa\u00eds. A Opera\u00e7\u00e3o Lava Jato foi considerada a maior investiga\u00e7\u00e3o anticorrup\u00e7\u00e3o do mundo, mas se tornou o maior esc\u00e2ndalo judicial da hist\u00f3ria do Brasil. Quando a for\u00e7a-tarefa foi dissolvida em 1\u00ba de fevereiro, quase ningu\u00e9m saiu \u00e0s ruas ou \u00e0s redes sociais para lamentar seu fim&#8221;, apontou ainda Estrada.<\/p>\n\n\n\n<p>O jornalista tamb\u00e9m responsabiliza Moro diretamente pela destrui\u00e7\u00e3o do Brasil. &#8220;Em vez de erradicar a corrup\u00e7\u00e3o, obter maior transpar\u00eancia na pol\u00edtica e fortalecer a democracia, a agora not\u00f3ria Opera\u00e7\u00e3o Lava Jato abriu o caminho para Jair Bolsonaro chegar ao poder ap\u00f3s eliminar seu principal rival, Lula, da corrida presidencial. Isso contribuiu para o caos que o Brasil vive hoje&#8221;, escreveu.<\/p>\n","protected":false},"excerpt":{"rendered":"<p>247 \u2013&nbsp;O jornal &nbsp;The New York Times, o mais influente do mundo, diz que o ex-juiz S\u00e9rgio Moro \u00e9 respons\u00e1vel direto pelo caos no Brasil, por ter corrompido o sistema de justi\u00e7a no Pa\u00eds. &#8220;O Brasil vive v\u00e1rias crises ao mesmo tempo \u2013 a situa\u00e7\u00e3o catastr\u00f3fica da sa\u00fade, a economia fr\u00e1gil e a polariza\u00e7\u00e3o pol\u00edtica&#8230;<a class=\"more-link\" href=\"http:\/\/blogdalucianaoliveira.com.br\/blog\/2021\/03\/01\/new-york-times-diz-que-moro-corrompeu-o-sistema-judicial-e-e-responsavel-direto-pelo-caos-que-o-brasil-vive-hoje\/\">Continue a leitura <span class=\"meta-nav\">&raquo;<\/span><\/a><\/p>\n","protected":false},"author":1,"featured_media":0,"comment_status":"closed","ping_status":"open","sticky":false,"template":"","format":"standard","meta":{"_exactmetrics_skip_tracking":false,"_exactmetrics_sitenote_active":false,"_exactmetrics_sitenote_note":"","_exactmetrics_sitenote_category":0,"jetpack_post_was_ever_published":false,"_jetpack_newsletter_access":"","_jetpack_dont_email_post_to_subs":false,"_jetpack_newsletter_tier_id":0,"_jetpack_memberships_contains_paywalled_content":false,"_jetpack_memberships_contains_paid_content":false,"footnotes":"","jetpack_publicize_message":"","jetpack_publicize_feature_enabled":true,"jetpack_social_post_already_shared":true,"jetpack_social_options":{"image_generator_settings":{"template":"highway","enabled":false},"version":2}},"categories":[1],"tags":[],"class_list":["post-31029","post","type-post","status-publish","format-standard","hentry","category-notas"],"jetpack_publicize_connections":[],"jetpack_sharing_enabled":true,"jetpack_featured_media_url":"","jetpack_shortlink":"https:\/\/wp.me\/p7wKYW-84t","jetpack-related-posts":[],"_links":{"self":[{"href":"http:\/\/blogdalucianaoliveira.com.br\/blog\/wp-json\/wp\/v2\/posts\/31029","targetHints":{"allow":["GET"]}}],"collection":[{"href":"http:\/\/blogdalucianaoliveira.com.br\/blog\/wp-json\/wp\/v2\/posts"}],"about":[{"href":"http:\/\/blogdalucianaoliveira.com.br\/blog\/wp-json\/wp\/v2\/types\/post"}],"author":[{"embeddable":true,"href":"http:\/\/blogdalucianaoliveira.com.br\/blog\/wp-json\/wp\/v2\/users\/1"}],"replies":[{"embeddable":true,"href":"http:\/\/blogdalucianaoliveira.com.br\/blog\/wp-json\/wp\/v2\/comments?post=31029"}],"version-history":[{"count":1,"href":"http:\/\/blogdalucianaoliveira.com.br\/blog\/wp-json\/wp\/v2\/posts\/31029\/revisions"}],"predecessor-version":[{"id":31031,"href":"http:\/\/blogdalucianaoliveira.com.br\/blog\/wp-json\/wp\/v2\/posts\/31029\/revisions\/31031"}],"wp:attachment":[{"href":"http:\/\/blogdalucianaoliveira.com.br\/blog\/wp-json\/wp\/v2\/media?parent=31029"}],"wp:term":[{"taxonomy":"category","embeddable":true,"href":"http:\/\/blogdalucianaoliveira.com.br\/blog\/wp-json\/wp\/v2\/categories?post=31029"},{"taxonomy":"post_tag","embeddable":true,"href":"http:\/\/blogdalucianaoliveira.com.br\/blog\/wp-json\/wp\/v2\/tags?post=31029"}],"curies":[{"name":"wp","href":"https:\/\/api.w.org\/{rel}","templated":true}]}}