{"id":31034,"date":"2021-03-01T10:16:31","date_gmt":"2021-03-01T14:16:31","guid":{"rendered":"http:\/\/blogdalucianaoliveira.com.br\/blog\/?p=31034"},"modified":"2021-03-01T10:16:34","modified_gmt":"2021-03-01T14:16:34","slug":"e-preciso-parar-esse-cara-tasso-jereissati-defende-cpi-da-pandemia-contra-bolsonaro","status":"publish","type":"post","link":"http:\/\/blogdalucianaoliveira.com.br\/blog\/2021\/03\/01\/e-preciso-parar-esse-cara-tasso-jereissati-defende-cpi-da-pandemia-contra-bolsonaro\/","title":{"rendered":"\u201c\u00c9 preciso parar esse cara\u201d: Tasso Jereissati defende CPI da pandemia contra Bolsonaro"},"content":{"rendered":"\n<figure class=\"wp-block-image\"><img data-recalc-dims=\"1\" decoding=\"async\" src=\"https:\/\/i0.wp.com\/www.diariodocentrodomundo.com.br\/wp-content\/uploads\/2018\/12\/images_cms-image-000573581.jpg?w=600&#038;ssl=1\" alt=\"\"\/><\/figure>\n\n\n\n<p><strong>No DCM<\/strong>, com informa\u00e7\u00f5es do Estad\u00e3o &#8211; O senador\u00a0Tasso Jereissati\u00a0(PSDB-CE) pressiona o presidente do\u00a0Senado,\u00a0Rodrigo Pacheco\u00a0(DEM-MG), a instalar uma Comiss\u00e3o Parlamentar de Inqu\u00e9rito (CPI) para investigar a\u00a0conduta do presidente Jair Bolsonaro na crise de covid-19. O senador \u00e9 um dos autores do pedido para abertura da investiga\u00e7\u00e3o no Congresso que vai apurar a condu\u00e7\u00e3o do combate \u00e0 pandemia por autoridades p\u00fablicas, incluindo o chefe do Planalto. <\/p>\n\n\n\n<!--more-->\n\n\n\n<p>A instala\u00e7\u00e3o depende de Pacheco, apoiado por Bolsonaro na elei\u00e7\u00e3o para o comando da Casa e tamb\u00e9m pela oposi\u00e7\u00e3o. \u201cEsse vai ser o grande teste do Rodrigo, se ele realmente \u00e9 independente como est\u00e1 dizendo ou se para ganhar se comprometeu at\u00e9 \u00e0 alma com o Bolsonaro\u201d afirmou o tucano em entrevista ao&nbsp;Estad\u00e3o.<\/p>\n\n\n\n<p>Na sexta-feira passada, Bolsonaro visitou as obras de duplica\u00e7\u00e3o da BR-222, em Caucaia (CE), e, mais uma vez,&nbsp;cumprimentou simpatizantes sem respeitar as medidas de conten\u00e7\u00e3o da covid-19, na semana em o que Pa\u00eds atingiu novo recorde di\u00e1rio de mortes pela doen\u00e7a. \u201c\u00c9 preciso parar esse cara\u201d, disse Tasso. A aglomera\u00e7\u00e3o ocorreu ap\u00f3s o governador do Estado, Camilo Santana (PT), decretar toque de recolher e reduzir o funcionamento de atividades em fun\u00e7\u00e3o do avan\u00e7o do novo coronav\u00edrus.<\/p>\n\n\n\n<p>(\u2026)&nbsp;<strong>Por que o senhor defende a instala\u00e7\u00e3o da CPI no Senado?<\/strong><\/p>\n\n\n\n<p>Estou pedindo ao Senado, com receio de que teremos dificuldade porque n\u00e3o sei qual vai ser a posi\u00e7\u00e3o do presidente Rodrigo Pacheco, que instale a CPI da covid-19. Ele colocou meio na gaveta, fez&nbsp;<a href=\"https:\/\/www.diariodocentrodomundo.com.br\/essencial\/video-tenho-fe-em-deus-que-o-senhor-e-bolsonaro-irao-responder-por-genocidio-diz-senador-a-pazuello\/\">aquela audi\u00eancia com Pazuello<\/a>,&nbsp;que foi um desastre, para empurrar com a barriga. \u00c9 preciso parar esse cara (<em>Bolsonaro<\/em>). O intuito da instala\u00e7\u00e3o da CPI n\u00e3o \u00e9 nem para punir, mas \u00e9 para pelo menos parar essa insanidade. Por ser presidente da Rep\u00fablica, n\u00e3o pode conclamar a popula\u00e7\u00e3o inteira a correr risco de morte sem nenhum tipo de puni\u00e7\u00e3o.<\/p>\n\n\n\n<p>(\u2026)<\/p>\n\n\n\n<p>.x.x.x.<\/p>\n","protected":false},"excerpt":{"rendered":"<p>No DCM, com informa\u00e7\u00f5es do Estad\u00e3o &#8211; O senador\u00a0Tasso Jereissati\u00a0(PSDB-CE) pressiona o presidente do\u00a0Senado,\u00a0Rodrigo Pacheco\u00a0(DEM-MG), a instalar uma Comiss\u00e3o Parlamentar de Inqu\u00e9rito (CPI) para investigar a\u00a0conduta do presidente Jair Bolsonaro na crise de covid-19. O senador \u00e9 um dos autores do pedido para abertura da investiga\u00e7\u00e3o no Congresso que vai apurar a condu\u00e7\u00e3o do combate&#8230;<a class=\"more-link\" href=\"http:\/\/blogdalucianaoliveira.com.br\/blog\/2021\/03\/01\/e-preciso-parar-esse-cara-tasso-jereissati-defende-cpi-da-pandemia-contra-bolsonaro\/\">Continue a leitura <span class=\"meta-nav\">&raquo;<\/span><\/a><\/p>\n","protected":false},"author":1,"featured_media":0,"comment_status":"closed","ping_status":"open","sticky":false,"template":"","format":"standard","meta":{"_exactmetrics_skip_tracking":false,"_exactmetrics_sitenote_active":false,"_exactmetrics_sitenote_note":"","_exactmetrics_sitenote_category":0,"jetpack_post_was_ever_published":false,"_jetpack_newsletter_access":"","_jetpack_dont_email_post_to_subs":false,"_jetpack_newsletter_tier_id":0,"_jetpack_memberships_contains_paywalled_content":false,"_jetpack_memberships_contains_paid_content":false,"footnotes":"","jetpack_publicize_message":"","jetpack_publicize_feature_enabled":true,"jetpack_social_post_already_shared":true,"jetpack_social_options":{"image_generator_settings":{"template":"highway","enabled":false},"version":2}},"categories":[1],"tags":[],"class_list":["post-31034","post","type-post","status-publish","format-standard","hentry","category-notas"],"jetpack_publicize_connections":[],"jetpack_sharing_enabled":true,"jetpack_featured_media_url":"","jetpack_shortlink":"https:\/\/wp.me\/p7wKYW-84y","jetpack-related-posts":[],"_links":{"self":[{"href":"http:\/\/blogdalucianaoliveira.com.br\/blog\/wp-json\/wp\/v2\/posts\/31034","targetHints":{"allow":["GET"]}}],"collection":[{"href":"http:\/\/blogdalucianaoliveira.com.br\/blog\/wp-json\/wp\/v2\/posts"}],"about":[{"href":"http:\/\/blogdalucianaoliveira.com.br\/blog\/wp-json\/wp\/v2\/types\/post"}],"author":[{"embeddable":true,"href":"http:\/\/blogdalucianaoliveira.com.br\/blog\/wp-json\/wp\/v2\/users\/1"}],"replies":[{"embeddable":true,"href":"http:\/\/blogdalucianaoliveira.com.br\/blog\/wp-json\/wp\/v2\/comments?post=31034"}],"version-history":[{"count":1,"href":"http:\/\/blogdalucianaoliveira.com.br\/blog\/wp-json\/wp\/v2\/posts\/31034\/revisions"}],"predecessor-version":[{"id":31035,"href":"http:\/\/blogdalucianaoliveira.com.br\/blog\/wp-json\/wp\/v2\/posts\/31034\/revisions\/31035"}],"wp:attachment":[{"href":"http:\/\/blogdalucianaoliveira.com.br\/blog\/wp-json\/wp\/v2\/media?parent=31034"}],"wp:term":[{"taxonomy":"category","embeddable":true,"href":"http:\/\/blogdalucianaoliveira.com.br\/blog\/wp-json\/wp\/v2\/categories?post=31034"},{"taxonomy":"post_tag","embeddable":true,"href":"http:\/\/blogdalucianaoliveira.com.br\/blog\/wp-json\/wp\/v2\/tags?post=31034"}],"curies":[{"name":"wp","href":"https:\/\/api.w.org\/{rel}","templated":true}]}}