{"id":31037,"date":"2021-03-01T15:59:07","date_gmt":"2021-03-01T19:59:07","guid":{"rendered":"http:\/\/blogdalucianaoliveira.com.br\/blog\/?p=31037"},"modified":"2021-03-01T20:54:40","modified_gmt":"2021-03-02T00:54:40","slug":"ro-escreva-o-que-voce-quiser-diz-delegado-a-reportagem-sobre-caso-de-desaparecimento-de-integrante-do-mst","status":"publish","type":"post","link":"http:\/\/blogdalucianaoliveira.com.br\/blog\/2021\/03\/01\/ro-escreva-o-que-voce-quiser-diz-delegado-a-reportagem-sobre-caso-de-desaparecimento-de-integrante-do-mst\/","title":{"rendered":"RO: \u201cEscreva o que voc\u00ea quiser\u201d, diz delegado sobre caso de desaparecimento de integrante do MST"},"content":{"rendered":"\n<figure class=\"wp-block-image size-large\"><img data-recalc-dims=\"1\" loading=\"lazy\" decoding=\"async\" width=\"600\" height=\"659\" data-attachment-id=\"31042\" data-permalink=\"http:\/\/blogdalucianaoliveira.com.br\/blog\/2021\/03\/01\/ro-escreva-o-que-voce-quiser-diz-delegado-a-reportagem-sobre-caso-de-desaparecimento-de-integrante-do-mst\/84bdbb2c-d846-46c7-9f29-d70722edb99d\/\" data-orig-file=\"https:\/\/i0.wp.com\/blogdalucianaoliveira.com.br\/blog\/wp-content\/uploads\/2021\/03\/84bdbb2c-d846-46c7-9f29-d70722edb99d.jpg?fit=606%2C666\" data-orig-size=\"606,666\" data-comments-opened=\"0\" data-image-meta=\"{&quot;aperture&quot;:&quot;0&quot;,&quot;credit&quot;:&quot;&quot;,&quot;camera&quot;:&quot;&quot;,&quot;caption&quot;:&quot;&quot;,&quot;created_timestamp&quot;:&quot;0&quot;,&quot;copyright&quot;:&quot;&quot;,&quot;focal_length&quot;:&quot;0&quot;,&quot;iso&quot;:&quot;0&quot;,&quot;shutter_speed&quot;:&quot;0&quot;,&quot;title&quot;:&quot;&quot;,&quot;orientation&quot;:&quot;0&quot;}\" data-image-title=\"84bdbb2c-d846-46c7-9f29-d70722edb99d\" data-image-description=\"\" data-image-caption=\"\" data-medium-file=\"https:\/\/i0.wp.com\/blogdalucianaoliveira.com.br\/blog\/wp-content\/uploads\/2021\/03\/84bdbb2c-d846-46c7-9f29-d70722edb99d.jpg?fit=273%2C300\" data-large-file=\"https:\/\/i0.wp.com\/blogdalucianaoliveira.com.br\/blog\/wp-content\/uploads\/2021\/03\/84bdbb2c-d846-46c7-9f29-d70722edb99d.jpg?fit=600%2C659\" src=\"https:\/\/i0.wp.com\/blogdalucianaoliveira.com.br\/blog\/wp-content\/uploads\/2021\/03\/84bdbb2c-d846-46c7-9f29-d70722edb99d.jpg?resize=600%2C659&#038;ssl=1\" alt=\"\" class=\"wp-image-31042\" srcset=\"https:\/\/i0.wp.com\/blogdalucianaoliveira.com.br\/blog\/wp-content\/uploads\/2021\/03\/84bdbb2c-d846-46c7-9f29-d70722edb99d.jpg?w=606 606w, https:\/\/i0.wp.com\/blogdalucianaoliveira.com.br\/blog\/wp-content\/uploads\/2021\/03\/84bdbb2c-d846-46c7-9f29-d70722edb99d.jpg?resize=273%2C300 273w\" sizes=\"auto, (max-width: 600px) 100vw, 600px\" \/><\/figure>\n\n\n\n<p>J\u00e1 se passaram quatro meses do sumi\u00e7o de F\u00e1bio J\u00fanior Fernandes de Souza, 39 anos, que estava internado na Associa\u00e7\u00e3o Trindade Santa, em Vilhena, para tratamento de depend\u00eancia em \u00e1lcool. <\/p>\n\n\n\n<p>Ele sumiu tr\u00eas dias ap\u00f3s chegar na comunidade terap\u00eautica com crises de epilepsia e desorienta\u00e7\u00e3o por queda com impacto na cabe\u00e7a, segundo relato da secret\u00e1ria da casa de recupera\u00e7\u00e3o, Salete Bueno.<\/p>\n\n\n\n<!--more-->\n\n\n\n<p>\u201cQuando ele chegou n\u00e3o t\u00ednhamos registro de que tinha\nqualquer tipo de doen\u00e7a. O acolhemos na casa de triagem onde deveria ficar de\n10 a 15 dias, mas ele sumiu sem levar nada. A \u00faltima vez que foi visto foi perto\nda porteira\u201d, contou Salete.<\/p>\n\n\n\n<p>Quem procurou a 1\u00aa Delegacia de Pol\u00edcia do\nmunic\u00edpio para registrar o desparecimento no dia 31 de outubro de 2020, foi o\nmonitor da Associa\u00e7\u00e3o, Roberto Carlos Neto. <\/p>\n\n\n\n<p>\u201cEles apenas disseram que iam entrar em contato caso descobrissem algo sobre o paradeiro do F\u00e1bio\u201d, contou o monitor.<\/p>\n\n\n\n<p>Os dois colaboradores disseram que a pol\u00edcia nunca fez buscas ou colheu depoimentos na comunidade que o acolheu e de onde sumiu.<\/p>\n\n\n\n<p>Para saber que tipo de investiga\u00e7\u00e3o foi feita e se havia algum\nfato novo, a reportagem falou por telefone com o delegado regional F\u00e1bio\nCampos.<\/p>\n\n\n\n<p>Ele disse que em casos como esse sem rela\u00e7\u00e3o com suspeitas\nde crimes n\u00e3o h\u00e1 o que investigar, pois tudo indica que o desaparecido apenas\nfoi embora para lugar incerto.<\/p>\n\n\n\n<p>Ao ser questionado se procederia assim com qualquer desaparecimento,\ninclusive, de familiar, o delegado respondeu rispidamente: \u201cEscreva o que voc\u00ea\nquiser. J\u00e1 sei onde quer chegar\u201d. <\/p>\n\n\n\n<p>A liga\u00e7\u00e3o telef\u00f4nica foi interrompida pelo delegado. <\/p>\n\n\n\n<p>De fato h\u00e1 suspeita de &#8216;pouco caso&#8217; com F\u00e1bio que \u00e9 integrante do Movimento dos Trabalhadores Rurais Sem Terra \u2013 MST, em acampamento no munic\u00edpio de Alto Alegre dos Parecis.<\/p>\n\n\n\n<p>Sem querer revelar a identidade, uma lideran\u00e7a do movimento contou que a luta para garantir o tratamento de F\u00e1bio \u00e9 antiga e que n\u00e3o h\u00e1 um dia em que n\u00e3o procurem por ele.<\/p>\n\n\n\n<p> \u201cA verdade \u00e9 que a pol\u00edcia n\u00e3o deu import\u00e2ncia ao caso de F\u00e1bio, mas n\u00e3o vamos desistir dele. H\u00e1 anos damos suporte ao companheiro! Quem arcou com os custos de tratamento em outro per\u00edodo de interna\u00e7\u00e3o foi o movimento com o fornecimento de produtos aliment\u00edcios \u00e0 Associa\u00e7\u00e3o Trindade Santa. Fizemos buscas por conta pr\u00f3pria na regi\u00e3o e acionamos tamb\u00e9m a pol\u00edcia no Mato Grosso\u201d, disse.<\/p>\n\n\n\n<p>V\u00e1rias tentativas de pedidos de apoio registradas em aplicativo de conversas.<\/p>\n\n\n\n<figure class=\"wp-block-image size-large\"><img loading=\"lazy\" decoding=\"async\" width=\"828\" height=\"1187\" data-attachment-id=\"31039\" data-permalink=\"http:\/\/blogdalucianaoliveira.com.br\/blog\/2021\/03\/01\/ro-escreva-o-que-voce-quiser-diz-delegado-a-reportagem-sobre-caso-de-desaparecimento-de-integrante-do-mst\/img_6276\/\" data-orig-file=\"https:\/\/i0.wp.com\/blogdalucianaoliveira.com.br\/blog\/wp-content\/uploads\/2021\/03\/IMG_6276.jpg?fit=828%2C1187\" data-orig-size=\"828,1187\" data-comments-opened=\"0\" data-image-meta=\"{&quot;aperture&quot;:&quot;0&quot;,&quot;credit&quot;:&quot;&quot;,&quot;camera&quot;:&quot;&quot;,&quot;caption&quot;:&quot;&quot;,&quot;created_timestamp&quot;:&quot;0&quot;,&quot;copyright&quot;:&quot;&quot;,&quot;focal_length&quot;:&quot;0&quot;,&quot;iso&quot;:&quot;0&quot;,&quot;shutter_speed&quot;:&quot;0&quot;,&quot;title&quot;:&quot;&quot;,&quot;orientation&quot;:&quot;1&quot;}\" data-image-title=\"IMG_6276\" data-image-description=\"\" data-image-caption=\"\" data-medium-file=\"https:\/\/i0.wp.com\/blogdalucianaoliveira.com.br\/blog\/wp-content\/uploads\/2021\/03\/IMG_6276.jpg?fit=209%2C300\" data-large-file=\"https:\/\/i0.wp.com\/blogdalucianaoliveira.com.br\/blog\/wp-content\/uploads\/2021\/03\/IMG_6276.jpg?fit=600%2C861\" src=\"https:\/\/i2.wp.com\/blogdalucianaoliveira.com.br\/blog\/wp-content\/uploads\/2021\/03\/IMG_6276.jpg?fit=600%2C861&amp;ssl=1\" alt=\"\" class=\"wp-image-31039\" srcset=\"https:\/\/i0.wp.com\/blogdalucianaoliveira.com.br\/blog\/wp-content\/uploads\/2021\/03\/IMG_6276.jpg?w=828 828w, https:\/\/i0.wp.com\/blogdalucianaoliveira.com.br\/blog\/wp-content\/uploads\/2021\/03\/IMG_6276.jpg?resize=209%2C300 209w, https:\/\/i0.wp.com\/blogdalucianaoliveira.com.br\/blog\/wp-content\/uploads\/2021\/03\/IMG_6276.jpg?resize=714%2C1024 714w, https:\/\/i0.wp.com\/blogdalucianaoliveira.com.br\/blog\/wp-content\/uploads\/2021\/03\/IMG_6276.jpg?resize=768%2C1101 768w\" sizes=\"auto, (max-width: 600px) 100vw, 600px\" \/><\/figure>\n\n\n\n<p>A comunidade terap\u00eautica Renascer atende dependentes qu\u00edmicos de todo pa\u00eds, principalmente de munic\u00edpios de Rond\u00f4nia e do norte do Mato Grosso. <\/p>\n\n\n\n<p>\u00c0 reportagem o delegado regional disse que a fam\u00edlia n\u00e3o demonstrou muito interesse pelo desaparecido, mas liga\u00e7\u00f5es telef\u00f4nicas e panfletos que foram espalhados na regi\u00e3o provam o contr\u00e1rio.<\/p>\n\n\n\n<figure class=\"wp-block-image size-large\"><img loading=\"lazy\" decoding=\"async\" width=\"774\" height=\"1032\" data-attachment-id=\"31040\" data-permalink=\"http:\/\/blogdalucianaoliveira.com.br\/blog\/2021\/03\/01\/ro-escreva-o-que-voce-quiser-diz-delegado-a-reportagem-sobre-caso-de-desaparecimento-de-integrante-do-mst\/0888d4d8-ec88-4bb8-a3bf-616dd86d39cd\/\" data-orig-file=\"https:\/\/i0.wp.com\/blogdalucianaoliveira.com.br\/blog\/wp-content\/uploads\/2021\/03\/0888d4d8-ec88-4bb8-a3bf-616dd86d39cd.jpg?fit=774%2C1032\" data-orig-size=\"774,1032\" data-comments-opened=\"0\" data-image-meta=\"{&quot;aperture&quot;:&quot;0&quot;,&quot;credit&quot;:&quot;&quot;,&quot;camera&quot;:&quot;&quot;,&quot;caption&quot;:&quot;&quot;,&quot;created_timestamp&quot;:&quot;0&quot;,&quot;copyright&quot;:&quot;&quot;,&quot;focal_length&quot;:&quot;0&quot;,&quot;iso&quot;:&quot;0&quot;,&quot;shutter_speed&quot;:&quot;0&quot;,&quot;title&quot;:&quot;&quot;,&quot;orientation&quot;:&quot;0&quot;}\" data-image-title=\"0888d4d8-ec88-4bb8-a3bf-616dd86d39cd\" data-image-description=\"\" data-image-caption=\"\" data-medium-file=\"https:\/\/i0.wp.com\/blogdalucianaoliveira.com.br\/blog\/wp-content\/uploads\/2021\/03\/0888d4d8-ec88-4bb8-a3bf-616dd86d39cd.jpg?fit=225%2C300\" data-large-file=\"https:\/\/i0.wp.com\/blogdalucianaoliveira.com.br\/blog\/wp-content\/uploads\/2021\/03\/0888d4d8-ec88-4bb8-a3bf-616dd86d39cd.jpg?fit=600%2C800\" src=\"https:\/\/i1.wp.com\/blogdalucianaoliveira.com.br\/blog\/wp-content\/uploads\/2021\/03\/0888d4d8-ec88-4bb8-a3bf-616dd86d39cd.jpg?fit=600%2C800&amp;ssl=1\" alt=\"\" class=\"wp-image-31040\" srcset=\"https:\/\/i0.wp.com\/blogdalucianaoliveira.com.br\/blog\/wp-content\/uploads\/2021\/03\/0888d4d8-ec88-4bb8-a3bf-616dd86d39cd.jpg?w=774 774w, https:\/\/i0.wp.com\/blogdalucianaoliveira.com.br\/blog\/wp-content\/uploads\/2021\/03\/0888d4d8-ec88-4bb8-a3bf-616dd86d39cd.jpg?resize=225%2C300 225w, https:\/\/i0.wp.com\/blogdalucianaoliveira.com.br\/blog\/wp-content\/uploads\/2021\/03\/0888d4d8-ec88-4bb8-a3bf-616dd86d39cd.jpg?resize=768%2C1024 768w\" sizes=\"auto, (max-width: 600px) 100vw, 600px\" \/><\/figure>\n\n\n\n<p>Luciana Ferreira, esposa do F\u00e1bio, conta que foi \u00e0 delegacia distante mais de 300 km de sua casa logo ap\u00f3s o sumi\u00e7o dele, mas n\u00e3o obteve informa\u00e7\u00e3o alguma sobre a investiga\u00e7\u00e3o.<\/p>\n\n\n\n<p>\u201cOs agentes nos falaram apenas que a ocorr\u00eancia estava registrada e que t\u00ednhamos que esperar. Por conta pr\u00f3pria tentamos investigar indo a v\u00e1rios locais e ouvindo pessoas, mas n\u00e3o encontramos nenhuma pista. Ainda confio que a pol\u00edcia possa ajudar a achar meu marido\u201d, diz Luciana.<\/p>\n\n\n\n<figure class=\"wp-block-image size-large\"><img loading=\"lazy\" decoding=\"async\" width=\"828\" height=\"1187\" data-attachment-id=\"31041\" data-permalink=\"http:\/\/blogdalucianaoliveira.com.br\/blog\/2021\/03\/01\/ro-escreva-o-que-voce-quiser-diz-delegado-a-reportagem-sobre-caso-de-desaparecimento-de-integrante-do-mst\/img_6281-1\/\" data-orig-file=\"https:\/\/i0.wp.com\/blogdalucianaoliveira.com.br\/blog\/wp-content\/uploads\/2021\/03\/IMG_6281-1.jpg?fit=828%2C1187\" data-orig-size=\"828,1187\" data-comments-opened=\"0\" data-image-meta=\"{&quot;aperture&quot;:&quot;0&quot;,&quot;credit&quot;:&quot;&quot;,&quot;camera&quot;:&quot;&quot;,&quot;caption&quot;:&quot;&quot;,&quot;created_timestamp&quot;:&quot;0&quot;,&quot;copyright&quot;:&quot;&quot;,&quot;focal_length&quot;:&quot;0&quot;,&quot;iso&quot;:&quot;0&quot;,&quot;shutter_speed&quot;:&quot;0&quot;,&quot;title&quot;:&quot;&quot;,&quot;orientation&quot;:&quot;1&quot;}\" data-image-title=\"IMG_6281-1\" data-image-description=\"\" data-image-caption=\"\" data-medium-file=\"https:\/\/i0.wp.com\/blogdalucianaoliveira.com.br\/blog\/wp-content\/uploads\/2021\/03\/IMG_6281-1.jpg?fit=209%2C300\" data-large-file=\"https:\/\/i0.wp.com\/blogdalucianaoliveira.com.br\/blog\/wp-content\/uploads\/2021\/03\/IMG_6281-1.jpg?fit=600%2C861\" src=\"https:\/\/i1.wp.com\/blogdalucianaoliveira.com.br\/blog\/wp-content\/uploads\/2021\/03\/IMG_6281-1.jpg?fit=600%2C861&amp;ssl=1\" alt=\"\" class=\"wp-image-31041\" srcset=\"https:\/\/i0.wp.com\/blogdalucianaoliveira.com.br\/blog\/wp-content\/uploads\/2021\/03\/IMG_6281-1.jpg?w=828 828w, https:\/\/i0.wp.com\/blogdalucianaoliveira.com.br\/blog\/wp-content\/uploads\/2021\/03\/IMG_6281-1.jpg?resize=209%2C300 209w, https:\/\/i0.wp.com\/blogdalucianaoliveira.com.br\/blog\/wp-content\/uploads\/2021\/03\/IMG_6281-1.jpg?resize=714%2C1024 714w, https:\/\/i0.wp.com\/blogdalucianaoliveira.com.br\/blog\/wp-content\/uploads\/2021\/03\/IMG_6281-1.jpg?resize=768%2C1101 768w\" sizes=\"auto, (max-width: 600px) 100vw, 600px\" \/><\/figure>\n\n\n\n<p>Nesta segunda-feira, 01, ap\u00f3s a reportagem, a esposa de F\u00e1bio e o monitor da casa de recupera\u00e7\u00e3o que registrou a ocorr\u00eancia do desaparecimento receberam liga\u00e7\u00f5es da pol\u00edcia civil de Vilhena.<\/p>\n\n\n\n<p>Ambos disseram que foi a primeira vez que ligaram para colher informa\u00e7\u00f5es.<\/p>\n","protected":false},"excerpt":{"rendered":"<p>J\u00e1 se passaram quatro meses do sumi\u00e7o de F\u00e1bio J\u00fanior Fernandes de Souza, 39 anos, que estava internado na Associa\u00e7\u00e3o Trindade Santa, em Vilhena, para tratamento de depend\u00eancia em \u00e1lcool. Ele sumiu tr\u00eas dias ap\u00f3s chegar na comunidade terap\u00eautica com crises de epilepsia e desorienta\u00e7\u00e3o por queda com impacto na cabe\u00e7a, segundo relato da secret\u00e1ria&#8230;<a class=\"more-link\" href=\"http:\/\/blogdalucianaoliveira.com.br\/blog\/2021\/03\/01\/ro-escreva-o-que-voce-quiser-diz-delegado-a-reportagem-sobre-caso-de-desaparecimento-de-integrante-do-mst\/\">Continue a leitura <span class=\"meta-nav\">&raquo;<\/span><\/a><\/p>\n","protected":false},"author":1,"featured_media":0,"comment_status":"closed","ping_status":"open","sticky":false,"template":"","format":"standard","meta":{"_exactmetrics_skip_tracking":false,"_exactmetrics_sitenote_active":false,"_exactmetrics_sitenote_note":"","_exactmetrics_sitenote_category":0,"jetpack_post_was_ever_published":false,"_jetpack_newsletter_access":"","_jetpack_dont_email_post_to_subs":false,"_jetpack_newsletter_tier_id":0,"_jetpack_memberships_contains_paywalled_content":false,"_jetpack_memberships_contains_paid_content":false,"footnotes":"","jetpack_publicize_message":"","jetpack_publicize_feature_enabled":true,"jetpack_social_post_already_shared":true,"jetpack_social_options":{"image_generator_settings":{"template":"highway","enabled":false},"version":2}},"categories":[1],"tags":[],"class_list":["post-31037","post","type-post","status-publish","format-standard","hentry","category-notas"],"jetpack_publicize_connections":[],"jetpack_sharing_enabled":true,"jetpack_featured_media_url":"","jetpack_shortlink":"https:\/\/wp.me\/p7wKYW-84B","jetpack-related-posts":[],"_links":{"self":[{"href":"http:\/\/blogdalucianaoliveira.com.br\/blog\/wp-json\/wp\/v2\/posts\/31037","targetHints":{"allow":["GET"]}}],"collection":[{"href":"http:\/\/blogdalucianaoliveira.com.br\/blog\/wp-json\/wp\/v2\/posts"}],"about":[{"href":"http:\/\/blogdalucianaoliveira.com.br\/blog\/wp-json\/wp\/v2\/types\/post"}],"author":[{"embeddable":true,"href":"http:\/\/blogdalucianaoliveira.com.br\/blog\/wp-json\/wp\/v2\/users\/1"}],"replies":[{"embeddable":true,"href":"http:\/\/blogdalucianaoliveira.com.br\/blog\/wp-json\/wp\/v2\/comments?post=31037"}],"version-history":[{"count":5,"href":"http:\/\/blogdalucianaoliveira.com.br\/blog\/wp-json\/wp\/v2\/posts\/31037\/revisions"}],"predecessor-version":[{"id":31047,"href":"http:\/\/blogdalucianaoliveira.com.br\/blog\/wp-json\/wp\/v2\/posts\/31037\/revisions\/31047"}],"wp:attachment":[{"href":"http:\/\/blogdalucianaoliveira.com.br\/blog\/wp-json\/wp\/v2\/media?parent=31037"}],"wp:term":[{"taxonomy":"category","embeddable":true,"href":"http:\/\/blogdalucianaoliveira.com.br\/blog\/wp-json\/wp\/v2\/categories?post=31037"},{"taxonomy":"post_tag","embeddable":true,"href":"http:\/\/blogdalucianaoliveira.com.br\/blog\/wp-json\/wp\/v2\/tags?post=31037"}],"curies":[{"name":"wp","href":"https:\/\/api.w.org\/{rel}","templated":true}]}}