{"id":31048,"date":"2021-03-02T11:58:35","date_gmt":"2021-03-02T15:58:35","guid":{"rendered":"http:\/\/blogdalucianaoliveira.com.br\/blog\/?p=31048"},"modified":"2021-03-02T11:58:41","modified_gmt":"2021-03-02T15:58:41","slug":"stf-determina-investigacao-sobre-venda-de-terra-indigena-pelo-facebook-apos-reportagem-da-bbc","status":"publish","type":"post","link":"http:\/\/blogdalucianaoliveira.com.br\/blog\/2021\/03\/02\/stf-determina-investigacao-sobre-venda-de-terra-indigena-pelo-facebook-apos-reportagem-da-bbc\/","title":{"rendered":"STF determina investiga\u00e7\u00e3o sobre venda de terra ind\u00edgena pelo Facebook ap\u00f3s reportagem da BBC"},"content":{"rendered":"\n<figure class=\"wp-block-image\"><img data-recalc-dims=\"1\" decoding=\"async\" src=\"https:\/\/i0.wp.com\/ichef.bbci.co.uk\/news\/640\/cpsprodpb\/495C\/production\/_117108781_print_alcimar_li.jpg?w=600&#038;ssl=1\" alt=\"An\u00fancio no Facebook oferece lotes dentro da Floresta Nacional do Aripuan\u00e3\"\/><\/figure>\n\n\n\n<p><strong>BBC<\/strong> &#8211; O ministro Lu\u00eds Roberto Barroso, do Supremo Tribunal Federal (STF), determinou nesta ter\u00e7a-feira (2) que a Procuradoria-Geral da Rep\u00fablica e o Minist\u00e9rio da Justi\u00e7a investiguem a venda de terras ind\u00edgenas pelo Facebook, ap\u00f3s reportagem exclusiva da BBC News Brasil revelar que \u00e1reas protegidas da Floresta Amaz\u00f4nica est\u00e3o sendo anunciadas na plataforma.<\/p>\n\n\n\n<!--more-->\n\n\n\n<p>&#8220;Oficie-se \u00e0 Procuradoria-Geral da Rep\u00fablica e ao Minist\u00e9rio da Justi\u00e7a e Seguran\u00e7a P\u00fablica para que apurem os fatos narrados e tomem as medidas c\u00edveis e criminais cab\u00edveis, mantendo este relator informado sobre as provid\u00eancias adotadas&#8221;, diz o ministro no of\u00edcio, que cita a reportagem da BBC News Brasil.<\/p>\n\n\n\n<p>Barroso \u00e9 relator de uma a\u00e7\u00e3o apresentada pela Articula\u00e7\u00e3o dos Povos Ind\u00edgenas do Brasil (Apib) e por seis partidos pol\u00edticos (PSB, PSOL, PCdoB, Rede, PT e PDT), que apontam suposta omiss\u00e3o do governo federal no combate \u00e0 covid-19 entre ind\u00edgenas.<\/p>\n\n\n\n<p>A decis\u00e3o de determinar investiga\u00e7\u00e3o sobre venda de terras foi tomada no \u00e2mbito dessa a\u00e7\u00e3o porque uma das terras ofertadas por meio de an\u00fancio no Facebook, conforme a reportagem da BBC News Brasil, est\u00e1 localizada na Terra Ind\u00edgena Uru Eu Waw Waw.<\/p>\n\n\n\n<figure class=\"wp-block-image\"><img data-recalc-dims=\"1\" decoding=\"async\" src=\"https:\/\/i0.wp.com\/ichef.bbci.co.uk\/news\/640\/cpsprodpb\/B5DB\/production\/_117355564_cdd5666a-f15f-48b2-ac02-aefc190a5edc.jpg?w=600&#038;ssl=1\" alt=\"Barroso\"\/><\/figure>\n\n\n\n<p>No despacho, Barroso explica que esse territ\u00f3rio \u00e9 &#8220;um dos considerados como em situa\u00e7\u00e3o cr\u00edtica em termos epidemiol\u00f3gicos, justamente em virtude da presen\u00e7a de invasores&#8221;.<br><\/p>\n\n\n\n<p>A investiga\u00e7\u00e3o da BBC News Brasil, publicada na sexta (26), encontrou no Facebook dezenas de an\u00fancios em que vendedores negociam peda\u00e7os da floresta ou \u00e1reas rec\u00e9m-desmatadas, que eles n\u00e3o possuem, por valores que chegam \u00e0 casa dos milh\u00f5es de reais.<\/p>\n\n\n\n<p>H\u00e1 \u00e1reas \u00e0 venda at\u00e9 mesmo dentro de unidades de conserva\u00e7\u00e3o e de terras ind\u00edgenas.<\/p>\n\n\n\n<p>Segundo a lei, \u00e9 proibido vender \u00e1reas que sejam parte de terras ind\u00edgenas ou unidades de conserva\u00e7\u00e3o. S\u00e3o \u00e1reas de dom\u00ednio p\u00fablico que se destinam exclusivamente a popula\u00e7\u00f5es tradicionais.<\/p>\n\n\n\n<p>O rep\u00f3rter Jo\u00e3o Fellet viajou at\u00e9 Roraima e comprovou que, de fato, por\u00e7\u00f5es protegidas da Floresta Amaz\u00f4nica estavam sendo comercializadas por meio dos an\u00fancios no Facebook.<\/p>\n\n\n\n<p>A investiga\u00e7\u00e3o deu origem ao document\u00e1rio&nbsp;<em>Amaz\u00f4nia \u00e0 venda: o mercado ilegal de \u00e1reas protegidas no Facebook<\/em>, dispon\u00edvel na&nbsp;<a href=\"https:\/\/www.youtube.com\/watch?v=QpTMqTo_ycc\">p\u00e1gina da BBC News Brasil no YouTube<\/a>.<\/p>\n\n\n\n<p>O document\u00e1rio mostra que o mercado ilegal de terras na Amaz\u00f4nia est\u00e1 aquecido com a perspectiva de que o Congresso anistie invas\u00f5es recentes e permita que invasores obtenham os t\u00edtulos das \u00e1reas.<\/p>\n\n\n\n<p>Atualmente, s\u00f3 \u00e1reas p\u00fablicas desmatadas at\u00e9 2014 s\u00e3o pass\u00edveis de regulariza\u00e7\u00e3o, mas a bancada ruralista e o governo federal articulam um Projeto de Lei que prorrogaria o prazo.<\/p>\n\n\n\n<p>No pedido de investiga\u00e7\u00e3o, o ministro Barroso requer que PGR e Minist\u00e9rio da Justi\u00e7a n\u00e3o se concentrem apenas na Terra Ind\u00edgena Uru Eu Waw Waw.<\/p>\n\n\n\n<p>&#8220;Saliento a import\u00e2ncia de que de que a apura\u00e7\u00e3o n\u00e3o se restrinja \u00e0 aludida terra ind\u00edgena, mas se expanda \u00e0s demais terras ind\u00edgenas.&#8221;<\/p>\n\n\n\n<h2 class=\"wp-block-heading\" id=\"Investiga\u00e7\u00e3o-da-BBC-\">Investiga\u00e7\u00e3o da BBC<\/h2>\n\n\n\n<p>A reportagem da BBC News Brasil revela como a grilagem \u2014 ocupa\u00e7\u00e3o ilegal de terras p\u00fablicas \u2014 avan\u00e7a na Amaz\u00f4nia brasileira.<\/p>\n\n\n\n<p>Grupos de grileiros se organizam em associa\u00e7\u00f5es com CNPJ, contratam advogados, mant\u00eam la\u00e7os com pol\u00edticos e pressionam \u00f3rg\u00e3os p\u00fablicos a lhes conceder as \u00e1reas invadidas.<\/p>\n\n\n\n<p>Como eles n\u00e3o det\u00eam a propriedade oficial da terra, muitos invasores usam um registro oficial, o Cadastro Ambiental Rural (CAR), para reivindicar as \u00e1reas griladas e coloc\u00e1-las \u00e0 venda, tentando dar um aspecto de legalidade \u00e0s transa\u00e7\u00f5es.<\/p>\n\n\n\n<p>O problema \u00e9 que o CAR n\u00e3o \u00e9 prova de direito \u00e0 propriedade sobre uma \u00e1rea. E, por ser autodeclarat\u00f3rio, em tese, qualquer pessoa pode registrar qualquer parte do territ\u00f3rio nacional como se fosse sua dona e usar isso em uma futura batalha jur\u00eddica pela posse da terra.<\/p>\n\n\n\n<p>A investiga\u00e7\u00e3o mostra ainda estrat\u00e9gias que os vendedores usam para driblar a fiscaliza\u00e7\u00e3o e evitar multas, como dificultar o acesso aos terrenos grilados e manter documentos em nome de terceiros.<\/p>\n\n\n\n<p>O uso do Facebook, uma plataforma p\u00fablica, para a venda de \u00e1reas de floresta revela ainda a sensa\u00e7\u00e3o de impunidade expressa pelos entrevistados na investiga\u00e7\u00e3o.<\/p>\n\n\n\n<p>O alcance irrestrito dos an\u00fancios na plataforma amea\u00e7a agravar o desmatamento na Amaz\u00f4nia, em alta desde a posse do presidente Jair Bolsonaro, em 2019. Entre agosto de 2019 e julho de 2020, o bioma perdeu 11.088 quil\u00f4metros quadrados, o maior \u00edndice desde 2008.<\/p>\n\n\n\n<p>A BBC News Brasil identificou trechos desmatados ilegalmente no ano passado \u00e0 venda na rede social.<\/p>\n\n\n\n<p>Os an\u00fancios est\u00e3o na se\u00e7\u00e3o &#8220;Venda de im\u00f3veis residenciais&#8221; do MarketPlace, espa\u00e7o do Facebook aberto a todos os usu\u00e1rios.<\/p>\n\n\n\n<p><strong>Leia a reportagem completa<\/strong>:&nbsp;<a href=\"https:\/\/www.bbc.com\/portuguese\/brasil-56211156\">Investiga\u00e7\u00e3o revela terras protegidas da Amaz\u00f4nia \u00e0 venda no Facebook<\/a><br><\/p>\n","protected":false},"excerpt":{"rendered":"<p>BBC &#8211; O ministro Lu\u00eds Roberto Barroso, do Supremo Tribunal Federal (STF), determinou nesta ter\u00e7a-feira (2) que a Procuradoria-Geral da Rep\u00fablica e o Minist\u00e9rio da Justi\u00e7a investiguem a venda de terras ind\u00edgenas pelo Facebook, ap\u00f3s reportagem exclusiva da BBC News Brasil revelar que \u00e1reas protegidas da Floresta Amaz\u00f4nica est\u00e3o sendo anunciadas na plataforma.<\/p>\n","protected":false},"author":1,"featured_media":0,"comment_status":"closed","ping_status":"open","sticky":false,"template":"","format":"standard","meta":{"_exactmetrics_skip_tracking":false,"_exactmetrics_sitenote_active":false,"_exactmetrics_sitenote_note":"","_exactmetrics_sitenote_category":0,"jetpack_post_was_ever_published":false,"_jetpack_newsletter_access":"","_jetpack_dont_email_post_to_subs":false,"_jetpack_newsletter_tier_id":0,"_jetpack_memberships_contains_paywalled_content":false,"_jetpack_memberships_contains_paid_content":false,"footnotes":"","jetpack_publicize_message":"","jetpack_publicize_feature_enabled":true,"jetpack_social_post_already_shared":true,"jetpack_social_options":{"image_generator_settings":{"template":"highway","enabled":false},"version":2}},"categories":[1],"tags":[],"class_list":["post-31048","post","type-post","status-publish","format-standard","hentry","category-notas"],"jetpack_publicize_connections":[],"jetpack_sharing_enabled":true,"jetpack_featured_media_url":"","jetpack_shortlink":"https:\/\/wp.me\/p7wKYW-84M","jetpack-related-posts":[],"_links":{"self":[{"href":"http:\/\/blogdalucianaoliveira.com.br\/blog\/wp-json\/wp\/v2\/posts\/31048","targetHints":{"allow":["GET"]}}],"collection":[{"href":"http:\/\/blogdalucianaoliveira.com.br\/blog\/wp-json\/wp\/v2\/posts"}],"about":[{"href":"http:\/\/blogdalucianaoliveira.com.br\/blog\/wp-json\/wp\/v2\/types\/post"}],"author":[{"embeddable":true,"href":"http:\/\/blogdalucianaoliveira.com.br\/blog\/wp-json\/wp\/v2\/users\/1"}],"replies":[{"embeddable":true,"href":"http:\/\/blogdalucianaoliveira.com.br\/blog\/wp-json\/wp\/v2\/comments?post=31048"}],"version-history":[{"count":1,"href":"http:\/\/blogdalucianaoliveira.com.br\/blog\/wp-json\/wp\/v2\/posts\/31048\/revisions"}],"predecessor-version":[{"id":31049,"href":"http:\/\/blogdalucianaoliveira.com.br\/blog\/wp-json\/wp\/v2\/posts\/31048\/revisions\/31049"}],"wp:attachment":[{"href":"http:\/\/blogdalucianaoliveira.com.br\/blog\/wp-json\/wp\/v2\/media?parent=31048"}],"wp:term":[{"taxonomy":"category","embeddable":true,"href":"http:\/\/blogdalucianaoliveira.com.br\/blog\/wp-json\/wp\/v2\/categories?post=31048"},{"taxonomy":"post_tag","embeddable":true,"href":"http:\/\/blogdalucianaoliveira.com.br\/blog\/wp-json\/wp\/v2\/tags?post=31048"}],"curies":[{"name":"wp","href":"https:\/\/api.w.org\/{rel}","templated":true}]}}