{"id":31102,"date":"2021-03-10T09:55:35","date_gmt":"2021-03-10T13:55:35","guid":{"rendered":"http:\/\/blogdalucianaoliveira.com.br\/blog\/?p=31102"},"modified":"2021-03-10T09:55:41","modified_gmt":"2021-03-10T13:55:41","slug":"lula-sera-vacinado-na-segunda-e-em-algumas-semanas-comeca-a-receber-pessoas-e-andar-pelo-brasil","status":"publish","type":"post","link":"http:\/\/blogdalucianaoliveira.com.br\/blog\/2021\/03\/10\/lula-sera-vacinado-na-segunda-e-em-algumas-semanas-comeca-a-receber-pessoas-e-andar-pelo-brasil\/","title":{"rendered":"Lula ser\u00e1 vacinado na segunda e em algumas semanas come\u00e7a a receber pessoas e andar pelo Brasil"},"content":{"rendered":"\n<figure class=\"wp-block-image\"><img data-recalc-dims=\"1\" decoding=\"async\" src=\"https:\/\/i0.wp.com\/publisher-publish.s3.eu-central-1.amazonaws.com\/pb-brasil247\/swp\/jtjeq9\/media\/20210310100324_7132c50d7e5f1487b6f67b3341f029985cdd8adfde0a05afddcb52dedbf91575.jpg?w=600&#038;ssl=1\" alt=\"\"\/><\/figure>\n\n\n\n<p><strong>247 &#8211;\u00a0<\/strong>Lula dever\u00e1 ser vacinado com a Coronavac na pr\u00f3xima segunda-feira (15) contra a Covid-19. As pessoas entre 75 e 76 anos come\u00e7am a ser vacinadas em S\u00e3o Paulo na pr\u00f3xima semana &#8211; Lula tem 75. Segundo o infectologista e deputado federal Alexandre Padilha (PT-SP), depois de duas semanas, prazo para a imuniza\u00e7\u00e3o efetiva depois da vacina\u00e7\u00e3o, Lula come\u00e7ar\u00e1 a receber as pessoas e planejar viagens pelo Brasil.\u00a0 <\/p>\n\n\n\n<!--more-->\n\n\n\n<p>Padilha, que \u00e9 m\u00e9dico pessoal de Lula, disse ao\u00a0<a rel=\"noreferrer noopener\" target=\"_blank\" href=\"https:\/\/www1.folha.uol.com.br\/colunas\/painel\/2021\/03\/nao-e-porque-o-jogo-foi-anulado-que-o-juiz-nao-deve-ser-suspenso-disse-lula-a-aliado-sobre-moro.shtml\">Painel<\/a>\u00a0da Folha de S.Paulo que na pandemia o ex-presidente \u00a0&#8220;est\u00e1 bem isolado e se cuidando na pandemia, n\u00e3o tem recebido pessoas. Com a vacina ele poder\u00e1 voltar ao jogo pol\u00edtico em algumas semanas e come\u00e7ar a receber pessoas\u201d.Ao sair a not\u00edcia de que poder\u00e1 ser vacinado semana que vem, Lula festou pelo Twitter: \u201cJ\u00e1 t\u00f4 com o bra\u00e7o preparado\u2026\u201d.<\/p>\n\n\n\n<p> https:\/\/twitter.com\/LulaOficial\/status\/1368961280132923398?s=20 <br><\/p>\n\n\n\n<p>Lula e a ex-presidente Dilma Rousseff foram convidados em 18 de dezembro pelo governador de S\u00e3o Paulo Jo\u00e3o Doria (PSDB) para se vacinarem contra a Covid-19, mas recusaram-se a furar a fila da faixa et\u00e1ria.<br><\/p>\n","protected":false},"excerpt":{"rendered":"<p>247 &#8211;\u00a0Lula dever\u00e1 ser vacinado com a Coronavac na pr\u00f3xima segunda-feira (15) contra a Covid-19. As pessoas entre 75 e 76 anos come\u00e7am a ser vacinadas em S\u00e3o Paulo na pr\u00f3xima semana &#8211; Lula tem 75. Segundo o infectologista e deputado federal Alexandre Padilha (PT-SP), depois de duas semanas, prazo para a imuniza\u00e7\u00e3o efetiva depois&#8230;<a class=\"more-link\" href=\"http:\/\/blogdalucianaoliveira.com.br\/blog\/2021\/03\/10\/lula-sera-vacinado-na-segunda-e-em-algumas-semanas-comeca-a-receber-pessoas-e-andar-pelo-brasil\/\">Continue a leitura <span class=\"meta-nav\">&raquo;<\/span><\/a><\/p>\n","protected":false},"author":1,"featured_media":0,"comment_status":"closed","ping_status":"open","sticky":false,"template":"","format":"standard","meta":{"_exactmetrics_skip_tracking":false,"_exactmetrics_sitenote_active":false,"_exactmetrics_sitenote_note":"","_exactmetrics_sitenote_category":0,"jetpack_post_was_ever_published":false,"_jetpack_newsletter_access":"","_jetpack_dont_email_post_to_subs":false,"_jetpack_newsletter_tier_id":0,"_jetpack_memberships_contains_paywalled_content":false,"_jetpack_memberships_contains_paid_content":false,"footnotes":"","jetpack_publicize_message":"","jetpack_publicize_feature_enabled":true,"jetpack_social_post_already_shared":true,"jetpack_social_options":{"image_generator_settings":{"template":"highway","enabled":false},"version":2}},"categories":[1],"tags":[],"class_list":["post-31102","post","type-post","status-publish","format-standard","hentry","category-notas"],"jetpack_publicize_connections":[],"jetpack_sharing_enabled":true,"jetpack_featured_media_url":"","jetpack_shortlink":"https:\/\/wp.me\/p7wKYW-85E","jetpack-related-posts":[],"_links":{"self":[{"href":"http:\/\/blogdalucianaoliveira.com.br\/blog\/wp-json\/wp\/v2\/posts\/31102","targetHints":{"allow":["GET"]}}],"collection":[{"href":"http:\/\/blogdalucianaoliveira.com.br\/blog\/wp-json\/wp\/v2\/posts"}],"about":[{"href":"http:\/\/blogdalucianaoliveira.com.br\/blog\/wp-json\/wp\/v2\/types\/post"}],"author":[{"embeddable":true,"href":"http:\/\/blogdalucianaoliveira.com.br\/blog\/wp-json\/wp\/v2\/users\/1"}],"replies":[{"embeddable":true,"href":"http:\/\/blogdalucianaoliveira.com.br\/blog\/wp-json\/wp\/v2\/comments?post=31102"}],"version-history":[{"count":1,"href":"http:\/\/blogdalucianaoliveira.com.br\/blog\/wp-json\/wp\/v2\/posts\/31102\/revisions"}],"predecessor-version":[{"id":31103,"href":"http:\/\/blogdalucianaoliveira.com.br\/blog\/wp-json\/wp\/v2\/posts\/31102\/revisions\/31103"}],"wp:attachment":[{"href":"http:\/\/blogdalucianaoliveira.com.br\/blog\/wp-json\/wp\/v2\/media?parent=31102"}],"wp:term":[{"taxonomy":"category","embeddable":true,"href":"http:\/\/blogdalucianaoliveira.com.br\/blog\/wp-json\/wp\/v2\/categories?post=31102"},{"taxonomy":"post_tag","embeddable":true,"href":"http:\/\/blogdalucianaoliveira.com.br\/blog\/wp-json\/wp\/v2\/tags?post=31102"}],"curies":[{"name":"wp","href":"https:\/\/api.w.org\/{rel}","templated":true}]}}