{"id":31104,"date":"2021-03-10T10:02:32","date_gmt":"2021-03-10T14:02:32","guid":{"rendered":"http:\/\/blogdalucianaoliveira.com.br\/blog\/?p=31104"},"modified":"2021-03-10T10:02:37","modified_gmt":"2021-03-10T14:02:37","slug":"policiais-chamam-bolsonaro-de-traidor-e-ameacam-protestos-pelo-pais","status":"publish","type":"post","link":"http:\/\/blogdalucianaoliveira.com.br\/blog\/2021\/03\/10\/policiais-chamam-bolsonaro-de-traidor-e-ameacam-protestos-pelo-pais\/","title":{"rendered":"Policiais chamam Bolsonaro de traidor e amea\u00e7am protestos pelo pa\u00eds"},"content":{"rendered":"\n<figure class=\"wp-block-image\"><img data-recalc-dims=\"1\" decoding=\"async\" src=\"https:\/\/i0.wp.com\/publisher-publish.s3.eu-central-1.amazonaws.com\/pb-brasil247\/swp\/jtjeq9\/media\/20210310070356_85a1f29aedc5e963968a484ad5723da5b39869947e5e3c165a78c41add6b206c.jpg?w=600&#038;ssl=1\" alt=\"\"\/><\/figure>\n\n\n\n<p>Delegados, peritos, agentes da Pol\u00edcia Federal, policiais rodovi\u00e1rios federais e outras 20 carreiras da seguran\u00e7a p\u00fablica amea\u00e7am realizar protestos em cidades de todo pa\u00edse acusam Jair Bolsonaro de trai\u00e7\u00e3o<\/p>\n\n\n\n<!--more-->\n\n\n\n<p><br><strong>247 &#8211;<\/strong>\u00a0Delegados, peritos, agentes da Pol\u00edcia Federal, policiais rodovi\u00e1rios federais e outras 20 carreiras da seguran\u00e7a p\u00fablica amea\u00e7am realizar protestos em cidades de todo pa\u00eds na quarta-feira (10) e acusam Jair Bolsonaro de trai\u00e7\u00e3o.\u00a0<br><\/p>\n\n\n\n<p>Segundo&nbsp;<a target=\"_blank\" rel=\"noreferrer noopener\" href=\"https:\/\/www1.folha.uol.com.br\/colunas\/painel\/2021\/03\/policiais-chamam-bolsonaro-de-traidor-e-ameacam-protestos-pelo-pais-para-anunciar-desembarque-do-governo.shtml?utm_source=twitter&amp;utm_medium=social-media&amp;utm_content=geral&amp;utm_campaign=noticias\">reportagem&nbsp;<\/a>do jornal Folha de S.Paulo, integrantes da UPB (Uni\u00e3o dos Policiais do Brasil), os servidores se dizem tra\u00eddos pelo presidente Jair Bolsonaro, que teria prometido apoio aos pedidos das categorias para serem poupados de congelamentos na PEC Emergencial.<\/p>\n\n\n\n<p>Os policiais s\u00e3o proibidos de fazer greve, por isso, dizem eles, o plano \u00e9 realizar paralisa\u00e7\u00f5es ao longo do dia.<br><\/p>\n\n\n\n<p><\/p>\n","protected":false},"excerpt":{"rendered":"<p>Delegados, peritos, agentes da Pol\u00edcia Federal, policiais rodovi\u00e1rios federais e outras 20 carreiras da seguran\u00e7a p\u00fablica amea\u00e7am realizar protestos em cidades de todo pa\u00edse acusam Jair Bolsonaro de trai\u00e7\u00e3o<\/p>\n","protected":false},"author":1,"featured_media":0,"comment_status":"closed","ping_status":"open","sticky":false,"template":"","format":"standard","meta":{"_exactmetrics_skip_tracking":false,"_exactmetrics_sitenote_active":false,"_exactmetrics_sitenote_note":"","_exactmetrics_sitenote_category":0,"jetpack_post_was_ever_published":false,"_jetpack_newsletter_access":"","_jetpack_dont_email_post_to_subs":false,"_jetpack_newsletter_tier_id":0,"_jetpack_memberships_contains_paywalled_content":false,"_jetpack_memberships_contains_paid_content":false,"footnotes":"","jetpack_publicize_message":"","jetpack_publicize_feature_enabled":true,"jetpack_social_post_already_shared":true,"jetpack_social_options":{"image_generator_settings":{"template":"highway","enabled":false},"version":2}},"categories":[1],"tags":[],"class_list":["post-31104","post","type-post","status-publish","format-standard","hentry","category-notas"],"jetpack_publicize_connections":[],"jetpack_sharing_enabled":true,"jetpack_featured_media_url":"","jetpack_shortlink":"https:\/\/wp.me\/p7wKYW-85G","jetpack-related-posts":[],"_links":{"self":[{"href":"http:\/\/blogdalucianaoliveira.com.br\/blog\/wp-json\/wp\/v2\/posts\/31104","targetHints":{"allow":["GET"]}}],"collection":[{"href":"http:\/\/blogdalucianaoliveira.com.br\/blog\/wp-json\/wp\/v2\/posts"}],"about":[{"href":"http:\/\/blogdalucianaoliveira.com.br\/blog\/wp-json\/wp\/v2\/types\/post"}],"author":[{"embeddable":true,"href":"http:\/\/blogdalucianaoliveira.com.br\/blog\/wp-json\/wp\/v2\/users\/1"}],"replies":[{"embeddable":true,"href":"http:\/\/blogdalucianaoliveira.com.br\/blog\/wp-json\/wp\/v2\/comments?post=31104"}],"version-history":[{"count":1,"href":"http:\/\/blogdalucianaoliveira.com.br\/blog\/wp-json\/wp\/v2\/posts\/31104\/revisions"}],"predecessor-version":[{"id":31105,"href":"http:\/\/blogdalucianaoliveira.com.br\/blog\/wp-json\/wp\/v2\/posts\/31104\/revisions\/31105"}],"wp:attachment":[{"href":"http:\/\/blogdalucianaoliveira.com.br\/blog\/wp-json\/wp\/v2\/media?parent=31104"}],"wp:term":[{"taxonomy":"category","embeddable":true,"href":"http:\/\/blogdalucianaoliveira.com.br\/blog\/wp-json\/wp\/v2\/categories?post=31104"},{"taxonomy":"post_tag","embeddable":true,"href":"http:\/\/blogdalucianaoliveira.com.br\/blog\/wp-json\/wp\/v2\/tags?post=31104"}],"curies":[{"name":"wp","href":"https:\/\/api.w.org\/{rel}","templated":true}]}}