{"id":31106,"date":"2021-03-10T10:10:28","date_gmt":"2021-03-10T14:10:28","guid":{"rendered":"http:\/\/blogdalucianaoliveira.com.br\/blog\/?p=31106"},"modified":"2021-03-10T10:10:31","modified_gmt":"2021-03-10T14:10:31","slug":"na-construcao-da-ordem-global-pos-coronavirus-o-brasil-nao-esta-sentado-a-mesa","status":"publish","type":"post","link":"http:\/\/blogdalucianaoliveira.com.br\/blog\/2021\/03\/10\/na-construcao-da-ordem-global-pos-coronavirus-o-brasil-nao-esta-sentado-a-mesa\/","title":{"rendered":"Na constru\u00e7\u00e3o da ordem global p\u00f3s-coronav\u00edrus, o Brasil n\u00e3o est\u00e1 sentado \u00e0 mesa"},"content":{"rendered":"\n<figure class=\"wp-block-image\"><img data-recalc-dims=\"1\" decoding=\"async\" src=\"https:\/\/i0.wp.com\/imagens.brasil.elpais.com\/resizer\/zI2bN5Qk0lmEsNNn81l8CdlMOCk%3D\/1500x0\/cloudfront-eu-central-1.images.arcpublishing.com\/prisa\/AX6W2S2THKDQT553HQAAIORFBA.jpg?w=600&#038;ssl=1\" alt=\"Militante ind\u00edgena Tereza Arapium segura vacina durante protesto pelo Dia da Mulher, no Rio.\"\/><\/figure>\n\n\n\n<p>Visto como amea\u00e7a tanto no \u00e2mbito ambiental quanto no da sa\u00fade global, o pa\u00eds vive colapso in\u00e9dito da sua reputa\u00e7\u00e3o e influ\u00eancia<\/p>\n\n\n\n<!--more-->\n\n\n\n<p>El Pa\u00eds, <a href=\"https:\/\/brasil.elpais.com\/autor\/oliver-stuenkel\/\">OLIVER STUENKEL<\/a><br><\/p>\n\n\n\n<p>Cada Gera\u00e7\u00e3o vivencia momentos hist\u00f3ricos que transformam a pol\u00edtica global, fechando uma era ou abrindo um novo ciclo geopol\u00edtico. Eventos como o\u00a0<a rel=\"noreferrer noopener\" href=\"https:\/\/brasil.elpais.com\/brasil\/2019\/11\/05\/internacional\/1572983872_591316.html\" target=\"_blank\">colapso da Uni\u00e3o Sovi\u00e9tica<\/a>\u00a0e\u00a0<a rel=\"noreferrer noopener\" href=\"https:\/\/brasil.elpais.com\/opiniao\/2021-01-11\/como-o-fim-da-guerra-fria-contribuiu-para-a-atual-polarizacao-na-politica-dos-eua.html\" target=\"_blank\">o fim da Guerra Fria<\/a>, os\u00a0<a rel=\"noreferrer noopener\" href=\"https:\/\/brasil.elpais.com\/brasil\/2018\/09\/10\/album\/1536577621_182478.html\" target=\"_blank\">atentados do 11 de setembro<\/a>, a\u00a0<a rel=\"noreferrer noopener\" href=\"https:\/\/brasil.elpais.com\/economia\/2020-05-14\/diretor-da-omc-renuncia-em-meio-as-novas-tensoes-entre-eua-e-china.html\" target=\"_blank\">entrada da China na OMC<\/a>\u00a0e a\u00a0<a rel=\"noreferrer noopener\" href=\"https:\/\/brasil.elpais.com\/brasil\/2018\/09\/07\/internacional\/1536333092_303809.html\" target=\"_blank\">crise financeira global de 2008<\/a>\u00a0rearranjaram o tabuleiro global, tanto dando mais espa\u00e7o a pa\u00edses que conseguiram, por intelig\u00eancia estrat\u00e9gica ou mera sorte, se adaptar melhor \u00e0 nova realidade, quanto reduzindo a influ\u00eancia daqueles que n\u00e3o souberam aproveitar o novo contexto. Em momentos nos quais o mundo est\u00e1 em transi\u00e7\u00e3o, pa\u00edses com lideran\u00e7as bem-preparadas podem aproveitar para galgar posi\u00e7\u00f5es, enquanto outros correm o risco de perder relev\u00e2ncia.<\/p>\n\n\n\n<figure><iframe width=\"1\" height=\"1\"><\/iframe><\/figure>\n\n\n\n<p>Com a&nbsp;<a href=\"https:\/\/brasil.elpais.com\/noticias\/coronavirus\/\" target=\"_blank\" rel=\"noreferrer noopener\">pandemia do novo coronav\u00edrus<\/a>&nbsp;n\u00e3o ser\u00e1 diferente, e j\u00e1 se percebe que alguns pa\u00edses mostram-se mais \u00e1geis e resilientes no combate \u00e0 covid-19 do que outros. Enquanto Tail\u00e2ndia, Vietn\u00e3&nbsp;<a href=\"https:\/\/brasil.elpais.com\/icon\/2020-05-05\/e-se-as-mulheres-estiverem-administrando-esta-crise-muito-melhor-que-os-homens.html\" target=\"_blank\" rel=\"noreferrer noopener\">e Nova Zel\u00e2ndia<\/a>&nbsp;conseguiram evitar elevadas taxas de infec\u00e7\u00e3o, outros, como China e R\u00fassia,&nbsp;<a href=\"https:\/\/brasil.elpais.com\/internacional\/2021-02-25\/eua-manobram-para-reduzir-dependencia-da-china-em-setores-chave-da-economia.html\" target=\"_blank\" rel=\"noreferrer noopener\">est\u00e3o aumentando sua influ\u00eancia global<\/a>&nbsp;por meio da \u201cdiplomacia da vacina\u201d, oferecendo doses a pa\u00edses em desenvolvimento mesmo antes de completar a vacina\u00e7\u00e3o de suas pr\u00f3prias popula\u00e7\u00f5es.<\/p>\n\n\n\n<p>O Brasil, pelo que tudo indica, \u00e9 um dos grandes perdedores geopol\u00edticos do momento atual: n\u00e3o apenas saiu da lista das 10 maiores economias do mundo durante a pandemia, mas tamb\u00e9m vive um colapso in\u00e9dito de sua imagem&nbsp;<a href=\"https:\/\/brasil.elpais.com\/brasil\/2021-03-02\/brasil-busca-meios-de-driblar-bolsonaro-e-acelerar-vacinacao-contra-a-covid-19.html\" target=\"_blank\" rel=\"noreferrer noopener\">diante da estrat\u00e9gia negacionista de seu presidente<\/a>, abalando a confiabilidade que o pa\u00eds tinha entre seus tradicionais aliados. A reputa\u00e7\u00e3o brasileira de pa\u00eds com um dos maiores e melhores sistemas p\u00fablicos de sa\u00fade no mundo em desenvolvimento, arduamente constru\u00edda ao longo de anos, se desfez, ofuscada por um presidente que ocupa regularmente manchetes dos maiores jornais do planeta por seus ataques contra a ci\u00eancia.<\/p>\n\n\n\n<p>Ainda \u00e9 cedo para se ter uma no\u00e7\u00e3o clara de todas as consequ\u00eancias geopol\u00edticas da pandemia, mas algumas tend\u00eancias j\u00e1 se destacam. Tr\u00eas quest\u00f5es merecem aten\u00e7\u00e3o.<\/p>\n\n\n\n<p>Em primeiro lugar, n\u00e3o h\u00e1 d\u00favidas de que a&nbsp;<a href=\"https:\/\/brasil.elpais.com\/opiniao\/2021-02-08\/india-russia-e-china-reinventaram-a-economia-com-foco-na-saude-publica-para-a-covid-19-brasil-pode-fazer-o-mesmo.html\" target=\"_blank\" rel=\"noreferrer noopener\">sa\u00fade global se consolidar\u00e1 como um tema-chave<\/a>&nbsp;no \u00e2mbito multilateral, seja pelo fortalecimento da&nbsp;<a href=\"https:\/\/brasil.elpais.com\/noticias\/oms-organizacion-mundial-salud\/\" target=\"_blank\" rel=\"noreferrer noopener\">Organiza\u00e7\u00e3o Mundial da Sa\u00fade (OMS)<\/a>, seja pela cria\u00e7\u00e3o de uma estrutura nova para monitorar o surgimento de futuras pandemias e o desenvolvimento e a distribui\u00e7\u00e3o de outras vacinas. Al\u00e9m de se buscar prevenir e combater o surgimento de um novo v\u00edrus, cresce a&nbsp;<a href=\"https:\/\/brasil.elpais.com\/ciencia\/2020-08-30\/superbacterias-a-proxima-pandemia.html\" target=\"_blank\" rel=\"noreferrer noopener\">preocupa\u00e7\u00e3o com as chamadas&nbsp;<em>superbact\u00e9rias<\/em><\/a>, que resistem a antibi\u00f3ticos e poderiam, segundo estudo encomendado h\u00e1 alguns anos pelo governo brit\u00e2nico, matar milh\u00f5es de pessoas e \u201clevar a medicina \u00e0 era das trevas\u201d,&nbsp;<a href=\"https:\/\/www.bbc.com\/portuguese\/geral-36330413\" target=\"_blank\" rel=\"noreferrer noopener\">como disse Jim O\u2019Neill<\/a>, coordenador da pesquisa e criador do termo&nbsp;<a href=\"https:\/\/brasil.elpais.com\/noticias\/brics-brasil-rusia-india-china-sudafrica\/\" target=\"_blank\" rel=\"noreferrer noopener\">BRICS<\/a>. Tanto os principais fornecedores de vacinas quanto pa\u00edses que responderam melhor a pandemia devem liderar esse debate. O Brasil, que \u00e9 visto como uma amea\u00e7a global e um poss\u00edvel celeiro de variantes por n\u00e3o controlar a transmiss\u00e3o do v\u00edrus, dificilmente ter\u00e1 voz.<\/p>\n\n\n\n<p>Em segundo lugar, uma das tend\u00eancias mais transformadoras da pol\u00edtica global nos pr\u00f3ximos anos ser\u00e1 a influ\u00eancia do\u00a0<a rel=\"noreferrer noopener\" href=\"https:\/\/brasil.elpais.com\/sociedade\/2020-12-02\/antonio-guterres-estamos-em-guerra-com-a-natureza-e-e-preciso-fazer-as-pazes.html\" target=\"_blank\">enfrentamento da mudan\u00e7a do clima<\/a>\u00a0na pol\u00edtica externa das grandes pot\u00eancias \u2014inclusive da China. O\u00a0<a rel=\"noreferrer noopener\" href=\"https:\/\/www.economist.com\/international\/2021\/02\/28\/is-it-time-for-ecocide-to-become-an-international-crime\" target=\"_blank\">atual debate sobre o\u00a0<em>ecoc\u00eddio<\/em><\/a>\u00a0ser ou n\u00e3o considerado um crime internacional, como \u00e9 o caso do genoc\u00eddio, \u00e9 apenas o princ\u00edpio de uma transforma\u00e7\u00e3o que mudar\u00e1 a maneira como pa\u00edses pensam seus interesses nacionais e as principais amea\u00e7as que enfrentam. Enquanto lideran\u00e7as pol\u00edticas brasileiras e das For\u00e7as Armadas do Brasil se destacam pelo negacionismo, as For\u00e7as Armadas de outros pa\u00edses discutem o tema de maneira frequente h\u00e1 anos \u2014inclusive porque o\u00a0<a rel=\"noreferrer noopener\" href=\"https:\/\/brasil.elpais.com\/brasil\/2021-02-06\/70-dos-ultimos-surtos-epidemicos-comecaram-com-o-desmatamento.html\" target=\"_blank\">desmatamento pode aumentar o risco do surgimento de novas pandemias<\/a>. Da mesma forma que no debate sobre sa\u00fade global, o Brasil corre o risco de ser visto como amea\u00e7a pela comunidade internacional, reduzindo a possibilidade de tornar-se interlocutor qualificado, consolidando, assim, seu papel de p\u00e1ria.<\/p>\n\n\n\n<p>A terceira grande tend\u00eancia pol\u00edtica no mundo p\u00f3s-covid-19 ser\u00e1 a chegada da chamada&nbsp;<em>guerra tecnol\u00f3gica<\/em>&nbsp;\u2014a&nbsp;<a href=\"https:\/\/brasil.elpais.com\/internacional\/2020-07-27\/eua-x-china-cenarios-da-nova-guerra-fria.html\" target=\"_blank\" rel=\"noreferrer noopener\">competi\u00e7\u00e3o tecnol\u00f3gica global entre EUA e China<\/a>, que se tornou mais vis\u00edvel no Brasil depois de o Governo Bolsonaro sofrer press\u00e3o dos EUA para excluir a empresa chinesa Huawei entre as op\u00e7\u00f5es de fornecedores na constru\u00e7\u00e3o da rede 5G. A press\u00e3o norte-americana foi seguida de alertas de Pequim, para a qual tal posi\u00e7\u00e3o seria interpretada como um ato hostil ao governo chin\u00eas. Gerenciada de maneira perspicaz, a crescente atua\u00e7\u00e3o chinesa na Am\u00e9rica Latina poderia ajudar o Brasil na gest\u00e3o da rela\u00e7\u00e3o com os EUA e vice-versa. Afinal, sempre conv\u00e9m ter alternativas. Por\u00e9m, como as tens\u00f5es entre Pequim e Washington no \u00e2mbito tecnol\u00f3gico podem levar \u00e0 cria\u00e7\u00e3o de duas esferas tecnol\u00f3gicas, uma liderada pelos EUA e outra pela China, manter rela\u00e7\u00f5es amistosas demandar\u00e1 sofistica\u00e7\u00e3o diplom\u00e1tica por parte do Brasil. O Governo Bolsonaro, no entanto, escolheu o pior dos mundos: depois de Bolsonaro se posicionar publicamente a favor dos EUA,&nbsp;<a href=\"https:\/\/brasil.elpais.com\/brasil\/2021-01-28\/china-troca-insumos-para-vacinas-por-aceno-de-liberdade-para-huawei-no-leilao-do-5g-no-brasil.html\" target=\"_blank\" rel=\"noreferrer noopener\">viu-se obrigado a permitir, de \u00faltima hora, a participa\u00e7\u00e3o da Huawe<\/a>i na corrida pela rede 5G quando aumentou a press\u00e3o p\u00fablica por ganhar acesso a vacinas chinesas contra a covid-19. Tanto em Washington quanto em Pequim, observadores ficaram com a impress\u00e3o de que a atua\u00e7\u00e3o externa do governo Bolsonaro n\u00e3o se baseia em um planejamento estrat\u00e9gico, mas \u00e9 curto-prazista e imprevis\u00edvel. O presidente conseguiu a proeza de ter sa\u00eddo do epis\u00f3dio com a rela\u00e7\u00e3o abalada tanto com Washington quanto com Pequim.<\/p>\n\n\n\n<p>Em meio a essas transforma\u00e7\u00f5es que moldar\u00e3o os fundamentos da era p\u00f3s-pandemia, est\u00e1 nascendo uma ordem global diferente, produto de decis\u00f5es das principais lideran\u00e7as da atualidade. Enquanto os EUA pagavam um pre\u00e7o desproporcional por ter uma&nbsp;<a href=\"https:\/\/brasil.elpais.com\/internacional\/2020-07-07\/a-triste-sorte-dos-negacionistas-da-covid-19.html\" target=\"_blank\" rel=\"noreferrer noopener\">lideran\u00e7a incapaz de gerenciar a pandemia<\/a>&nbsp;at\u00e9 recentemente, a atual administra\u00e7\u00e3o j\u00e1 est\u00e1&nbsp;<a href=\"https:\/\/brasil.elpais.com\/internacional\/2021-01-27\/uma-analise-da-bateria-de-medidas-de-biden-na-casa-branca-moldadas-para-desfazer-legado-de-trump.html\" target=\"_blank\" rel=\"noreferrer noopener\">conseguindo conter os danos<\/a>, implementando um dos melhores programas de vacina\u00e7\u00e3o do mundo. No caso brasileiro, a troca do atual presidente em 2022 seria o primeiro passo para come\u00e7ar a controlar o preju\u00edzo e reverter o colapso in\u00e9dito da reputa\u00e7\u00e3o e influ\u00eancia brasileira no mundo.<\/p>\n\n\n\n<p><em><strong>Oliver Stuenkel<\/strong><\/em><em>&nbsp;\u00e9 doutor em Ci\u00eancias Pol\u00edtica e professor de Rela\u00e7\u00f5es Internacionais na FGV em S\u00e3o Paulo. \u00c9 o autor de&nbsp;<\/em>O Mundo P\u00f3s-Ocidental<em>&nbsp;(Zahar) e&nbsp;<\/em>BRICS e o Futuro da Ordem Global<em>&nbsp;(Paz e Terra). Twitter: @oliverstuenkel<\/em><br><\/p>\n","protected":false},"excerpt":{"rendered":"<p>Visto como amea\u00e7a tanto no \u00e2mbito ambiental quanto no da sa\u00fade global, o pa\u00eds vive colapso in\u00e9dito da sua reputa\u00e7\u00e3o e influ\u00eancia<\/p>\n","protected":false},"author":1,"featured_media":0,"comment_status":"closed","ping_status":"open","sticky":false,"template":"","format":"standard","meta":{"_exactmetrics_skip_tracking":false,"_exactmetrics_sitenote_active":false,"_exactmetrics_sitenote_note":"","_exactmetrics_sitenote_category":0,"jetpack_post_was_ever_published":false,"_jetpack_newsletter_access":"","_jetpack_dont_email_post_to_subs":false,"_jetpack_newsletter_tier_id":0,"_jetpack_memberships_contains_paywalled_content":false,"_jetpack_memberships_contains_paid_content":false,"footnotes":"","jetpack_publicize_message":"","jetpack_publicize_feature_enabled":true,"jetpack_social_post_already_shared":true,"jetpack_social_options":{"image_generator_settings":{"template":"highway","enabled":false},"version":2}},"categories":[1],"tags":[],"class_list":["post-31106","post","type-post","status-publish","format-standard","hentry","category-notas"],"jetpack_publicize_connections":[],"jetpack_sharing_enabled":true,"jetpack_featured_media_url":"","jetpack_shortlink":"https:\/\/wp.me\/p7wKYW-85I","jetpack-related-posts":[],"_links":{"self":[{"href":"http:\/\/blogdalucianaoliveira.com.br\/blog\/wp-json\/wp\/v2\/posts\/31106","targetHints":{"allow":["GET"]}}],"collection":[{"href":"http:\/\/blogdalucianaoliveira.com.br\/blog\/wp-json\/wp\/v2\/posts"}],"about":[{"href":"http:\/\/blogdalucianaoliveira.com.br\/blog\/wp-json\/wp\/v2\/types\/post"}],"author":[{"embeddable":true,"href":"http:\/\/blogdalucianaoliveira.com.br\/blog\/wp-json\/wp\/v2\/users\/1"}],"replies":[{"embeddable":true,"href":"http:\/\/blogdalucianaoliveira.com.br\/blog\/wp-json\/wp\/v2\/comments?post=31106"}],"version-history":[{"count":1,"href":"http:\/\/blogdalucianaoliveira.com.br\/blog\/wp-json\/wp\/v2\/posts\/31106\/revisions"}],"predecessor-version":[{"id":31107,"href":"http:\/\/blogdalucianaoliveira.com.br\/blog\/wp-json\/wp\/v2\/posts\/31106\/revisions\/31107"}],"wp:attachment":[{"href":"http:\/\/blogdalucianaoliveira.com.br\/blog\/wp-json\/wp\/v2\/media?parent=31106"}],"wp:term":[{"taxonomy":"category","embeddable":true,"href":"http:\/\/blogdalucianaoliveira.com.br\/blog\/wp-json\/wp\/v2\/categories?post=31106"},{"taxonomy":"post_tag","embeddable":true,"href":"http:\/\/blogdalucianaoliveira.com.br\/blog\/wp-json\/wp\/v2\/tags?post=31106"}],"curies":[{"name":"wp","href":"https:\/\/api.w.org\/{rel}","templated":true}]}}