{"id":31110,"date":"2021-03-10T12:26:57","date_gmt":"2021-03-10T16:26:57","guid":{"rendered":"http:\/\/blogdalucianaoliveira.com.br\/blog\/?p=31110"},"modified":"2021-03-10T12:27:03","modified_gmt":"2021-03-10T16:27:03","slug":"lula-nao-sigam-nenhuma-recomendacao-imbecil-do-presidente-tomem-vacina","status":"publish","type":"post","link":"http:\/\/blogdalucianaoliveira.com.br\/blog\/2021\/03\/10\/lula-nao-sigam-nenhuma-recomendacao-imbecil-do-presidente-tomem-vacina\/","title":{"rendered":"Lula: n\u00e3o sigam nenhuma recomenda\u00e7\u00e3o imbecil do presidente, tomem vacina"},"content":{"rendered":"\n<figure class=\"wp-block-image size-large\"><img loading=\"lazy\" decoding=\"async\" width=\"1250\" height=\"600\" data-attachment-id=\"31111\" data-permalink=\"http:\/\/blogdalucianaoliveira.com.br\/blog\/2021\/03\/10\/lula-nao-sigam-nenhuma-recomendacao-imbecil-do-presidente-tomem-vacina\/197a5ee5-e110-4d52-9904-aa9037a98fac\/\" data-orig-file=\"https:\/\/i0.wp.com\/blogdalucianaoliveira.com.br\/blog\/wp-content\/uploads\/2021\/03\/197A5EE5-E110-4D52-9904-AA9037A98FAC.jpeg?fit=1250%2C600\" data-orig-size=\"1250,600\" data-comments-opened=\"0\" data-image-meta=\"{&quot;aperture&quot;:&quot;0&quot;,&quot;credit&quot;:&quot;&quot;,&quot;camera&quot;:&quot;&quot;,&quot;caption&quot;:&quot;&quot;,&quot;created_timestamp&quot;:&quot;0&quot;,&quot;copyright&quot;:&quot;&quot;,&quot;focal_length&quot;:&quot;0&quot;,&quot;iso&quot;:&quot;0&quot;,&quot;shutter_speed&quot;:&quot;0&quot;,&quot;title&quot;:&quot;&quot;,&quot;orientation&quot;:&quot;0&quot;}\" data-image-title=\"197A5EE5-E110-4D52-9904-AA9037A98FAC\" data-image-description=\"\" data-image-caption=\"\" data-medium-file=\"https:\/\/i0.wp.com\/blogdalucianaoliveira.com.br\/blog\/wp-content\/uploads\/2021\/03\/197A5EE5-E110-4D52-9904-AA9037A98FAC.jpeg?fit=300%2C144\" data-large-file=\"https:\/\/i0.wp.com\/blogdalucianaoliveira.com.br\/blog\/wp-content\/uploads\/2021\/03\/197A5EE5-E110-4D52-9904-AA9037A98FAC.jpeg?fit=600%2C288\" src=\"https:\/\/i0.wp.com\/blogdalucianaoliveira.com.br\/blog\/wp-content\/uploads\/2021\/03\/197A5EE5-E110-4D52-9904-AA9037A98FAC.jpeg?fit=600%2C288\" alt=\"\" class=\"wp-image-31111\" srcset=\"https:\/\/i0.wp.com\/blogdalucianaoliveira.com.br\/blog\/wp-content\/uploads\/2021\/03\/197A5EE5-E110-4D52-9904-AA9037A98FAC.jpeg?w=1250 1250w, https:\/\/i0.wp.com\/blogdalucianaoliveira.com.br\/blog\/wp-content\/uploads\/2021\/03\/197A5EE5-E110-4D52-9904-AA9037A98FAC.jpeg?resize=300%2C144 300w, https:\/\/i0.wp.com\/blogdalucianaoliveira.com.br\/blog\/wp-content\/uploads\/2021\/03\/197A5EE5-E110-4D52-9904-AA9037A98FAC.jpeg?resize=1024%2C492 1024w, https:\/\/i0.wp.com\/blogdalucianaoliveira.com.br\/blog\/wp-content\/uploads\/2021\/03\/197A5EE5-E110-4D52-9904-AA9037A98FAC.jpeg?resize=768%2C369 768w, https:\/\/i0.wp.com\/blogdalucianaoliveira.com.br\/blog\/wp-content\/uploads\/2021\/03\/197A5EE5-E110-4D52-9904-AA9037A98FAC.jpeg?resize=625%2C300 625w, https:\/\/i0.wp.com\/blogdalucianaoliveira.com.br\/blog\/wp-content\/uploads\/2021\/03\/197A5EE5-E110-4D52-9904-AA9037A98FAC.jpeg?w=1200 1200w\" sizes=\"auto, (max-width: 600px) 100vw, 600px\" \/><\/figure>\n\n\n\n<p><em><strong>247 &#8211;<\/strong><\/em><em>&nbsp;<\/em>O ex-presidente Luiz In\u00e1cio Lula da Silva fez um duro alerta sobre o cen\u00e1rio desastroso de neglig\u00eancia que o pa\u00eds enfrenta, nas m\u00e3os de Jair Bolsonaro, com a &nbsp;neglig\u00eancia no combate \u00e0 pandemia. \u201cN\u00e3o siga nenhuma recomenda\u00e7\u00e3o imbecil do presidente\u201d, defendeu Lula, ressaltando a import\u00e2ncia da vacina\u00e7\u00e3o contra o v\u00edrus.<\/p>\n\n\n\n<!--more-->\n\n\n\n<p>Ele concede entrevista coletiva nesta manh\u00e3 na sede do Sindicato dos Matal\u00fargicos do ABC, transmitida pela TV 247, dois dias ap\u00f3s a<a href=\"https:\/\/www.brasil247.com\/brasil\/lula-agradece-fachin-pela-anulacao-dos-processos-e-diz-que-foi-feita-justica-mesmo-muito-tempo-depois\">&nbsp;decis\u00e3o de Fachin<\/a>&nbsp;e um dia depois de o Supremo avan\u00e7ar no julgamento sobre a suspei\u00e7\u00e3o do juiz Sergio Moro ao julgar o petista.&nbsp;<a href=\"https:\/\/www.brasil247.com\/poder\/stf-encerra-sessao-com-2-a-2-pela-suspeicao-de-moro-e-pedido-de-vista-por-kassio-marques\" target=\"_blank\" rel=\"noreferrer noopener\">A sess\u00e3o foi suspensa pelo pedido de vista do ministro Nunes Marques.<\/a><\/p>\n\n\n\n<p>\u201cAs mortes est\u00e3o sendo naturalizadas, a gente escuta isso o tempo todo quando iga a TV, mas eram mortes que poderiam ser evitadas, se tiv\u00e9ssemos um governo que fizesse o elementar\u201d, defendeu o petista.\u00a0<br><\/p>\n\n\n\n<p>Em sua vis\u00e3o, \u201cgovernar \u00e9 a arte de saber tomar decis\u00f5es\u201d. Bolsonaro teria que ter criado um comit\u00ea de crise, envolvendo minist\u00e9rio da Sa\u00fade, secret\u00e1rios dos estados, cientistas e toda semana orientar a sociedade brasileira do que fazer\u201d, acrescentou.&nbsp;<\/p>\n\n\n\n<p>Lula ainda relembrou que o Brasil teve v\u00e1rias oportunidades de imunizar a popula\u00e7\u00e3o. \u201cForam v\u00e1rias vacinas rejeitadas, \u00a0rejeitou a pfizer, e inventou cloroquina\u201d, lamentou.\u00a0<br><\/p>\n\n\n\n<p>O petista tamb\u00e9m disse que o Brasil vive um momento ca\u00f3tico. \u201cN\u00e3o temos governo neste pa\u00eds! N\u00e3o cuida da econ\u00f4mica, do emprego, da sa\u00fade, do meio ambiente\u201d, destacou.<\/p>\n","protected":false},"excerpt":{"rendered":"<p>247 &#8211;&nbsp;O ex-presidente Luiz In\u00e1cio Lula da Silva fez um duro alerta sobre o cen\u00e1rio desastroso de neglig\u00eancia que o pa\u00eds enfrenta, nas m\u00e3os de Jair Bolsonaro, com a &nbsp;neglig\u00eancia no combate \u00e0 pandemia. \u201cN\u00e3o siga nenhuma recomenda\u00e7\u00e3o imbecil do presidente\u201d, defendeu Lula, ressaltando a import\u00e2ncia da vacina\u00e7\u00e3o contra o v\u00edrus.<\/p>\n","protected":false},"author":1,"featured_media":0,"comment_status":"closed","ping_status":"open","sticky":false,"template":"","format":"standard","meta":{"_exactmetrics_skip_tracking":false,"_exactmetrics_sitenote_active":false,"_exactmetrics_sitenote_note":"","_exactmetrics_sitenote_category":0,"jetpack_post_was_ever_published":false,"_jetpack_newsletter_access":"","_jetpack_dont_email_post_to_subs":false,"_jetpack_newsletter_tier_id":0,"_jetpack_memberships_contains_paywalled_content":false,"_jetpack_memberships_contains_paid_content":false,"footnotes":"","jetpack_publicize_message":"","jetpack_publicize_feature_enabled":true,"jetpack_social_post_already_shared":true,"jetpack_social_options":{"image_generator_settings":{"template":"highway","enabled":false},"version":2}},"categories":[1],"tags":[],"class_list":["post-31110","post","type-post","status-publish","format-standard","hentry","category-notas"],"jetpack_publicize_connections":[],"jetpack_sharing_enabled":true,"jetpack_featured_media_url":"","jetpack_shortlink":"https:\/\/wp.me\/p7wKYW-85M","jetpack-related-posts":[],"_links":{"self":[{"href":"http:\/\/blogdalucianaoliveira.com.br\/blog\/wp-json\/wp\/v2\/posts\/31110","targetHints":{"allow":["GET"]}}],"collection":[{"href":"http:\/\/blogdalucianaoliveira.com.br\/blog\/wp-json\/wp\/v2\/posts"}],"about":[{"href":"http:\/\/blogdalucianaoliveira.com.br\/blog\/wp-json\/wp\/v2\/types\/post"}],"author":[{"embeddable":true,"href":"http:\/\/blogdalucianaoliveira.com.br\/blog\/wp-json\/wp\/v2\/users\/1"}],"replies":[{"embeddable":true,"href":"http:\/\/blogdalucianaoliveira.com.br\/blog\/wp-json\/wp\/v2\/comments?post=31110"}],"version-history":[{"count":1,"href":"http:\/\/blogdalucianaoliveira.com.br\/blog\/wp-json\/wp\/v2\/posts\/31110\/revisions"}],"predecessor-version":[{"id":31112,"href":"http:\/\/blogdalucianaoliveira.com.br\/blog\/wp-json\/wp\/v2\/posts\/31110\/revisions\/31112"}],"wp:attachment":[{"href":"http:\/\/blogdalucianaoliveira.com.br\/blog\/wp-json\/wp\/v2\/media?parent=31110"}],"wp:term":[{"taxonomy":"category","embeddable":true,"href":"http:\/\/blogdalucianaoliveira.com.br\/blog\/wp-json\/wp\/v2\/categories?post=31110"},{"taxonomy":"post_tag","embeddable":true,"href":"http:\/\/blogdalucianaoliveira.com.br\/blog\/wp-json\/wp\/v2\/tags?post=31110"}],"curies":[{"name":"wp","href":"https:\/\/api.w.org\/{rel}","templated":true}]}}