{"id":31113,"date":"2021-03-10T12:32:01","date_gmt":"2021-03-10T16:32:01","guid":{"rendered":"http:\/\/blogdalucianaoliveira.com.br\/blog\/?p=31113"},"modified":"2021-03-10T12:32:07","modified_gmt":"2021-03-10T16:32:07","slug":"lula-eu-tenho-certeza-que-o-moro-esta-sofrendo-muito-mais-do-que-eu-sofri","status":"publish","type":"post","link":"http:\/\/blogdalucianaoliveira.com.br\/blog\/2021\/03\/10\/lula-eu-tenho-certeza-que-o-moro-esta-sofrendo-muito-mais-do-que-eu-sofri\/","title":{"rendered":"Lula: &#8220;Eu tenho certeza que o Moro est\u00e1 sofrendo muito mais do que eu sofri&#8221;"},"content":{"rendered":"\n<figure class=\"wp-block-image size-large\"><img data-recalc-dims=\"1\" loading=\"lazy\" decoding=\"async\" width=\"600\" height=\"400\" data-attachment-id=\"31114\" data-permalink=\"http:\/\/blogdalucianaoliveira.com.br\/blog\/2021\/03\/10\/lula-eu-tenho-certeza-que-o-moro-esta-sofrendo-muito-mais-do-que-eu-sofri\/e1f0ac89-1743-4501-926f-8b9c2fbca5a1\/\" data-orig-file=\"https:\/\/i0.wp.com\/blogdalucianaoliveira.com.br\/blog\/wp-content\/uploads\/2021\/03\/E1F0AC89-1743-4501-926F-8B9C2FBCA5A1.jpeg?fit=800%2C533\" data-orig-size=\"800,533\" data-comments-opened=\"0\" data-image-meta=\"{&quot;aperture&quot;:&quot;0&quot;,&quot;credit&quot;:&quot;&quot;,&quot;camera&quot;:&quot;&quot;,&quot;caption&quot;:&quot;&quot;,&quot;created_timestamp&quot;:&quot;0&quot;,&quot;copyright&quot;:&quot;&quot;,&quot;focal_length&quot;:&quot;0&quot;,&quot;iso&quot;:&quot;0&quot;,&quot;shutter_speed&quot;:&quot;0&quot;,&quot;title&quot;:&quot;&quot;,&quot;orientation&quot;:&quot;0&quot;}\" data-image-title=\"E1F0AC89-1743-4501-926F-8B9C2FBCA5A1\" data-image-description=\"\" data-image-caption=\"\" data-medium-file=\"https:\/\/i0.wp.com\/blogdalucianaoliveira.com.br\/blog\/wp-content\/uploads\/2021\/03\/E1F0AC89-1743-4501-926F-8B9C2FBCA5A1.jpeg?fit=300%2C200\" data-large-file=\"https:\/\/i0.wp.com\/blogdalucianaoliveira.com.br\/blog\/wp-content\/uploads\/2021\/03\/E1F0AC89-1743-4501-926F-8B9C2FBCA5A1.jpeg?fit=600%2C400\" src=\"https:\/\/i0.wp.com\/blogdalucianaoliveira.com.br\/blog\/wp-content\/uploads\/2021\/03\/E1F0AC89-1743-4501-926F-8B9C2FBCA5A1.jpeg?resize=600%2C400\" alt=\"\" class=\"wp-image-31114\" srcset=\"https:\/\/i0.wp.com\/blogdalucianaoliveira.com.br\/blog\/wp-content\/uploads\/2021\/03\/E1F0AC89-1743-4501-926F-8B9C2FBCA5A1.jpeg?w=800 800w, https:\/\/i0.wp.com\/blogdalucianaoliveira.com.br\/blog\/wp-content\/uploads\/2021\/03\/E1F0AC89-1743-4501-926F-8B9C2FBCA5A1.jpeg?resize=300%2C200 300w, https:\/\/i0.wp.com\/blogdalucianaoliveira.com.br\/blog\/wp-content\/uploads\/2021\/03\/E1F0AC89-1743-4501-926F-8B9C2FBCA5A1.jpeg?resize=768%2C512 768w, https:\/\/i0.wp.com\/blogdalucianaoliveira.com.br\/blog\/wp-content\/uploads\/2021\/03\/E1F0AC89-1743-4501-926F-8B9C2FBCA5A1.jpeg?resize=450%2C300 450w\" sizes=\"auto, (max-width: 600px) 100vw, 600px\" \/><\/figure>\n\n\n\n<h4 class=\"wp-block-heading\">No Sindicato dos Metal\u00fargicos, o ex-presidente tamb\u00e9m atacou Bolsonaro. &#8220;O Brasil n\u00e3o \u00e9 dele e dos milicianos&#8221;<\/h4>\n\n\n\n<!--more-->\n\n\n\n<p>Geisa Marques, Leandro Melito e Igor Carvalho<\/p>\n\n\n\n<p>Brasil de Fato | S\u00e3o Paulo (SP) |<\/p>\n\n\n\n<p>No sede do Sindicato dos Metal\u00fargicos do ABC, em S\u00e3o Bernardo do Campo, o ex-presidente Luiz In\u00e1cio Lula da Silva fez seu&nbsp;<a href=\"https:\/\/www.brasildefato.com.br\/2021\/03\/10\/apos-se-tornar-elegivel-em-22-lula-fala-ao-pais-nesta-quarta-as-11h-assista-aqui\" target=\"_blank\" rel=\"noreferrer noopener\">primeiro pronunciamento<\/a>, ap\u00f3s a anula\u00e7\u00e3o das senten\u00e7as contra o petista&nbsp;emitidas pela 13\u00aa Vara Federal de Curitiba, no Paran\u00e1,&nbsp;<a href=\"https:\/\/www.brasildefato.com.br\/2021\/03\/09\/entenda-a-decisao-que-anula-condenacoes-de-lula-e-como-fica-o-jogo-politico-no-brasil\" target=\"_blank\" rel=\"noreferrer noopener\">determinado&nbsp;<\/a>pelo ministro Edson Fachin, do Supremo Tribunal Federal (STF),&nbsp;e atacou o ex-juiz S\u00e9rgio Moro, respons\u00e1vel pelos julgamentos da opera\u00e7\u00e3o Lava jato.&nbsp;<\/p>\n\n\n\n<p>&#8220;N\u00f3s vamos continuar lutando para que o Moro seja considerado suspeito. Ele&nbsp;n\u00e3o tem o direito de se transformar no maior mentiroso da hist\u00f3ria do Brasil e se tornar her\u00f3i.&nbsp;Deus de barro n\u00e3o dura muito tempo. Eu tenho certeza que hoje, ele deve estar sofrendo muito mais do que eu sofri&#8221;, apontou o ex-presidente, que acusou a m\u00eddia de ter &#8220;firmado um pacto&#8221; com a Lava jato.&nbsp;<\/p>\n\n\n\n<p>Lula afirmou, ainda, que foi &#8220;v\u00edtima da maior mentira jur\u00eddica, contada em 500 anos de hist\u00f3ria&#8221; e lembrou de Marisa Let\u00edcia, sua ex-companheira, que morreu em 3 de fevereiro de 2017.<\/p>\n\n\n\n<p>&#8220;Ela&nbsp;morreu por press\u00e3o, o AVC se apressou. Eu fui proibido at\u00e9 de visitar meu irm\u00e3o num caix\u00e3o. Ent\u00e3o, se tem brasileiro que tem raz\u00e3o de ter muitas e profundas m\u00e1goas, sou eu. Mas n\u00e3o tenho. Sinceramente, eu n\u00e3o tenho. Porque o sofrimento que o povo brasileiro est\u00e1 passando, que as pessoas pobres est\u00e3o passando nesse pa\u00eds, \u00e9 infinitamente maior que qualquer crime que cometeram contra mim.&#8221;&nbsp;<\/p>\n\n\n\n<p>O ex-presidente falou que est\u00e1 aliviado&nbsp;com a decis\u00e3o publicada pelo STF. &#8220;Anteontem, foi um dia gratificante. Sou agradecido ao ministro Fachin, porque ele cumpriu uma decis\u00e3o que a gente pedia desde 2016. Ele cumpriu, 5 anos depois, uma coisa que ele colocava desde 2016. A quadrilha de procuradores da for\u00e7a da tarefa e Moro entendiam que a \u00fanica forma de me pegar era me levar pra Lava Jato porque eles queriam criar um partido pol\u00edtico e tentar me criminalizar.&#8221;<\/p>\n\n\n\n<h4 class=\"wp-block-heading\"><em><strong>O sofrimento que o povo brasileiro est\u00e1 passando, que as pessoas pobres est\u00e3o passando nesse pa\u00eds, \u00e9 infinitamente maior que qualquer crime que cometeram contra mim.<\/strong><\/em><\/h4>\n\n\n\n<p>Cr\u00edticas ao governo<\/p>\n\n\n\n<p>O governo do presidente Jair Bolsonaro (sem partido) foi criticado por Lula. &#8220;Eu preciso falar com voc\u00eas sobre a situa\u00e7\u00e3o desse pa\u00eds. Seria um erro de minha parte n\u00e3o falar que o Brasil n\u00e3o precisava passar por isso&#8221;.&nbsp;<\/p>\n\n\n\n<p>&#8220;Muita gente est\u00e1 sofrendo. Por isso quero prestar a minha solidariedade \u00e0s v\u00edtimas do coronav\u00edrus e ao pessoal da Sa\u00fade. Mas sobretudo, os her\u00f3is e hero\u00ednas do SUS, que foram descredenciados politicamente. Se n\u00e3o fosse o SUS, ter\u00edamos perdido muito mais gente para o coronav\u00edrus.&#8221;<\/p>\n\n\n\n<p>O ex-presidente pediu que os brasileiros tomem os imunizantes contra a Covid-19.&nbsp;&#8220;N\u00e3o siga nenhuma decis\u00e3o imbecil do presidente da Rep\u00fablica ou do ministro da Sa\u00fade. Tomem vacina&#8221;. &#8220;N\u00f3s temos um presidente que falava que quem tem medo de coronav\u00edrus era &#8216;marica&#8217;, que era uma &#8216;gripezinha&#8217;, que ele era ex-atleta e n\u00e3o pegaria. Esse n\u00e3o \u00e9 o papel de um presidente.&#8221;&nbsp;<\/p>\n\n\n\n<p>Lula subiu o tom e seguiu criticando Bolsonaro. &#8220;Ele n\u00e3o sabe o que \u00e9 ser presidente. Ele, a vida inteira, n\u00e3o foi nada, n\u00e3o foi nem capit\u00e3o, era tenente. Depois que ele se aposentou, nunca mais fez nada na vida, foi vereador e deputado.&nbsp;Exerceu o mandato e conseguiu passar a ideia de que n\u00e3o era pol\u00edtico. Durante 32 anos, ele n\u00e3o fez nada. Esse pa\u00eds n\u00e3o tem governo, n\u00e3o cuida da Economia, do emprego, do sal\u00e1rio, da Sa\u00fade, do Meio Ambiente, da Educa\u00e7\u00e3o e n\u00e3o cuida do jovem na periferia. Ou seja, do que eles cuidam?&#8221;, perguntou.&nbsp;<\/p>\n\n\n\n<p>O tombo de 4,1% do Produto Interno Bruto (PIB) em 2020, que tirou o Brasil das dez maiores economia do mundo, agora ocupa a 12\u00aa posi\u00e7\u00e3o, foi lembrada pelo petista.&nbsp;&#8220;Esse pa\u00eds, que no tempo em que o PT governava, chegou a ser a sexta economia do mundo. Em Copenhagen eu&nbsp;brincava com a Fran\u00e7a e a Inglaterra: &#8216;Se preparem, n\u00f3s j\u00e1 passamos voc\u00eas, agora eu quero passar a Alemanha&#8217;. O Brasil n\u00e3o nasceu para pensar pequeno, nasceu para ser grande. N\u00f3s \u00e9ramos um pa\u00eds altamente respeitado. Na China, na Alemanha ou nos Estados Unidos da Am\u00e9rica do Norte. Esse pa\u00eds tinha um projeto. O que esse pa\u00eds tem hoje?&#8221;<\/p>\n\n\n\n<h2 class=\"wp-block-heading\"><em><strong>Ele n\u00e3o sabe o que \u00e9 ser presidente. Ele, a vida inteira, n\u00e3o foi nada.<\/strong><\/em><\/h2>\n\n\n\n<p>Gracias<\/p>\n\n\n\n<p>Lula ofereceu parte de seu pronunciamento aos agradecimentos por apoios que recebeu durante o per\u00edodo em que foi julgado e que estava detido na carceragem da Pol\u00edcia Federal, em Curitiba, no Paran\u00e1.&nbsp;<\/p>\n\n\n\n<p>&#8220;A cadeia n\u00e3o foi o sofrimento que eu esperava que fosse. N\u00e3o sei se algu\u00e9m na hist\u00f3ria teve tanto apoio. Ent\u00e3o, eu tenho que agradecer o movimento sindical e ao movimento sem-terra&#8221;, apontou o ex-presidente, lembrando da&nbsp;<a href=\"https:\/\/www.brasildefatopr.com.br\/2020\/11\/09\/um-ano-depois-quais-foram-os-aprendizados-da-vigilia-lula-livre\" target=\"_blank\" rel=\"noreferrer noopener\">vig\u00edlia<\/a>que acompanhou seu tempo de c\u00e1rcere, na frente da pris\u00e3o.<\/p>\n\n\n\n<p>A Argentina teve especial aten\u00e7\u00e3o de Lula. &#8220;N\u00e3o poderia deixar de agradecer ao<a href=\"https:\/\/www.brasildefato.com.br\/2019\/07\/03\/favorito-a-presidencia-da-argentina-alberto-fernandez-visitara-lula-em-curitiba\" target=\"_blank\" rel=\"noreferrer noopener\">&nbsp;presidente Alberto Fernandez<\/a>, que teve a dec\u00eancia, contra a extrema direita, ele teve a coragem de ir \u00e0 Pol\u00edcia Federal em Curitiba para a me visitar. At\u00e9 pedi pra ele n\u00e3o dar entrevista pra n\u00e3o ser prejudicado. Ele me disse: &#8216;Lula, n\u00e3o tenho nenhum problema com o que a direita vai falar,&nbsp;vim aqui ser solid\u00e1rio com voc\u00ea que est\u00e1 vivendo a maior injusti\u00e7a pol\u00edtica j\u00e1 praticada na Am\u00e9rica Latina.&#8221;<\/p>\n\n\n\n<p>Em seguida, Lula lembrou de outro argentino. &#8220;Meus agradecimentos ao nosso querido Papa Francisco. N\u00e3o s\u00f3 porque ele mandou uma pessoa me visitar em Curitiba, me entregar uma carta, que a Pol\u00edcia Federal n\u00e3o deixou entrar, e depois eu recebi a carta do Papa, al\u00e9m dos belos pronunciamento do papa em v\u00e1rios momentos.&#8221;<\/p>\n\n\n\n<p>Outros l\u00edderes pol\u00edticos tamb\u00e9m foram citados. &#8220;Eu n\u00e3o poderia deixar de citar o companheiro Pepe Mujica. Tamb\u00e9m n\u00e3o posso deixar de agradecer o senador Bernie Sanders e \u00e0 prefeita de Paris, a companheira Ana Hidalgo, que me recebeu durante as elei\u00e7\u00f5es&#8221;, lembrou.&nbsp;<\/p>\n\n\n\n<p>Edi\u00e7\u00e3o: Rodrigo Chagas<\/p>\n","protected":false},"excerpt":{"rendered":"<p>No Sindicato dos Metal\u00fargicos, o ex-presidente tamb\u00e9m atacou Bolsonaro. &#8220;O Brasil n\u00e3o \u00e9 dele e dos milicianos&#8221;<\/p>\n","protected":false},"author":1,"featured_media":0,"comment_status":"closed","ping_status":"open","sticky":false,"template":"","format":"standard","meta":{"_exactmetrics_skip_tracking":false,"_exactmetrics_sitenote_active":false,"_exactmetrics_sitenote_note":"","_exactmetrics_sitenote_category":0,"jetpack_post_was_ever_published":false,"_jetpack_newsletter_access":"","_jetpack_dont_email_post_to_subs":false,"_jetpack_newsletter_tier_id":0,"_jetpack_memberships_contains_paywalled_content":false,"_jetpack_memberships_contains_paid_content":false,"footnotes":"","jetpack_publicize_message":"","jetpack_publicize_feature_enabled":true,"jetpack_social_post_already_shared":true,"jetpack_social_options":{"image_generator_settings":{"template":"highway","enabled":false},"version":2}},"categories":[1],"tags":[],"class_list":["post-31113","post","type-post","status-publish","format-standard","hentry","category-notas"],"jetpack_publicize_connections":[],"jetpack_sharing_enabled":true,"jetpack_featured_media_url":"","jetpack_shortlink":"https:\/\/wp.me\/p7wKYW-85P","jetpack-related-posts":[],"_links":{"self":[{"href":"http:\/\/blogdalucianaoliveira.com.br\/blog\/wp-json\/wp\/v2\/posts\/31113","targetHints":{"allow":["GET"]}}],"collection":[{"href":"http:\/\/blogdalucianaoliveira.com.br\/blog\/wp-json\/wp\/v2\/posts"}],"about":[{"href":"http:\/\/blogdalucianaoliveira.com.br\/blog\/wp-json\/wp\/v2\/types\/post"}],"author":[{"embeddable":true,"href":"http:\/\/blogdalucianaoliveira.com.br\/blog\/wp-json\/wp\/v2\/users\/1"}],"replies":[{"embeddable":true,"href":"http:\/\/blogdalucianaoliveira.com.br\/blog\/wp-json\/wp\/v2\/comments?post=31113"}],"version-history":[{"count":1,"href":"http:\/\/blogdalucianaoliveira.com.br\/blog\/wp-json\/wp\/v2\/posts\/31113\/revisions"}],"predecessor-version":[{"id":31115,"href":"http:\/\/blogdalucianaoliveira.com.br\/blog\/wp-json\/wp\/v2\/posts\/31113\/revisions\/31115"}],"wp:attachment":[{"href":"http:\/\/blogdalucianaoliveira.com.br\/blog\/wp-json\/wp\/v2\/media?parent=31113"}],"wp:term":[{"taxonomy":"category","embeddable":true,"href":"http:\/\/blogdalucianaoliveira.com.br\/blog\/wp-json\/wp\/v2\/categories?post=31113"},{"taxonomy":"post_tag","embeddable":true,"href":"http:\/\/blogdalucianaoliveira.com.br\/blog\/wp-json\/wp\/v2\/tags?post=31113"}],"curies":[{"name":"wp","href":"https:\/\/api.w.org\/{rel}","templated":true}]}}