{"id":31119,"date":"2021-03-11T06:00:44","date_gmt":"2021-03-11T10:00:44","guid":{"rendered":"http:\/\/blogdalucianaoliveira.com.br\/blog\/?p=31119"},"modified":"2021-03-11T06:00:47","modified_gmt":"2021-03-11T10:00:47","slug":"lula-da-o-tom-e-define-o-ritmo-bolsonaro-vai-ter-que-aprender-a-dancar","status":"publish","type":"post","link":"http:\/\/blogdalucianaoliveira.com.br\/blog\/2021\/03\/11\/lula-da-o-tom-e-define-o-ritmo-bolsonaro-vai-ter-que-aprender-a-dancar\/","title":{"rendered":"Lula d\u00e1 o tom e define o ritmo; Bolsonaro vai ter que aprender a dan\u00e7ar"},"content":{"rendered":"\n<figure class=\"wp-block-image size-large\"><img data-recalc-dims=\"1\" loading=\"lazy\" decoding=\"async\" width=\"600\" height=\"434\" data-attachment-id=\"31120\" data-permalink=\"http:\/\/blogdalucianaoliveira.com.br\/blog\/2021\/03\/11\/lula-da-o-tom-e-define-o-ritmo-bolsonaro-vai-ter-que-aprender-a-dancar\/55b7527f-b84c-4c25-a0b8-dc06880bb975\/\" data-orig-file=\"https:\/\/i0.wp.com\/blogdalucianaoliveira.com.br\/blog\/wp-content\/uploads\/2021\/03\/55B7527F-B84C-4C25-A0B8-DC06880BB975.jpeg?fit=828%2C599\" data-orig-size=\"828,599\" data-comments-opened=\"0\" data-image-meta=\"{&quot;aperture&quot;:&quot;0&quot;,&quot;credit&quot;:&quot;&quot;,&quot;camera&quot;:&quot;&quot;,&quot;caption&quot;:&quot;&quot;,&quot;created_timestamp&quot;:&quot;0&quot;,&quot;copyright&quot;:&quot;&quot;,&quot;focal_length&quot;:&quot;0&quot;,&quot;iso&quot;:&quot;0&quot;,&quot;shutter_speed&quot;:&quot;0&quot;,&quot;title&quot;:&quot;&quot;,&quot;orientation&quot;:&quot;1&quot;}\" data-image-title=\"55B7527F-B84C-4C25-A0B8-DC06880BB975\" data-image-description=\"\" data-image-caption=\"\" data-medium-file=\"https:\/\/i0.wp.com\/blogdalucianaoliveira.com.br\/blog\/wp-content\/uploads\/2021\/03\/55B7527F-B84C-4C25-A0B8-DC06880BB975.jpeg?fit=300%2C217\" data-large-file=\"https:\/\/i0.wp.com\/blogdalucianaoliveira.com.br\/blog\/wp-content\/uploads\/2021\/03\/55B7527F-B84C-4C25-A0B8-DC06880BB975.jpeg?fit=600%2C434\" src=\"https:\/\/i0.wp.com\/blogdalucianaoliveira.com.br\/blog\/wp-content\/uploads\/2021\/03\/55B7527F-B84C-4C25-A0B8-DC06880BB975.jpeg?resize=600%2C434\" alt=\"\" class=\"wp-image-31120\" srcset=\"https:\/\/i0.wp.com\/blogdalucianaoliveira.com.br\/blog\/wp-content\/uploads\/2021\/03\/55B7527F-B84C-4C25-A0B8-DC06880BB975.jpeg?w=828 828w, https:\/\/i0.wp.com\/blogdalucianaoliveira.com.br\/blog\/wp-content\/uploads\/2021\/03\/55B7527F-B84C-4C25-A0B8-DC06880BB975.jpeg?resize=300%2C217 300w, https:\/\/i0.wp.com\/blogdalucianaoliveira.com.br\/blog\/wp-content\/uploads\/2021\/03\/55B7527F-B84C-4C25-A0B8-DC06880BB975.jpeg?resize=768%2C556 768w, https:\/\/i0.wp.com\/blogdalucianaoliveira.com.br\/blog\/wp-content\/uploads\/2021\/03\/55B7527F-B84C-4C25-A0B8-DC06880BB975.jpeg?resize=415%2C300 415w\" sizes=\"auto, (max-width: 600px) 100vw, 600px\" \/><\/figure>\n\n\n\n<p>O capit\u00e3o entrou no baile. Hoje dan\u00e7ou no palanquinho do Pal\u00e1cio do Planalto. Depois que o ex-presidente Lula tocou o trombone em S\u00e3o Bernardo do Campo, o candidato \u00e0 reelei\u00e7\u00e3o foi fazer campanha pela vacina que negou aos brasileiros. <br><\/p>\n\n\n\n<!--more-->\n\n\n\n<p><strong>Uol, por Olga Curado<\/strong><br><\/p>\n\n\n\n<p>Mas o capit\u00e3o est\u00e1 fora do ritmo. Trouxe uma lista de datas, de n\u00fameros que n\u00e3o contam a verdade sobre o pa\u00eds. Fez a autoglorifica\u00e7\u00e3o das a\u00e7\u00f5es do seu governo, que n\u00e3o combina com a realidade. Cad\u00ea a vacina, Pazuello?<\/p>\n\n\n\n<p>A fala sincopada, sem flu\u00eancia, do capit\u00e3o, querendo ganhar tempo, \u00e9 a de um sujeito assustado com o baile. Mas a dan\u00e7a come\u00e7ou. Lula subiu no palanque como candidato \u00e0s elei\u00e7\u00f5es de 2022. O roteiro do ex-presidente, defenestrado pela justi\u00e7a aparelhada sob os ausp\u00edcios de Moro e pela indol\u00eancia e coniv\u00eancia das institui\u00e7\u00f5es jur\u00eddicas e do Congresso, impedido de concorrer em 2018, \u00e9 botar luz no que acontece neste momento no pa\u00eds. Precisa de pouca ret\u00f3rica. O descalabro grita por si s\u00f3. A dan\u00e7a ser\u00e1 nas ruas, nas periferias das cidades, nos hospitais. \u00c9 a m\u00fasica do choro dos desalentados, desempregados, enlutados.<\/p>\n\n\n\n<p>O capit\u00e3o vai ter que pular miudinho. N\u00e3o vai poder usar as suas pausas em f\u00e9rias de convescotes com pururucas. N\u00e3o vai bastar a m\u00fasica do coro da plateia do cercadinho de onde governa. Embora castrado, e paradoxalmente imbroch\u00e1vel, o capit\u00e3o precisa mostrar se tem f\u00f4lego tamb\u00e9m. Na fala da contradan\u00e7a, ao discursar nesta quarta-feira, pediu colo \u00e0 m\u00e3e, vacinada, e que n\u00e3o virou jacar\u00e9. Agora diz que vai se vacinar. Copia Lula. Se o capit\u00e3o reformado se arredar da sua cozinha e suspender por alguns momentos o lanche com leite condensado, e der uma voltinha na cidade de Bras\u00edlia, at\u00e9 o HFA, o Hospital das For\u00e7as Armadas, l\u00e1 ver\u00e1 o cont\u00eainer alugado para depositar os mortos que n\u00e3o ter\u00e3o espa\u00e7o na morgue do hospital, que garante a ele e \u00e0 fam\u00edlia, tratamento, cama, mesa e banho. O v\u00e1cuo de poder, de desgoverno, apontado por Lula no seu discurso em S\u00e3o Bernardo, n\u00e3o \u00e9 uma novidade. O Pazuello, que ficou no lugar do Z\u00e9 Gotinha, escondeu todas as doses da vacina, cujos n\u00fameros decrescem a cada dia e desmentem as metas prometidas de imuniza\u00e7\u00e3o. Enquanto isso, crescem as filas dos mortos \u00e0 espera de atendimento, de respiradores, nos hospitais abarrotados. A turma do capit\u00e3o desembarca de volta do passeio em Israel, onde foi buscar um spray milagroso contra a covid-19, que n\u00e3o existe, mas aproveitou para ter aula de como colocar m\u00e1scara.<\/p>\n\n\n\n<p>O ex-deputado federal por 27 anos tenta acompanhar a dan\u00e7a, no ritmo definido por Lula. Cad\u00ea a vacina, Pazuello? O general n\u00e3o d\u00e1 conta e o capit\u00e3o reformado faz uma pirueta e abre a Porta da Esperan\u00e7a: o astronauta-ministro est\u00e1 desenvolvendo uma nova vacina.<\/p>\n\n\n\n<p>E segue o baile. Toca a\u00ed mais um lament\u00e1vel refr\u00e3o. A perda de prest\u00edgio do Brasil no exterior, hoje apontado como p\u00e1ria, celeiro de novas cepas do v\u00edrus que avassala o mundo, gra\u00e7as \u00e0 incapacidade de enfrentar a pandemia. Hoje o Brasil \u00e9 campe\u00e3o. Lidera o n\u00famero di\u00e1rio de mortos pela pandemia em todo o mundo, passando os Estados Unidos, espelho em que se mirou o capit\u00e3o reformado. E segue o baile. N\u00e3o tem emprego, n\u00e3o tem comida, n\u00e3o tem vacina. N\u00e3o tem di\u00e1logo, n\u00e3o tem ci\u00eancia. Mas tem promessa: de mais armas. O capit\u00e3o tem um olhar fixo. Dos que s\u00f3 conseguem enxergar um ponto no grande horizonte. Quer um Brasil farto em armas. Fuzis, escopetas, rifles, rev\u00f3lveres que ir\u00e3o parar nas m\u00e3os das mil\u00edcias das Muzemas, que ir\u00e3o matar outras Marielle. E segue o baile. O capit\u00e3o vai ter que pular miudinho. Vai ter que rebolar para tapar o cheiro das queimadas na Amaz\u00f4nia. E vai ter que rebolar para tapar os ouvidos penetrados pelos uivos dos animais carbonizados no Pantanal e o trotar da boiada do Salles, devastando o meio ambiente. Vai ter que rebolar para n\u00e3o trope\u00e7ar no mundo perplexo com o desgoverno do imbroch\u00e1vel. O negacionista cloroqu\u00ednico, inquilino do Pal\u00e1cio do Planalto, hoje autorizou os seus asseclas a usarem m\u00e1scaras, aquela que o filho dele aprendeu a p\u00f4r na cara em Israel, mas que o papai pro\u00edbe em casa. O capit\u00e3o apregoava, antes do in\u00edcio do baile, que m\u00e1scara n\u00e3o reduz o risco de cont\u00e1gio, que distanciamento social n\u00e3o funciona, e que bom mesmo \u00e9 spray nasal e cloroquina. Vai ter que aprender a dan\u00e7ar. A m\u00fasica da realidade \u00e9 outra.<\/p>\n\n\n\n<p>Segue o baile. A Terra n\u00e3o \u00e9 plana.<\/p>\n","protected":false},"excerpt":{"rendered":"<p>O capit\u00e3o entrou no baile. Hoje dan\u00e7ou no palanquinho do Pal\u00e1cio do Planalto. Depois que o ex-presidente Lula tocou o trombone em S\u00e3o Bernardo do Campo, o candidato \u00e0 reelei\u00e7\u00e3o foi fazer campanha pela vacina que negou aos brasileiros.<\/p>\n","protected":false},"author":1,"featured_media":0,"comment_status":"closed","ping_status":"open","sticky":false,"template":"","format":"standard","meta":{"_exactmetrics_skip_tracking":false,"_exactmetrics_sitenote_active":false,"_exactmetrics_sitenote_note":"","_exactmetrics_sitenote_category":0,"jetpack_post_was_ever_published":false,"_jetpack_newsletter_access":"","_jetpack_dont_email_post_to_subs":false,"_jetpack_newsletter_tier_id":0,"_jetpack_memberships_contains_paywalled_content":false,"_jetpack_memberships_contains_paid_content":false,"footnotes":"","jetpack_publicize_message":"","jetpack_publicize_feature_enabled":true,"jetpack_social_post_already_shared":true,"jetpack_social_options":{"image_generator_settings":{"template":"highway","enabled":false},"version":2}},"categories":[1],"tags":[],"class_list":["post-31119","post","type-post","status-publish","format-standard","hentry","category-notas"],"jetpack_publicize_connections":[],"jetpack_sharing_enabled":true,"jetpack_featured_media_url":"","jetpack_shortlink":"https:\/\/wp.me\/p7wKYW-85V","jetpack-related-posts":[],"_links":{"self":[{"href":"http:\/\/blogdalucianaoliveira.com.br\/blog\/wp-json\/wp\/v2\/posts\/31119","targetHints":{"allow":["GET"]}}],"collection":[{"href":"http:\/\/blogdalucianaoliveira.com.br\/blog\/wp-json\/wp\/v2\/posts"}],"about":[{"href":"http:\/\/blogdalucianaoliveira.com.br\/blog\/wp-json\/wp\/v2\/types\/post"}],"author":[{"embeddable":true,"href":"http:\/\/blogdalucianaoliveira.com.br\/blog\/wp-json\/wp\/v2\/users\/1"}],"replies":[{"embeddable":true,"href":"http:\/\/blogdalucianaoliveira.com.br\/blog\/wp-json\/wp\/v2\/comments?post=31119"}],"version-history":[{"count":1,"href":"http:\/\/blogdalucianaoliveira.com.br\/blog\/wp-json\/wp\/v2\/posts\/31119\/revisions"}],"predecessor-version":[{"id":31121,"href":"http:\/\/blogdalucianaoliveira.com.br\/blog\/wp-json\/wp\/v2\/posts\/31119\/revisions\/31121"}],"wp:attachment":[{"href":"http:\/\/blogdalucianaoliveira.com.br\/blog\/wp-json\/wp\/v2\/media?parent=31119"}],"wp:term":[{"taxonomy":"category","embeddable":true,"href":"http:\/\/blogdalucianaoliveira.com.br\/blog\/wp-json\/wp\/v2\/categories?post=31119"},{"taxonomy":"post_tag","embeddable":true,"href":"http:\/\/blogdalucianaoliveira.com.br\/blog\/wp-json\/wp\/v2\/tags?post=31119"}],"curies":[{"name":"wp","href":"https:\/\/api.w.org\/{rel}","templated":true}]}}