{"id":31124,"date":"2021-03-12T13:04:36","date_gmt":"2021-03-12T17:04:36","guid":{"rendered":"http:\/\/blogdalucianaoliveira.com.br\/blog\/?p=31124"},"modified":"2021-03-12T13:04:39","modified_gmt":"2021-03-12T17:04:39","slug":"bolsonaro-critica-auxilios-dados-por-governadores-durante-a-pandemia","status":"publish","type":"post","link":"http:\/\/blogdalucianaoliveira.com.br\/blog\/2021\/03\/12\/bolsonaro-critica-auxilios-dados-por-governadores-durante-a-pandemia\/","title":{"rendered":"Bolsonaro critica aux\u00edlios dados por governadores durante a pandemia"},"content":{"rendered":"\n<figure class=\"wp-block-image size-large\"><img data-recalc-dims=\"1\" loading=\"lazy\" decoding=\"async\" width=\"600\" height=\"445\" data-attachment-id=\"31125\" data-permalink=\"http:\/\/blogdalucianaoliveira.com.br\/blog\/2021\/03\/12\/bolsonaro-critica-auxilios-dados-por-governadores-durante-a-pandemia\/jairbolsonaro-eduardopazuello-antoniobarratorres-anvisa-braganeto-vacina-mascara-10mar2021\/\" data-orig-file=\"https:\/\/i0.wp.com\/blogdalucianaoliveira.com.br\/blog\/wp-content\/uploads\/2021\/03\/3827173D-A5FB-4FA4-BFD5-82041919A980.jpeg?fit=868%2C644\" data-orig-size=\"868,644\" data-comments-opened=\"0\" data-image-meta=\"{&quot;aperture&quot;:&quot;4&quot;,&quot;credit&quot;:&quot;Sergio Lima&quot;,&quot;camera&quot;:&quot;Canon EOS 5D Mark III&quot;,&quot;caption&quot;:&quot;O presidente Jair Bolsonaro e todos os integrantes do governo usaram m\\u00e1scaras durante um evento organizado no Pal\\u00e1cio do Planalto para sancionar medidas que ampliam a capacidade de aquisi\\u00e7\\u00e3o de vacinas contra a covid-19.S\\u00e9rgio Lima\\\/Poder360 10.03.2021&quot;,&quot;created_timestamp&quot;:&quot;1599223835&quot;,&quot;copyright&quot;:&quot;&quot;,&quot;focal_length&quot;:&quot;300&quot;,&quot;iso&quot;:&quot;4000&quot;,&quot;shutter_speed&quot;:&quot;0.0025&quot;,&quot;title&quot;:&quot;JairBolsonaro-EduardoPazuello-AntonioBarraTorres-ANVISA-BragaNeto-Vacina-Mascara-10Mar2021&quot;,&quot;orientation&quot;:&quot;0&quot;}\" data-image-title=\"JairBolsonaro-EduardoPazuello-AntonioBarraTorres-ANVISA-BragaNeto-Vacina-Mascara-10Mar2021\" data-image-description=\"\" data-image-caption=\"&lt;p&gt;O presidente Jair Bolsonaro e todos os integrantes do governo usaram m\u00e1scaras durante um evento organizado no Pal\u00e1cio do Planalto para sancionar medidas que ampliam a capacidade de aquisi\u00e7\u00e3o de vacinas contra a covid-19.S\u00e9rgio Lima\/Poder360 10.03.2021&lt;\/p&gt;\n\" data-medium-file=\"https:\/\/i0.wp.com\/blogdalucianaoliveira.com.br\/blog\/wp-content\/uploads\/2021\/03\/3827173D-A5FB-4FA4-BFD5-82041919A980.jpeg?fit=300%2C223\" data-large-file=\"https:\/\/i0.wp.com\/blogdalucianaoliveira.com.br\/blog\/wp-content\/uploads\/2021\/03\/3827173D-A5FB-4FA4-BFD5-82041919A980.jpeg?fit=600%2C445\" src=\"https:\/\/i0.wp.com\/blogdalucianaoliveira.com.br\/blog\/wp-content\/uploads\/2021\/03\/3827173D-A5FB-4FA4-BFD5-82041919A980.jpeg?resize=600%2C445\" alt=\"\" class=\"wp-image-31125\" srcset=\"https:\/\/i0.wp.com\/blogdalucianaoliveira.com.br\/blog\/wp-content\/uploads\/2021\/03\/3827173D-A5FB-4FA4-BFD5-82041919A980.jpeg?w=868 868w, https:\/\/i0.wp.com\/blogdalucianaoliveira.com.br\/blog\/wp-content\/uploads\/2021\/03\/3827173D-A5FB-4FA4-BFD5-82041919A980.jpeg?resize=300%2C223 300w, https:\/\/i0.wp.com\/blogdalucianaoliveira.com.br\/blog\/wp-content\/uploads\/2021\/03\/3827173D-A5FB-4FA4-BFD5-82041919A980.jpeg?resize=768%2C570 768w, https:\/\/i0.wp.com\/blogdalucianaoliveira.com.br\/blog\/wp-content\/uploads\/2021\/03\/3827173D-A5FB-4FA4-BFD5-82041919A980.jpeg?resize=404%2C300 404w\" sizes=\"auto, (max-width: 600px) 100vw, 600px\" \/><\/figure>\n\n\n\n<p>Poder 360 &#8211; O presidente Jair Bolsonaro criticou nesta 6\u00aa feira (12.mar.2021) benef\u00edcios dados pelos Estados durante a pandemia de covid-19. Segundo ele, a liberdade da popula\u00e7\u00e3o fica em risco quando mais pessoas vivem\u00a0<em>\u201cde favor\u201d<\/em>\u00a0do Estado.<\/p>\n\n\n\n<!--more-->\n\n\n\n<p><em>\u201cO pessoal vai devagar, devagar, tirando seus meios, tirando sua esperan\u00e7a, tirando teu ganha p\u00e3o. Voc\u00ea passa a ser obrigado a ser sustentado pelo Estado. Voc\u00ea viu que tem governador agora falando em aux\u00edlio emergencial. Eles querem fazer o Bolsa Fam\u00edlia pr\u00f3prio. Quanto mais gente viver de favor do Estado, mais dominado fica esse povo.\u201d<\/em><\/p>\n\n\n\n<p>A fala foi direcionada a apoiadores do presidente dentro do Pal\u00e1cio da Alvorada. Em fevereiro, o governador de S\u00e3o Paulo, Jo\u00e3o Doria (PSDB),&nbsp;<a href=\"http:\/\/poder360.com.br\/economia\/governo-de-sao-paulo-aumenta-valor-do-bolsa-trabalho-de-r-330-para-r-450\/\" target=\"_blank\" rel=\"noreferrer noopener\">anunciou<\/a>&nbsp;o aumento do programa Bolsa Trabalho para R$ 450. O antigo valor era de R$ 330.<\/p>\n\n\n\n<p>A C\u00e2mara dos Deputados concluiu na madrugada desta 6\u00aa feira (11.mar) a vota\u00e7\u00e3o da PEC (proposta de emenda \u00e0 Constitui\u00e7\u00e3o)&nbsp;<a href=\"https:\/\/www.camara.leg.br\/proposicoesWeb\/fichadetramitacao?idProposicao=2272137\">emergencial<\/a>, que j\u00e1 havia&nbsp;<a href=\"https:\/\/www.poder360.com.br\/congresso\/senado-aprova-pec-emergencial-com-r-44-bilhoes-para-auxilio-texto-vai-a-camara\/\" target=\"_blank\" rel=\"noreferrer noopener\">passado pelo Senado<\/a>. O projeto&nbsp;<a href=\"https:\/\/www.poder360.com.br\/economia\/camara-finaliza-votacao-da-pec-emergencial-e-enviara-a-promulgacao\/\" target=\"_blank\" rel=\"noreferrer noopener\">autoriza<\/a>&nbsp;o governo a gastar R$ 44 bilh\u00f5es em uma nova vers\u00e3o do aux\u00edlio emergencial pago a trabalhadores vulner\u00e1veis durante a pandemia. Tamb\u00e9m estipula mecanismos de conten\u00e7\u00e3o de despesas. Leia&nbsp;<a href=\"https:\/\/www.poder360.com.br\/economia\/entenda-o-que-muda-com-a-aprovacao-da-pec-emergencial\/\" target=\"_blank\" rel=\"noreferrer noopener\">aqui<\/a>&nbsp;uma explica\u00e7\u00e3o alentada sobre a PEC.<\/p>\n\n\n\n<p>O novo aux\u00edlio emergencial deve consistir em 4 parcelas com valor m\u00e9dio de R$ 250. A expectativa \u00e9 que seja criado por meio de medida provis\u00f3ria editada na pr\u00f3xima semana.<\/p>\n","protected":false},"excerpt":{"rendered":"<p>Poder 360 &#8211; O presidente Jair Bolsonaro criticou nesta 6\u00aa feira (12.mar.2021) benef\u00edcios dados pelos Estados durante a pandemia de covid-19. Segundo ele, a liberdade da popula\u00e7\u00e3o fica em risco quando mais pessoas vivem\u00a0\u201cde favor\u201d\u00a0do Estado.<\/p>\n","protected":false},"author":1,"featured_media":0,"comment_status":"closed","ping_status":"open","sticky":false,"template":"","format":"standard","meta":{"_exactmetrics_skip_tracking":false,"_exactmetrics_sitenote_active":false,"_exactmetrics_sitenote_note":"","_exactmetrics_sitenote_category":0,"jetpack_post_was_ever_published":false,"_jetpack_newsletter_access":"","_jetpack_dont_email_post_to_subs":false,"_jetpack_newsletter_tier_id":0,"_jetpack_memberships_contains_paywalled_content":false,"_jetpack_memberships_contains_paid_content":false,"footnotes":"","jetpack_publicize_message":"","jetpack_publicize_feature_enabled":true,"jetpack_social_post_already_shared":true,"jetpack_social_options":{"image_generator_settings":{"template":"highway","enabled":false},"version":2}},"categories":[1],"tags":[],"class_list":["post-31124","post","type-post","status-publish","format-standard","hentry","category-notas"],"jetpack_publicize_connections":[],"jetpack_sharing_enabled":true,"jetpack_featured_media_url":"","jetpack_shortlink":"https:\/\/wp.me\/p7wKYW-860","jetpack-related-posts":[],"_links":{"self":[{"href":"http:\/\/blogdalucianaoliveira.com.br\/blog\/wp-json\/wp\/v2\/posts\/31124","targetHints":{"allow":["GET"]}}],"collection":[{"href":"http:\/\/blogdalucianaoliveira.com.br\/blog\/wp-json\/wp\/v2\/posts"}],"about":[{"href":"http:\/\/blogdalucianaoliveira.com.br\/blog\/wp-json\/wp\/v2\/types\/post"}],"author":[{"embeddable":true,"href":"http:\/\/blogdalucianaoliveira.com.br\/blog\/wp-json\/wp\/v2\/users\/1"}],"replies":[{"embeddable":true,"href":"http:\/\/blogdalucianaoliveira.com.br\/blog\/wp-json\/wp\/v2\/comments?post=31124"}],"version-history":[{"count":2,"href":"http:\/\/blogdalucianaoliveira.com.br\/blog\/wp-json\/wp\/v2\/posts\/31124\/revisions"}],"predecessor-version":[{"id":31127,"href":"http:\/\/blogdalucianaoliveira.com.br\/blog\/wp-json\/wp\/v2\/posts\/31124\/revisions\/31127"}],"wp:attachment":[{"href":"http:\/\/blogdalucianaoliveira.com.br\/blog\/wp-json\/wp\/v2\/media?parent=31124"}],"wp:term":[{"taxonomy":"category","embeddable":true,"href":"http:\/\/blogdalucianaoliveira.com.br\/blog\/wp-json\/wp\/v2\/categories?post=31124"},{"taxonomy":"post_tag","embeddable":true,"href":"http:\/\/blogdalucianaoliveira.com.br\/blog\/wp-json\/wp\/v2\/tags?post=31124"}],"curies":[{"name":"wp","href":"https:\/\/api.w.org\/{rel}","templated":true}]}}