{"id":31131,"date":"2021-03-12T13:16:00","date_gmt":"2021-03-12T17:16:00","guid":{"rendered":"http:\/\/blogdalucianaoliveira.com.br\/blog\/?p=31131"},"modified":"2021-03-12T13:16:04","modified_gmt":"2021-03-12T17:16:04","slug":"prefeitura-de-porto-velho-convoca-idosos-com-mais-de-79-anos-a-vacinacao","status":"publish","type":"post","link":"http:\/\/blogdalucianaoliveira.com.br\/blog\/2021\/03\/12\/prefeitura-de-porto-velho-convoca-idosos-com-mais-de-79-anos-a-vacinacao\/","title":{"rendered":"Prefeitura de Porto Velho convoca idosos com mais de 79 anos \u00e0 vacina\u00e7\u00e3o"},"content":{"rendered":"\n<figure class=\"wp-block-image size-large\"><img loading=\"lazy\" decoding=\"async\" width=\"1600\" height=\"1067\" data-attachment-id=\"31132\" data-permalink=\"http:\/\/blogdalucianaoliveira.com.br\/blog\/2021\/03\/12\/prefeitura-de-porto-velho-convoca-idosos-com-mais-de-79-anos-a-vacinacao\/b965dafd-a420-4abe-bfb1-282ad19d1e08\/\" data-orig-file=\"https:\/\/i0.wp.com\/blogdalucianaoliveira.com.br\/blog\/wp-content\/uploads\/2021\/03\/B965DAFD-A420-4ABE-BFB1-282AD19D1E08.jpeg?fit=1600%2C1067\" data-orig-size=\"1600,1067\" data-comments-opened=\"0\" data-image-meta=\"{&quot;aperture&quot;:&quot;0&quot;,&quot;credit&quot;:&quot;&quot;,&quot;camera&quot;:&quot;&quot;,&quot;caption&quot;:&quot;&quot;,&quot;created_timestamp&quot;:&quot;0&quot;,&quot;copyright&quot;:&quot;&quot;,&quot;focal_length&quot;:&quot;0&quot;,&quot;iso&quot;:&quot;0&quot;,&quot;shutter_speed&quot;:&quot;0&quot;,&quot;title&quot;:&quot;&quot;,&quot;orientation&quot;:&quot;0&quot;}\" data-image-title=\"B965DAFD-A420-4ABE-BFB1-282AD19D1E08\" data-image-description=\"\" data-image-caption=\"\" data-medium-file=\"https:\/\/i0.wp.com\/blogdalucianaoliveira.com.br\/blog\/wp-content\/uploads\/2021\/03\/B965DAFD-A420-4ABE-BFB1-282AD19D1E08.jpeg?fit=300%2C200\" data-large-file=\"https:\/\/i0.wp.com\/blogdalucianaoliveira.com.br\/blog\/wp-content\/uploads\/2021\/03\/B965DAFD-A420-4ABE-BFB1-282AD19D1E08.jpeg?fit=600%2C400\" src=\"https:\/\/i2.wp.com\/blogdalucianaoliveira.com.br\/blog\/wp-content\/uploads\/2021\/03\/B965DAFD-A420-4ABE-BFB1-282AD19D1E08.jpeg?fit=600%2C400\" alt=\"\" class=\"wp-image-31132\" srcset=\"https:\/\/i0.wp.com\/blogdalucianaoliveira.com.br\/blog\/wp-content\/uploads\/2021\/03\/B965DAFD-A420-4ABE-BFB1-282AD19D1E08.jpeg?w=1600 1600w, https:\/\/i0.wp.com\/blogdalucianaoliveira.com.br\/blog\/wp-content\/uploads\/2021\/03\/B965DAFD-A420-4ABE-BFB1-282AD19D1E08.jpeg?resize=300%2C200 300w, https:\/\/i0.wp.com\/blogdalucianaoliveira.com.br\/blog\/wp-content\/uploads\/2021\/03\/B965DAFD-A420-4ABE-BFB1-282AD19D1E08.jpeg?resize=1024%2C683 1024w, https:\/\/i0.wp.com\/blogdalucianaoliveira.com.br\/blog\/wp-content\/uploads\/2021\/03\/B965DAFD-A420-4ABE-BFB1-282AD19D1E08.jpeg?resize=768%2C512 768w, https:\/\/i0.wp.com\/blogdalucianaoliveira.com.br\/blog\/wp-content\/uploads\/2021\/03\/B965DAFD-A420-4ABE-BFB1-282AD19D1E08.jpeg?resize=1536%2C1024 1536w, https:\/\/i0.wp.com\/blogdalucianaoliveira.com.br\/blog\/wp-content\/uploads\/2021\/03\/B965DAFD-A420-4ABE-BFB1-282AD19D1E08.jpeg?resize=450%2C300 450w, https:\/\/i0.wp.com\/blogdalucianaoliveira.com.br\/blog\/wp-content\/uploads\/2021\/03\/B965DAFD-A420-4ABE-BFB1-282AD19D1E08.jpeg?w=1200 1200w\" sizes=\"auto, (max-width: 600px) 100vw, 600px\" \/><\/figure>\n\n\n\n<p>Confira locais de vacina\u00e7\u00e3o: <\/p>\n\n\n\n<!--more-->\n\n\n\n<p><strong>Local de Vacina\u00e7\u00e3o: S\u00e3o Lucas Educacional Campus 2 (ANTIGA ULBRA)<\/strong><\/p>\n\n\n\n<p><strong>Endere\u00e7o: Rua Jo\u00e3o Goulart 666 Bairro Mato Grosso, RO, 78950-415&nbsp;<\/strong><\/p>\n\n\n\n<p><strong>Data de Vacina\u00e7\u00e3o: 17, 18 e 19 de Mar\u00e7o 2021<\/strong><\/p>\n\n\n\n<p><a href=\"https:\/\/imuniza.portovelho.ro.gov.br\/agendamentovacina\">REALIZE SEU AGENDAMENTO AQUI<\/a><\/p>\n\n\n\n<p><a href=\"https:\/\/imuniza.portovelho.ro.gov.br\/uploads\/editor\/files\/IMUNIZA\/PASSO%20A%20PASSO%20SISTEMAS%20VACINA%20IDOSOS%2079mais.pdf\">D\u00daVIDAS &#8211; Clique aqui e saiba como realizar o seu agendamento no sistema?<\/a><\/p>\n\n\n\n<p>Leve seus Documentos (RG, CPF, CART\u00c3O SUS e Comprovante de Resid\u00eancia) para CONFER\u00caNCIA no dia da VACINA\u00c7\u00c3O<\/p>\n\n\n\n<p>Cuidado com&nbsp;<strong><em>FAKE NEWS<\/em><\/strong>&nbsp;e fique atento somente nos canais oficiais da Prefeitura para aviso de nova abertura de agendamento!<\/p>\n","protected":false},"excerpt":{"rendered":"<p>Confira locais de vacina\u00e7\u00e3o:<\/p>\n","protected":false},"author":1,"featured_media":0,"comment_status":"closed","ping_status":"open","sticky":false,"template":"","format":"standard","meta":{"_exactmetrics_skip_tracking":false,"_exactmetrics_sitenote_active":false,"_exactmetrics_sitenote_note":"","_exactmetrics_sitenote_category":0,"jetpack_post_was_ever_published":false,"_jetpack_newsletter_access":"","_jetpack_dont_email_post_to_subs":false,"_jetpack_newsletter_tier_id":0,"_jetpack_memberships_contains_paywalled_content":false,"_jetpack_memberships_contains_paid_content":false,"footnotes":"","jetpack_publicize_message":"","jetpack_publicize_feature_enabled":true,"jetpack_social_post_already_shared":true,"jetpack_social_options":{"image_generator_settings":{"template":"highway","enabled":false},"version":2}},"categories":[1],"tags":[],"class_list":["post-31131","post","type-post","status-publish","format-standard","hentry","category-notas"],"jetpack_publicize_connections":[],"jetpack_sharing_enabled":true,"jetpack_featured_media_url":"","jetpack_shortlink":"https:\/\/wp.me\/p7wKYW-867","jetpack-related-posts":[],"_links":{"self":[{"href":"http:\/\/blogdalucianaoliveira.com.br\/blog\/wp-json\/wp\/v2\/posts\/31131","targetHints":{"allow":["GET"]}}],"collection":[{"href":"http:\/\/blogdalucianaoliveira.com.br\/blog\/wp-json\/wp\/v2\/posts"}],"about":[{"href":"http:\/\/blogdalucianaoliveira.com.br\/blog\/wp-json\/wp\/v2\/types\/post"}],"author":[{"embeddable":true,"href":"http:\/\/blogdalucianaoliveira.com.br\/blog\/wp-json\/wp\/v2\/users\/1"}],"replies":[{"embeddable":true,"href":"http:\/\/blogdalucianaoliveira.com.br\/blog\/wp-json\/wp\/v2\/comments?post=31131"}],"version-history":[{"count":1,"href":"http:\/\/blogdalucianaoliveira.com.br\/blog\/wp-json\/wp\/v2\/posts\/31131\/revisions"}],"predecessor-version":[{"id":31133,"href":"http:\/\/blogdalucianaoliveira.com.br\/blog\/wp-json\/wp\/v2\/posts\/31131\/revisions\/31133"}],"wp:attachment":[{"href":"http:\/\/blogdalucianaoliveira.com.br\/blog\/wp-json\/wp\/v2\/media?parent=31131"}],"wp:term":[{"taxonomy":"category","embeddable":true,"href":"http:\/\/blogdalucianaoliveira.com.br\/blog\/wp-json\/wp\/v2\/categories?post=31131"},{"taxonomy":"post_tag","embeddable":true,"href":"http:\/\/blogdalucianaoliveira.com.br\/blog\/wp-json\/wp\/v2\/tags?post=31131"}],"curies":[{"name":"wp","href":"https:\/\/api.w.org\/{rel}","templated":true}]}}